{"id":50345,"date":"2025-10-01T08:29:11","date_gmt":"2025-10-01T08:29:11","guid":{"rendered":"https:\/\/www.europesays.com\/fi\/50345\/"},"modified":"2025-10-01T08:29:11","modified_gmt":"2025-10-01T08:29:11","slug":"jonna-mielonen-otti-35-000-euroa-lainaa-nayttaakseen-rikkaalta-sitten-vastaan-tuli-pipopainen-mies","status":"publish","type":"post","link":"https:\/\/www.europesays.com\/fi\/50345\/","title":{"rendered":"Jonna Mielonen otti 35 000 euroa lainaa n\u00e4ytt\u00e4\u00e4kseen rikkaalta \u2013 Sitten vastaan tuli pipop\u00e4inen mies"},"content":{"rendered":"<p>Merkkivaatteet ja meikit ovat vaihtuneet Jonna Mielosen el\u00e4m\u00e4ss\u00e4 mets\u00e4retkiin ja hitaisiin aamuihin perheen kanssa. Aiemmin kaiken piti vaikuttaa ulosp\u00e4in hyv\u00e4lt\u00e4, vaikka se tarkoitti yli varojen el\u00e4mist\u00e4.<\/p>\n<p><img decoding=\"async\" class=\"image image-show image-preview\" src=\"https:\/\/www.europesays.com\/fi\/wp-content\/uploads\/2025\/10\/1aa720eaf1a570b24df5428fbf508fa64b9ef65edc5f5d6b273ef4cceb7f4148.jpg\" alt=\"\"\/><img decoding=\"async\" class=\"image image-show\" src=\"https:\/\/www.europesays.com\/fi\/wp-content\/uploads\/2025\/10\/1759307351_678_1aa720eaf1a570b24df5428fbf508fa64b9ef65edc5f5d6b273ef4cceb7f4148.jpg\" alt=\"\"\/><\/p>\n<p>Ennen Jonna halusi, ett\u00e4 kaikki olisi viimeisen p\u00e4\u00e4lle.  Jonna Mielonen<\/p>\n<p class=\"paragraph\">Ennen <strong>Jonna Mieloselle<\/strong> luksusta olivat laitetut kynnet ja ripset, merkkivaatteet ja y\u00f6kerhoissa n\u00e4ytt\u00e4ytyminen. Nykyisin on aivan toisin.<\/p>\n<p class=\"paragraph\">Jonnalle on luksusta se, jos h\u00e4n voi l\u00e4hte\u00e4 perheens\u00e4 kanssa kalastamaan tai mets\u00e4\u00e4n sienest\u00e4m\u00e4\u00e4n.<\/p>\n<p class=\"paragraph\">\u2013 Ennen minua on kutsuttu pintaliit\u00e4j\u00e4ksi tai kermaperseeksi. T\u00e4n\u00e4 p\u00e4iv\u00e4n\u00e4 kuljen ihan miss\u00e4 tahansa ilman meikki\u00e4, enk\u00e4 ole meikannut yli vuoteen. Nykyisin minulla on mama-look, hiukset sotkuisesti ja rennot vaatteet.<\/p>\n<p class=\"paragraph\">Arjen ylellisyytt\u00e4 on se, kun Jonna ja h\u00e4nen lapsensa her\u00e4\u00e4v\u00e4t. Jonna keitt\u00e4\u00e4 aamukahvit ja perhe sy\u00f6 aamupalan yhdess\u00e4, ennen kuin Jonnan mies <strong>Joni<\/strong> l\u00e4htee t\u00f6ihin. Ravintolayritt\u00e4j\u00e4n aikataulut ovat vaihtelevia.<\/p>\n<p class=\"paragraph\">Parhaimpia ovat ne aamut, kun t\u00f6ihin ei tarvitse l\u00e4hte\u00e4 kuin vasta puoliltap\u00e4ivin. Silloin perhe saa koko aamun yhdess\u00e4.<\/p>\n<p>Ep\u00e4varmuuden peittely\u00e4<\/p>\n<p class=\"paragraph\">Ennen kaiken piti n\u00e4ytt\u00e4\u00e4 hyv\u00e4lt\u00e4. Jonna t\u00e4ytti el\u00e4m\u00e4ns\u00e4 luksuksella, vaikka se tarkoittikin varojen yli el\u00e4mist\u00e4.<\/p>\n<p class=\"paragraph\">Jonna on puhunut aiemmin sairastamastaan skitsoaffektiivisesta h\u00e4iri\u00f6st\u00e4. H\u00e4iri\u00f6st\u00e4 on kolme muotoa: maaninen, masennusoireinen ja sekamuotoinen muoto. Maniaan liittyy muun muassa impulsiivisuuden lis\u00e4\u00e4ntyminen, joka voi n\u00e4ky\u00e4 my\u00f6s rahan k\u00e4yt\u00f6ss\u00e4.<\/p>\n<p>\u2013 Elin high life\u00e4. Minulla oli pakkomielle siihen, ett\u00e4 kaiken piti olla viimeisen p\u00e4\u00e4lle. Somenkin piti olla tietynlainen. Annoin siell\u00e4 ymm\u00e4rt\u00e4\u00e4, ett\u00e4 el\u00e4m\u00e4ni olisi hienoa, vaikkei niin todellisuudessa ollut. <\/p>\n<p>Jonna tunnistaa nyt, ett\u00e4 peitti hymyn ja ylellisyyden takana omia huonoja kokemuksiaan. H\u00e4n peitti ep\u00e4varmuuttaan sill\u00e4, ett\u00e4 korosti ulosp\u00e4in kaiken olevan hyvin. <\/p>\n<p>\u2013 Olin huonossa ihmissuhteessa, jossa minua painettiin alasp\u00e4in. Halusin peitt\u00e4\u00e4 ep\u00e4varmuuttani ulkon\u00e4\u00f6llisill\u00e4 jutuilla, kuten ripsill\u00e4, meikeill\u00e4, kynsill\u00e4 ja merkkivaatteilla. Halusin saada kehuja niiden kautta.<\/p>\n<p>Valloittava aura<\/p>\n<p class=\"paragraph\">Jonnan ja Jonin tiet kohtasivat vuonna 2018, kun Jonna oli promoottorina lahtelaisessa Jackalope-y\u00f6kerhossa. Joni on muusikko ja yksi noin kymmenest\u00e4 artistista, jotka olivat tulossa keikalle samana iltana.<\/p>\n<p class=\"paragraph\">\u2013 Tulin paikalle, kun ravintola oli viel\u00e4 suljettu ja kun artistit tekiv\u00e4t viel\u00e4 soundchecki\u00e4. Bongasin Jonin ja sanoin k\u00e4tt\u00e4p\u00e4iv\u00e4\u00e4 h\u00e4nelle. H\u00e4nkin esitteli itsens\u00e4 ja vastasin, ett\u00e4 tied\u00e4n kyll\u00e4, kuka h\u00e4n oli. Se teki h\u00e4neen vaikutuksen.<\/p>\n<p class=\"paragraph\">Se oli rakkautta ensisilm\u00e4yksell\u00e4, Jonna kertoo. Aura Jonin ymp\u00e4rill\u00e4 oli niin valloittava.<\/p>\n<p class=\"paragraph\">\u2013 Jonilla oli pipo p\u00e4\u00e4ss\u00e4\u00e4n niin, ettei se peitt\u00e4nyt h\u00e4nen korviaan. Se oli mielest\u00e4ni todella suloista.<\/p>\n<p class=\"paragraph\">Jonna seurusteli tuolloin viel\u00e4 silloisen kumppaninsa kanssa. Suhde oli kuitenkin tullut p\u00e4\u00e4t\u00f6kseen, mutta sen lopettamisesta ei ollut viel\u00e4 tehty lopullista ratkaisua. Jonin tapaaminen sai Jonnan toimimaan. H\u00e4n halusi tavata pipop\u00e4isen muusikon uudestaan ja tutustua h\u00e4neen paremmin.<\/p>\n<p>Ensimm\u00e4inen y\u00f6 yhdess\u00e4<\/p>\n<p class=\"paragraph\">Kaksi kuukautta ensitapaamisesta kaksikko n\u00e4ki uudelleen. He l\u00e4htiv\u00e4t yhdess\u00e4 Helsinkiin katsomaan keikkaa. Jonna asui Lahdessa ja Joni Porvoossa. Jonna tuli ensin Porvooseen, josta matka jatkui Jonin autolla p\u00e4\u00e4kaupunkiin.<\/p>\n<p class=\"paragraph\">Kaksikko j\u00e4tti auton parkkihalliin, muttei tajunnut ottaa huomioon sit\u00e4, ett\u00e4 parkkihalli sulkeutuisi ennen kuin keikka loppuisi.<\/p>\n<p class=\"paragraph\">Konsertin loputtua edess\u00e4 oli vaikea paikka: mit\u00e4 tehd\u00e4 ja minne menn\u00e4 y\u00f6ksi.<\/p>\n<p class=\"paragraph\">\u2013 Porvooseen oli lyhyempi matka kuin Lahteen, joten otimme taksin ja menimme yhdess\u00e4 Jonin asunnolle.<\/p>\n<p class=\"paragraph\">Joni tarjosi Jonnalle mahdollisuuden nukkua yksin omassa huoneessaan.<\/p>\n<p class=\"paragraph\">\u2013 Maalaistalo oli kuitenkin minun makuuni pelottava. Menin Jonin luokse ja sanoin, etten uskaltanut nukkua yksin. Kysyin, voisinko tulla h\u00e4nen viereens\u00e4. Puhuimme sitten koko y\u00f6n ja kerroimme toisillemme el\u00e4m\u00e4ntarinamme.<\/p>\n<p class=\"paragraph\">Puoli vuotta my\u00f6hemmin Joni muutti Jonnan luokse Lahteen. Pariskunta on py\u00f6ritt\u00e4nyt Lahden keskustassa sijaitsevaa, alun perin Jonnan vanhempien perustamaa, thairavintolaa nyt kolmatta vuotta. Parilla on lapsi, joka on pian puolitoistavuotias.<\/p>\n<p>Jonna kertoo, ett\u00e4 laittautuminen on vaihtunut nyt rennompaan \u201dmama-lookiin\u201d. Jonna Mielonen<\/p>\n<p>Uudenlaisia nautintoja<\/p>\n<p class=\"paragraph\">Jonna kokee, ett\u00e4 on oppinut paljon suhteessa ja suhteen aikana.<\/p>\n<p class=\"paragraph\">\u2013 Joni on lojaali ihminen ja on opettanut minuakin arvostamaan enemm\u00e4n muita. Aiemmin minun oli vaikea hahmottaa, mik\u00e4 on oikein ja mik\u00e4 v\u00e4\u00e4rin, ja saatoin siksi satuttaa l\u00e4heisi\u00e4ni.<\/p>\n<p class=\"paragraph\">Suhde on mahdollistanut my\u00f6s itsetutkiskelun, jonka avulla Jonna on muun muassa k\u00e4sitellyt aiempia traumojaan.<\/p>\n<p class=\"paragraph\">H\u00e4n on my\u00f6s l\u00f6yt\u00e4nyt uusia, erilaisia nautintoja el\u00e4m\u00e4\u00e4ns\u00e4. Jonnaan on syttynyt kiinnostus terveellisi\u00e4 elintapoja ja hyv\u00e4\u00e4, puhdasta ruokaa kohtaan. Baareissa ja y\u00f6kerhoissa ajan viett\u00e4minen ja somen selaaminen ovat korvautuneet luonnossa liikkumisella ja lukemisella.<\/p>\n<p class=\"paragraph\">\u2013 Olen vasta aikuisi\u00e4ll\u00e4 lukenut el\u00e4m\u00e4ni ensimm\u00e4isen kirjan alusta loppuun. Se oli <strong>Eckhart Tollen<\/strong> L\u00e4sn\u00e4olon voima.<\/p>\n<p>Vahva side ja luottamus<\/p>\n<p class=\"paragraph\">Luksusel\u00e4m\u00e4n tavoittelu oli Jonnalle my\u00f6s taloudellisesti haitallista.<\/p>\n<p class=\"paragraph\">Vanhemmat olivat kyll\u00e4 yritt\u00e4neet opettaa, ettei raha kasva puussa, Jonna kertoo. Vasta Jonin kanssa h\u00e4n on kuitenkin sis\u00e4ist\u00e4nyt, mit\u00e4 omien varojen mukaan el\u00e4minen oikeasti tarkoittaa.<\/p>\n<p class=\"paragraph\">\u2013 Aikaisemmassa el\u00e4m\u00e4ss\u00e4 otin yhteens\u00e4 35\u202f000 euroa pikavippi\u00e4 ja lainaa. Nyt olen saanut maksettua suurimman osan jo pois.<\/p>\n<p class=\"paragraph\">Jonna kokee, ettei h\u00e4nen tarvitse esitt\u00e4\u00e4 nykyisess\u00e4 suhteessaan mit\u00e4\u00e4n. H\u00e4nen ei tarvitse peitell\u00e4 pahaa oloaan, jos sellainen iskee. Jos jokin ei ole hyvin, siit\u00e4 voidaan keskustella, jonka j\u00e4lkeen pari pystyy jatkamaan eteenp\u00e4in.<\/p>\n<p class=\"paragraph\">\u2013 V\u00e4lill\u00e4mme on vahva side ja luottamus. Minulla on luja usko meihin pariskuntana ja siihen, ett\u00e4 tulemme olemaan aina yhdess\u00e4, k\u00e4vi miten k\u00e4vi.<\/p>\n","protected":false},"excerpt":{"rendered":"Merkkivaatteet ja meikit ovat vaihtuneet Jonna Mielosen el\u00e4m\u00e4ss\u00e4 mets\u00e4retkiin ja hitaisiin aamuihin perheen kanssa. Aiemmin kaiken piti vaikuttaa&hellip;\n","protected":false},"author":2,"featured_media":50346,"comment_status":"","ping_status":"","sticky":false,"template":"","format":"standard","meta":{"footnotes":""},"categories":[136],"tags":[407,137,33,31,30,101,408,1390,99,98,32,109],"class_list":{"0":"post-50345","1":"post","2":"type-post","3":"status-publish","4":"format-standard","5":"has-post-thumbnail","7":"category-julkkikset","8":"tag-celebrities","9":"tag-entertainment","10":"tag-fi","11":"tag-finland","12":"tag-finnish","13":"tag-ihmissuhteet","14":"tag-julkkikset","15":"tag-kuukausi","16":"tag-lapset","17":"tag-perhe","18":"tag-suomi","19":"tag-viihde"},"share_on_mastodon":{"url":"","error":""},"_links":{"self":[{"href":"https:\/\/www.europesays.com\/fi\/wp-json\/wp\/v2\/posts\/50345","targetHints":{"allow":["GET"]}}],"collection":[{"href":"https:\/\/www.europesays.com\/fi\/wp-json\/wp\/v2\/posts"}],"about":[{"href":"https:\/\/www.europesays.com\/fi\/wp-json\/wp\/v2\/types\/post"}],"author":[{"embeddable":true,"href":"https:\/\/www.europesays.com\/fi\/wp-json\/wp\/v2\/users\/2"}],"replies":[{"embeddable":true,"href":"https:\/\/www.europesays.com\/fi\/wp-json\/wp\/v2\/comments?post=50345"}],"version-history":[{"count":0,"href":"https:\/\/www.europesays.com\/fi\/wp-json\/wp\/v2\/posts\/50345\/revisions"}],"wp:featuredmedia":[{"embeddable":true,"href":"https:\/\/www.europesays.com\/fi\/wp-json\/wp\/v2\/media\/50346"}],"wp:attachment":[{"href":"https:\/\/www.europesays.com\/fi\/wp-json\/wp\/v2\/media?parent=50345"}],"wp:term":[{"taxonomy":"category","embeddable":true,"href":"https:\/\/www.europesays.com\/fi\/wp-json\/wp\/v2\/categories?post=50345"},{"taxonomy":"post_tag","embeddable":true,"href":"https:\/\/www.europesays.com\/fi\/wp-json\/wp\/v2\/tags?post=50345"}],"curies":[{"name":"wp","href":"https:\/\/api.w.org\/{rel}","templated":true}]}}