{"id":50359,"date":"2025-10-01T08:43:10","date_gmt":"2025-10-01T08:43:10","guid":{"rendered":"https:\/\/www.europesays.com\/fi\/50359\/"},"modified":"2025-10-01T08:43:10","modified_gmt":"2025-10-01T08:43:10","slug":"venaja-vastaa-nyt-maailmanrauhasta","status":"publish","type":"post","link":"https:\/\/www.europesays.com\/fi\/50359\/","title":{"rendered":"Ven\u00e4j\u00e4 vastaa nyt maailmanrauhasta"},"content":{"rendered":"<p>Ven\u00e4j\u00e4 otti vastaan YK:n turvallisuusneuvoston kiert\u00e4v\u00e4n puheenjohtajuuden.<\/p>\n<p><img decoding=\"async\" class=\"image image-show image-preview\" src=\"https:\/\/www.europesays.com\/fi\/wp-content\/uploads\/2025\/10\/64a6308091b429c92595a69ecf0796b8304655757c8b5d5decd64dd4d92e7076.jpg\" alt=\"\"\/><img decoding=\"async\" class=\"image image-show\" src=\"https:\/\/www.europesays.com\/fi\/wp-content\/uploads\/2025\/10\/1759308190_686_64a6308091b429c92595a69ecf0796b8304655757c8b5d5decd64dd4d92e7076.jpg\" alt=\"\"\/><\/p>\n<p>YK:n turvallisuusneuvoston kokous huhtikuussa 2024. ZumaWire \/ MVPHOTOS, Kyodonews via ZUMA Press<\/p>\n<p class=\"paragraph\">Hy\u00f6kk\u00e4yssotaa k\u00e4yv\u00e4 Ven\u00e4j\u00e4 toimii lokakuun ensimm\u00e4isest\u00e4 p\u00e4iv\u00e4st\u00e4 l\u00e4htien alkaen YK:n turvallisuusneuvoston puheenjohtajana.<\/p>\n<p class=\"paragraph\">Puheenjohtajuus kiert\u00e4\u00e4 neuvoston j\u00e4senten kesken ja vaihtuu kuukausittain.<\/p>\n<p class=\"paragraph\">YK:n turvallisuusneuvostossa on viisi pysyv\u00e4\u00e4 ja kymmenen vaihtuvaa j\u00e4senmaata. Pysyvi\u00e4 j\u00e4seni\u00e4 ovat Ven\u00e4j\u00e4, Yhdysvallat, Britannia, Ranska ja Kiina. Vain pysyvill\u00e4 j\u00e4senmailla on veto-oikeus turvallisuusneuvoston p\u00e4\u00e4t\u00f6ksiin.<\/p>\n<p class=\"paragraph\">Edellisen kerran Ven\u00e4j\u00e4 oli puheenjohtajana hein\u00e4kuussa 2024.<\/p>\n<p class=\"paragraph\">Ukraina on useasti vaatinut Ven\u00e4j\u00e4n sulkemista pois turvallisuusneuvoston istunnoista sek\u00e4 Ven\u00e4j\u00e4n pysyv\u00e4n j\u00e4senyyden peruuttamista.<\/p>\n<p class=\"paragraph\">YK:n peruskirjan mukaan turvallisuusneuvosto on ensisijaisessa vastuussa maailman rauhan ja turvallisuuden suojelemisesta.<\/p>\n<p class=\"paragraph\">Viime viikon maanantaina YK:n turvallisuusneuvosto kokoontui Viron kutsusta h\u00e4t\u00e4kokoukseen k\u00e4sittelem\u00e4\u00e4n Ven\u00e4j\u00e4n tekem\u00e4\u00e4 ilmatilaloukkausta.<\/p>\n","protected":false},"excerpt":{"rendered":"Ven\u00e4j\u00e4 otti vastaan YK:n turvallisuusneuvoston kiert\u00e4v\u00e4n puheenjohtajuuden. YK:n turvallisuusneuvoston kokous huhtikuussa 2024. ZumaWire \/ MVPHOTOS, Kyodonews via ZUMA&hellip;\n","protected":false},"author":2,"featured_media":50360,"comment_status":"","ping_status":"","sticky":false,"template":"","format":"standard","meta":{"footnotes":""},"categories":[5],"tags":[35,22,23,26,27,33,31,30,17,70,5679,2260,24,25,28,29,15,18,21,637,32,19,20,4385,16],"class_list":{"0":"post-50359","1":"post","2":"type-post","3":"status-publish","4":"format-standard","5":"has-post-thumbnail","7":"category-otsikot","8":"tag-24h","9":"tag-breaking-news","10":"tag-breakingnews","11":"tag-featured-news","12":"tag-featurednews","13":"tag-fi","14":"tag-finland","15":"tag-finnish","16":"tag-headlines","17":"tag-kansainvalinen-politiikka","18":"tag-kansainvaliset-organisaatiot-ja-sopimukset","19":"tag-kansainvalisyys","20":"tag-latest-news","21":"tag-latestnews","22":"tag-main-news","23":"tag-mainnews","24":"tag-news","25":"tag-otsikot","26":"tag-paauutiset","27":"tag-politiikka","28":"tag-suomi","29":"tag-top-stories","30":"tag-topstories","31":"tag-ulkopolitiikka-ja-kansainvalinen-politiikka","32":"tag-uutiset"},"share_on_mastodon":{"url":"","error":""},"_links":{"self":[{"href":"https:\/\/www.europesays.com\/fi\/wp-json\/wp\/v2\/posts\/50359","targetHints":{"allow":["GET"]}}],"collection":[{"href":"https:\/\/www.europesays.com\/fi\/wp-json\/wp\/v2\/posts"}],"about":[{"href":"https:\/\/www.europesays.com\/fi\/wp-json\/wp\/v2\/types\/post"}],"author":[{"embeddable":true,"href":"https:\/\/www.europesays.com\/fi\/wp-json\/wp\/v2\/users\/2"}],"replies":[{"embeddable":true,"href":"https:\/\/www.europesays.com\/fi\/wp-json\/wp\/v2\/comments?post=50359"}],"version-history":[{"count":0,"href":"https:\/\/www.europesays.com\/fi\/wp-json\/wp\/v2\/posts\/50359\/revisions"}],"wp:featuredmedia":[{"embeddable":true,"href":"https:\/\/www.europesays.com\/fi\/wp-json\/wp\/v2\/media\/50360"}],"wp:attachment":[{"href":"https:\/\/www.europesays.com\/fi\/wp-json\/wp\/v2\/media?parent=50359"}],"wp:term":[{"taxonomy":"category","embeddable":true,"href":"https:\/\/www.europesays.com\/fi\/wp-json\/wp\/v2\/categories?post=50359"},{"taxonomy":"post_tag","embeddable":true,"href":"https:\/\/www.europesays.com\/fi\/wp-json\/wp\/v2\/tags?post=50359"}],"curies":[{"name":"wp","href":"https:\/\/api.w.org\/{rel}","templated":true}]}}