{"id":50361,"date":"2025-10-01T08:55:08","date_gmt":"2025-10-01T08:55:08","guid":{"rendered":"https:\/\/www.europesays.com\/fi\/50361\/"},"modified":"2025-10-01T08:55:08","modified_gmt":"2025-10-01T08:55:08","slug":"jasmin-voutilainen-haki-apua-vain-tunteja-ennen-kuolemaansa-20-minuutin-puhelu","status":"publish","type":"post","link":"https:\/\/www.europesays.com\/fi\/50361\/","title":{"rendered":"Jasmin Voutilainen haki apua vain tunteja ennen kuolemaansa \u2013 20 minuutin puhelu"},"content":{"rendered":"<p>Jasmin Voutilaisen \u00e4iti kertoo tytt\u00e4rens\u00e4 kuolemasta uudessa podcastissa.<\/p>\n<p><img decoding=\"async\" class=\"image image-show image-preview\" src=\"https:\/\/www.europesays.com\/fi\/wp-content\/uploads\/2025\/10\/5c9267a31ecb263c07b2256528e8903e2d01e5fb58ea287a0f5da182dc66cd75.jpg\" alt=\"\"\/><img decoding=\"async\" class=\"image image-show\" src=\"https:\/\/www.europesays.com\/fi\/wp-content\/uploads\/2025\/10\/1759308908_143_5c9267a31ecb263c07b2256528e8903e2d01e5fb58ea287a0f5da182dc66cd75.jpg\" alt=\"\"\/><\/p>\n<p>Jasmin Voutilainen soitti auttavaan puhelimeen hetki ennen kuolemaansa. Tiia Heiskanen<\/p>\n<p class=\"paragraph\">N\u00e4yttelij\u00e4 <a href=\"https:\/\/www.iltalehti.fi\/henkilot\/Jasmin Voutilainen\" class=\"article-link-person-page\" rel=\"nofollow noopener\" target=\"_blank\">Jasmin Voutilaisen<\/a> viimeisist\u00e4 hetkist\u00e4 selvi\u00e4\u00e4 uutta tietoa Ylen uudessa <a href=\"https:\/\/areena.yle.fi\/1-76071423\" rel=\"noopener nofollow\" target=\"_blank\">Mit\u00e4 tapahtui Jasminille? -podcastissa<\/a>. Sarjan seitsem\u00e4n jaksoa on julkaistu Yle Areenaan t\u00e4n\u00e4\u00e4n.<\/p>\n<p class=\"paragraph\">Podcastissa kerrotaan, kuinka Voutilainen halusi sinnikk\u00e4\u00e4sti eroon p\u00e4ihdekoukusta. P\u00e4ihdevieroituksen aikana Voutilaiselle annettiin apteekista kuitenkin liikaa l\u00e4\u00e4kkeit\u00e4. Voutilainen ei pystynyt kontrolloimaan l\u00e4\u00e4kkeiden ottamista ja otti kaikki l\u00e4\u00e4kkeet kerralla. Hoitosuhde katkaistiin, koska t\u00e4m\u00e4 oli hoitosuunnitelman vastaista.<\/p>\n<p class=\"paragraph\">Maaliskuun puoliv\u00e4liss\u00e4 2023 Voutilainen yritti hakea p\u00e4ihdeklinikalta apua. Voutilaisen Katri-\u00e4idin mukaan soittopyynt\u00f6 otettiin yl\u00f6s, mutta siihen ei ehditty vastata ajoissa.<\/p>\n<p class=\"paragraph\">17. maaliskuuta 2023 Voutilainen soitti auttavaan puhelimeen. Lokitietojen perusteella h\u00e4n puhui terapeutin kanssa 20 minuutin ajan.<\/p>\n<p class=\"paragraph\">Saman p\u00e4iv\u00e4n iltana Voutilainen teki itsemurhan.<\/p>\n<p class=\"paragraph\">\u2013 Kello oli puoli yksi y\u00f6ll\u00e4 soi ovikello, siell\u00e4 oli kaksi naispoliisia, joilla oli Jasminin keng\u00e4t ja laukku. Silloin arvasin. Sanoin, ett\u00e4 ei kai Jasmin ole kuollut, Voutilaisen \u00e4iti muistelee podcastissa.<\/p>\n<p class=\"paragraph\">\u00c4iti soitti my\u00f6s Voutilaisen is\u00e4lle ja veljelle. Seuraavana aamuna tieto saavutti my\u00f6s Voutilaisen yst\u00e4v\u00e4n <strong>Laura Monosen<\/strong>.<\/p>\n<p class=\"paragraph\">\u2013 Huusin ja itkin ja l\u00e4hdin k\u00e4velem\u00e4\u00e4n ulos. Istuin asfaltilla ja itkin, Mononen kertoo.<\/p>\n<p class=\"paragraph\">Podcastissa kerrotaan my\u00f6s, ett\u00e4 Voutilaisen ep\u00e4ill\u00e4\u00e4n joutuneen raiskauksen yrityksen ja pahoinpitelyn uhriksi noin vuorokausi ennen kuolemaansa.<\/p>\n<p class=\"paragraph\">Iltalehden tietojen mukaan asiasta on nostettu syytteet. Syytt\u00e4j\u00e4 vaatii ep\u00e4illylle henkil\u00f6lle vankeusrangaistusta.<\/p>\n<p class=\"paragraph\">Ep\u00e4ilty tekij\u00e4 on podcastin mukaan Voutilaisen seuraan ravintolassa hakeutunut mies. Ylen mukaan mies kiist\u00e4\u00e4 syytteet.<\/p>\n<p class=\"paragraph\">Asiaa on Iltalehden tietojen mukaan tarkoitus k\u00e4sitell\u00e4 oikeudessa maaliskuussa 2026.<\/p>\n<p class=\"paragraph\">\u00c4l\u00e4 j\u00e4\u00e4 yksin! Mielenterveysongelmiin ja itsetuhoisiin ajatuksiin on saatavilla kattavasti tukea. Tietoa tukipalveluista puhelimitse, verkossa ja kasvokkain <a href=\"https:\/\/www.iltalehti.fi\/terveysuutiset\/201806102200998639\" rel=\"nofollow noopener\" target=\"_blank\">l\u00f6yd\u00e4t t\u00e4\u00e4lt\u00e4<\/a>.<\/p>\n","protected":false},"excerpt":{"rendered":"Jasmin Voutilaisen \u00e4iti kertoo tytt\u00e4rens\u00e4 kuolemasta uudessa podcastissa. Jasmin Voutilainen soitti auttavaan puhelimeen hetki ennen kuolemaansa. Tiia Heiskanen&hellip;\n","protected":false},"author":2,"featured_media":50362,"comment_status":"","ping_status":"","sticky":false,"template":"","format":"standard","meta":{"footnotes":""},"categories":[136],"tags":[35,407,137,33,31,30,408,700,99,100,694,98,32,109],"class_list":{"0":"post-50361","1":"post","2":"type-post","3":"status-publish","4":"format-standard","5":"has-post-thumbnail","7":"category-julkkikset","8":"tag-24h","9":"tag-celebrities","10":"tag-entertainment","11":"tag-fi","12":"tag-finland","13":"tag-finnish","14":"tag-julkkikset","15":"tag-laakkeet-ja-paihteet","16":"tag-lapset","17":"tag-lapset-ja-nuoret","18":"tag-paihteet","19":"tag-perhe","20":"tag-suomi","21":"tag-viihde"},"share_on_mastodon":{"url":"","error":""},"_links":{"self":[{"href":"https:\/\/www.europesays.com\/fi\/wp-json\/wp\/v2\/posts\/50361","targetHints":{"allow":["GET"]}}],"collection":[{"href":"https:\/\/www.europesays.com\/fi\/wp-json\/wp\/v2\/posts"}],"about":[{"href":"https:\/\/www.europesays.com\/fi\/wp-json\/wp\/v2\/types\/post"}],"author":[{"embeddable":true,"href":"https:\/\/www.europesays.com\/fi\/wp-json\/wp\/v2\/users\/2"}],"replies":[{"embeddable":true,"href":"https:\/\/www.europesays.com\/fi\/wp-json\/wp\/v2\/comments?post=50361"}],"version-history":[{"count":0,"href":"https:\/\/www.europesays.com\/fi\/wp-json\/wp\/v2\/posts\/50361\/revisions"}],"wp:featuredmedia":[{"embeddable":true,"href":"https:\/\/www.europesays.com\/fi\/wp-json\/wp\/v2\/media\/50362"}],"wp:attachment":[{"href":"https:\/\/www.europesays.com\/fi\/wp-json\/wp\/v2\/media?parent=50361"}],"wp:term":[{"taxonomy":"category","embeddable":true,"href":"https:\/\/www.europesays.com\/fi\/wp-json\/wp\/v2\/categories?post=50361"},{"taxonomy":"post_tag","embeddable":true,"href":"https:\/\/www.europesays.com\/fi\/wp-json\/wp\/v2\/tags?post=50361"}],"curies":[{"name":"wp","href":"https:\/\/api.w.org\/{rel}","templated":true}]}}