{"id":50363,"date":"2025-10-01T08:58:08","date_gmt":"2025-10-01T08:58:08","guid":{"rendered":"https:\/\/www.europesays.com\/fi\/50363\/"},"modified":"2025-10-01T08:58:08","modified_gmt":"2025-10-01T08:58:08","slug":"salkkarit-tahti-jarmo-kosken-rahat-huijattiin-itki-yksin-autossa","status":"publish","type":"post","link":"https:\/\/www.europesays.com\/fi\/50363\/","title":{"rendered":"Salkkarit-t\u00e4hti Jarmo Kosken rahat huijattiin \u2013 itki yksin autossa"},"content":{"rendered":"<p>            Seiskan arkisto\n        <\/p>\n<p class=\"subtitle \">Vuosia kest\u00e4nyt huijaus vei n\u00e4yttelij\u00e4n el\u00e4kes\u00e4\u00e4st\u00f6t. Lopulta perhe puuttui peliin.<\/p>\n<p class=\"article-content article-content-width !bg-background\">Salatut el\u00e4m\u00e4t -sarjan alkuperisiin n\u00e4yttelij\u00f6ihin lukeutuva  teki vuosikymmenet Seppo Taalasmaan rooliaan koko kansan kaverina.<\/p>\n<p class=\"font-weight-bold m-font-weight-bold article-content article-content-width !bg-background\">Videohaastattelussa Salatut el\u00e4m\u00e4t -sarjan ylioppilaita kev\u00e4\u00e4lt\u00e4<\/p>\n<p class=\"article-content article-content-width !bg-background\">Nyt n\u00e4yttelij\u00e4 kertoo rankasta ajanjaksosta <a href=\"https:\/\/www.hs.fi\/elama\/art-2000011482406.html\" target=\"_blank\" rel=\"nofollow noopener\">Helsingin Sanomien<\/a> haastattelussa.<\/p>\n<p class=\"article-content article-content-width !bg-background\">N\u00e4yttelij\u00e4 menetti sijoitushuijareille el\u00e4kevuosiksi varaamansa s\u00e4\u00e4st\u00f6t ja lopulta viel\u00e4 joutui turvautumaan pikavippeihin, sijoituskierteen pahentuessa.\u00a0<\/p>\n<p>                <img decoding=\"async\" src=\"https:\/\/www.europesays.com\/fi\/wp-content\/uploads\/2025\/10\/1947471.webp\" width=\"576\" height=\"720\" alt=\"Jaro ja kollegansa Esko Kovero juhlimassa Salkkareita viie vuonna.\" loading=\"lazy\" \/>            <\/p>\n<p>\n            Jaro ja kollegansa Esko Kovero juhlimassa Salkkareita viie vuonna.<br \/>\n            Seiskan arkisto\n        <\/p>\n<p>        <a itemprop=\"url\" href=\"https:\/\/www.seiska.fi\/kotimaa\/talta-nayttelija-jarmo-koski-nayttaa-nyt-tunnistetaan-yha-kadulla-suosikkiroolistaan\/1253065\" rel=\"nofollow noopener\" target=\"_blank\"><\/p>\n<p class=\"section-date\">\n        <strong class=\"article-section\" data-section=\"kotimaa\"><br \/>\n            kotimaa<br \/>\n        <\/strong><br \/>\n        25.1.2024 20:50\n    <\/p>\n<p>T\u00e4lt\u00e4 n\u00e4yttelij\u00e4 Jarmo Koski n\u00e4ytt\u00e4\u00e4 nyt \u2013 tunnistetaan yh\u00e4 kadulla suosikkiroolistaan\n    <\/p>\n<p itemprop=\"description\" class=\"subtitle \">\n    Salatut el\u00e4m\u00e4t t\u00e4ytti 25 vuotta, ja juhlatilaisuuteen saapui my\u00f6s suosikkin\u00e4yttelij\u00e4 Jarmo Koski.\n<\/p>\n<p>        <\/a><\/p>\n<p>Tuplahuijauksen uhri<\/p>\n<p class=\"article-content article-content-width !bg-background\">Oleellista oli, ett\u00e4 ensin Koski sijoitti huijarialustalle ja uskoi sen j\u00e4lkeen valejuristien apuun. Rahaa oli lainattava, koska Kosken piti maksaa kuluja saadakseen kuvitteellisen 400 000 euron kokonaissumman itselleen. Rahaa oli mennut vuonna 2017 huijareille 130 000 euroa.<\/p>\n<p>                <img decoding=\"async\" src=\"https:\/\/www.europesays.com\/fi\/wp-content\/uploads\/2025\/10\/1947488.webp\" width=\"576\" height=\"274\" alt=\"Jarmo Salkkareiden alkutaipaleella 1998. Tuoreessa HS:n haastattelussa Jarmo kertoo huijauksen johtaneen my\u00f6s henkiseen passivoitumiseen, joka on n\u00e4kynyt muun muassa harrastusten j\u00e4\u00e4misen\u00e4 pois.\" loading=\"lazy\" \/>            <\/p>\n<p>\n            Jarmo Salkkareiden alkutaipaleella 1998. Tuoreessa HS:n haastattelussa Jarmo kertoo huijauksen johtaneen my\u00f6s henkiseen passivoitumiseen, joka on n\u00e4kynyt muun muassa harrastusten j\u00e4\u00e4misen\u00e4 pois.<br \/>\n            Seiskan arkisto\n        <\/p>\n<p class=\"article-content article-content-width !bg-background\">\u2013 Vuosikausia m\u00e4 pidin sis\u00e4ll\u00e4ni t\u00e4t\u00e4 taakkaa. K\u00e4vin laittamassa rahaa salaa n\u00e4ille huijareille Kosovoon, Koski kertoo HS:n videolla.<\/p>\n<p>        <a itemprop=\"url\" href=\"https:\/\/www.seiska.fi\/kotimaa\/jarmo-koski-paluusta-salatut-elamat-sarjaan-imartelu-hivelee-itsetuntoani\/331375\" rel=\"nofollow noopener\" target=\"_blank\"><\/p>\n<p class=\"section-date\">\n        <strong class=\"article-section\" data-section=\"kotimaa\"><br \/>\n            kotimaa<br \/>\n        <\/strong><br \/>\n        12.7.2021 09:45\n    <\/p>\n<p>Jarmo Koski paluusta Salatut el\u00e4m\u00e4t -sarjaan: Imartelu hivelee itsetuntoani!\n    <\/p>\n<p>        <\/a><\/p>\n<p>S\u00e4\u00e4st\u00f6t muuttuivat velaksi<\/p>\n<p class=\"article-content article-content-width !bg-background\">Koski vaipui ep\u00e4toivoon, haki \u00f6isin salaa pikavippej\u00e4 ja lopulta itki h\u00e4pe\u00e4\u00e4ns\u00e4 yksin autossa. Perhe sai tiet\u00e4\u00e4 tilanteesta ja lapset poistivat Kosken tietokoneelta skypen ja tekiv\u00e4t rikosilmoituksen.<\/p>\n<p class=\"article-content article-content-width !bg-background\">\u2013\u00a0Se oli aika hemmetti\u00e4 \/\/Oli tosi paha olo. Ottakaa vakavasti t\u00e4m\u00e4 juttu, \u00e4lk\u00e4\u00e4 uskoko niit\u00e4 huijareita, Koski jatkaa.<\/p>\n<p>                <img decoding=\"async\" src=\"https:\/\/www.europesays.com\/fi\/wp-content\/uploads\/2025\/10\/1947495.webp\" width=\"576\" height=\"312\" alt=\"Jarmo vuonna 2004 Salkkarit-kulisseissa Maija-Liisa Peuhun kanssa.\" loading=\"lazy\" \/>            <\/p>\n<p>\n            Jarmo vuonna 2004 Salkkarit-kulisseissa Maija-Liisa Peuhun kanssa.<br \/>\n            Allerin arkisto\n        <\/p>\n<p class=\"article-content article-content-width !bg-background\">Koski otti pankkilainan maksaakseen pikavipit pois. Pelastukseksi osoittautui yhteinen s\u00e4\u00e4st\u00f6tili vaimon kanssa, jota h\u00e4n ei ollut k\u00e4ytt\u00e4nyt ja n\u00e4in pariskunnalla oli mahdollisuus jatkaa normaalia el\u00e4m\u00e4\u00e4. Haave el\u00e4kep\u00e4ivist\u00e4 ilman rahahuolia j\u00e4i kuitenkin toteutumatta.<\/p>\n<p>        <a itemprop=\"url\" href=\"https:\/\/www.seiska.fi\/kotimaa\/tiesitko-salatut-elamat-legenda-jarmo-koski-on-myos-taiteilija-maalaukset-tuhoutuivat-vesivahingossa\/331333\" rel=\"nofollow noopener\" target=\"_blank\"><\/p>\n<p class=\"section-date\">\n        <strong class=\"article-section\" data-section=\"kotimaa\"><br \/>\n            kotimaa<br \/>\n        <\/strong><br \/>\n        10.7.2021 18:09\n    <\/p>\n<p>Tiesitk\u00f6?! Salatut el\u00e4m\u00e4t -legenda Jarmo Koski on my\u00f6s taiteilija \u2013 maalaukset tuhoutuivat vesivahingossa\n    <\/p>\n<p>        <\/a><\/p>\n","protected":false},"excerpt":{"rendered":"Seiskan arkisto Vuosia kest\u00e4nyt huijaus vei n\u00e4yttelij\u00e4n el\u00e4kes\u00e4\u00e4st\u00f6t. Lopulta perhe puuttui peliin. Salatut el\u00e4m\u00e4t -sarjan alkuperisiin n\u00e4yttelij\u00f6ihin lukeutuva&hellip;\n","protected":false},"author":2,"featured_media":50364,"comment_status":"","ping_status":"","sticky":false,"template":"","format":"standard","meta":{"footnotes":""},"categories":[133],"tags":[12503,137,33,31,30,12324,1240,209,12504,32,206,156,109],"class_list":{"0":"post-50363","1":"post","2":"type-post","3":"status-publish","4":"format-standard","5":"has-post-thumbnail","7":"category-televisiot","8":"tag-elakesaastaminen","9":"tag-entertainment","10":"tag-fi","11":"tag-finland","12":"tag-finnish","13":"tag-jarmo-koski","14":"tag-raha","15":"tag-salatut-elamat","16":"tag-salatut-elamat-nayttelija","17":"tag-suomi","18":"tag-televisiot","19":"tag-tv","20":"tag-viihde"},"share_on_mastodon":{"url":"","error":""},"_links":{"self":[{"href":"https:\/\/www.europesays.com\/fi\/wp-json\/wp\/v2\/posts\/50363","targetHints":{"allow":["GET"]}}],"collection":[{"href":"https:\/\/www.europesays.com\/fi\/wp-json\/wp\/v2\/posts"}],"about":[{"href":"https:\/\/www.europesays.com\/fi\/wp-json\/wp\/v2\/types\/post"}],"author":[{"embeddable":true,"href":"https:\/\/www.europesays.com\/fi\/wp-json\/wp\/v2\/users\/2"}],"replies":[{"embeddable":true,"href":"https:\/\/www.europesays.com\/fi\/wp-json\/wp\/v2\/comments?post=50363"}],"version-history":[{"count":0,"href":"https:\/\/www.europesays.com\/fi\/wp-json\/wp\/v2\/posts\/50363\/revisions"}],"wp:featuredmedia":[{"embeddable":true,"href":"https:\/\/www.europesays.com\/fi\/wp-json\/wp\/v2\/media\/50364"}],"wp:attachment":[{"href":"https:\/\/www.europesays.com\/fi\/wp-json\/wp\/v2\/media?parent=50363"}],"wp:term":[{"taxonomy":"category","embeddable":true,"href":"https:\/\/www.europesays.com\/fi\/wp-json\/wp\/v2\/categories?post=50363"},{"taxonomy":"post_tag","embeddable":true,"href":"https:\/\/www.europesays.com\/fi\/wp-json\/wp\/v2\/tags?post=50363"}],"curies":[{"name":"wp","href":"https:\/\/api.w.org\/{rel}","templated":true}]}}