{"id":50373,"date":"2025-10-01T09:07:10","date_gmt":"2025-10-01T09:07:10","guid":{"rendered":"https:\/\/www.europesays.com\/fi\/50373\/"},"modified":"2025-10-01T09:07:10","modified_gmt":"2025-10-01T09:07:10","slug":"pekka-toveri-vaatii-eu-mailta-ukraina-tuen-tuplaamista-ja-kertoo-milla-poliittisella-paatoksella-venajan-rajauhittelu-loppuu-uutiset-kotimaasta-ja-maailmalta","status":"publish","type":"post","link":"https:\/\/www.europesays.com\/fi\/50373\/","title":{"rendered":"Pekka Toveri vaatii EU-mailta Ukraina-tuen tuplaamista ja kertoo, mill\u00e4 poliittisella p\u00e4\u00e4t\u00f6ksell\u00e4 Ven\u00e4j\u00e4n rajauhittelu loppuu &#8211; Uutiset kotimaasta ja maailmalta"},"content":{"rendered":"<p>Putin sotkee hybridivaikuttamisellaan eurooppalaisten poliitikkojen pasmat. Se on entisen sotilaan suurin huoli.<\/p>\n<p><a class=\"ArticleImage_imageContainer__e0EST\" href=\"https:\/\/www.europesays.com\/fi\/wp-content\/uploads\/2025\/10\/wt_WSmzcr-yDQh24dLJ_-NmdUww.jpg\"><img decoding=\"async\" src=\"https:\/\/www.europesays.com\/fi\/wp-content\/uploads\/2025\/10\/wt_WSmzcr-yDQh24dLJ_-NmdUww.jpg\" alt=\"Kokoomusmeppi Pekka Toveri per\u00e4\u00e4 EU-johtajilta strategisempaa ajattelua.\" loading=\"lazy\"\/><\/a><\/p>\n<p>Kokoomusmeppi Pekka Toveri per\u00e4\u00e4 EU-johtajilta strategisempaa ajattelua.\u00a0Kuva: Juha Roininen \/ EUP-IMAGES<\/p>\n<p><a class=\"Article_location__nxqZ7\" aria-current=\"false\" href=\"https:\/\/www.maaseuduntulevaisuus.fi\/aihe\/bryssel\" rel=\"nofollow noopener\" target=\"_blank\"> Bryssel<\/a><\/p>\n<p class=\"RichTextParagraph_richTextParagraph__Wxs3t undefined\">Suomalainen kokoomusmeppi, evp. kenraali <strong id=\"strong-5068d8b0beaa4a98b29504049c1d6209\">Pekka Toveri<\/strong> siirtyi itse sotilasuran j\u00e4lkeen politiikkaan. Nyt kun Ven\u00e4j\u00e4n uhka Euroopassa kasvaa ja jotain pit\u00e4isi tehd\u00e4, h\u00e4n moittii l\u00e4nsimaisia poliitikkoja \u201dlyhytn\u00e4k\u00f6isiksi ja selk\u00e4rangattomiksi\u201d.<\/p>\n<p class=\"RichTextParagraph_richTextParagraph__Wxs3t undefined\">\u201dTied\u00e4n, mist\u00e4 puhun. Olen yksi heist\u00e4\u201d, Toveri sanoo MT:n haastattelussa Brysseliss\u00e4.<\/p>\n<p class=\"RichTextParagraph_richTextParagraph__Wxs3t undefined\">Ven\u00e4j\u00e4 toimii h\u00e4nen mukaansa koko ajan sodan ja rauhan v\u00e4lisell\u00e4 harmaalla alueella ja ty\u00f6nt\u00e4\u00e4 ilmatilan loukkauksilla \u201duutta normaalia\u201d entist\u00e4 h\u00e4ik\u00e4ilem\u00e4tt\u00f6m\u00e4mmin kohti sotaa.<\/p>\n<p class=\"Blockquote_text___ueE4\">\u201dJokaisesta ilmatilan loukkauksesta pit\u00e4isi l\u00e4hett\u00e4\u00e4 kymmenen miljardia Ven\u00e4j\u00e4n j\u00e4\u00e4dytettyj\u00e4 varoja lyhent\u00e4m\u00e4tt\u00f6m\u00e4n\u00e4 Ukrainaan.\u201d<\/p>\n<p>Pekka Toveri<\/p>\n<p class=\"RichTextParagraph_richTextParagraph__Wxs3t undefined\">\u201dMe sanomme, ett\u00e4 hienosti menee, koska emme anna tilanteen eskaloitua. Ven\u00e4l\u00e4iset taas pit\u00e4v\u00e4t meit\u00e4 pellein\u00e4, koska emme tee mit\u00e4\u00e4n\u201d, Toveri ruoskii EU-johtajia.<\/p>\n<p class=\"RichTextParagraph_richTextParagraph__Wxs3t undefined\">\u201dSe menee v\u00e4h\u00e4n liian kovaksi, jos kaikki mik\u00e4 liikkuu ilmassa ammutaan alas. Ven\u00e4j\u00e4n talous on se, mihin meid\u00e4n pit\u00e4\u00e4 vaikuttaa nopeammin ja tehokkaammin\u201d, h\u00e4n jatkaa.<\/p>\n<p><a class=\"ArticleImage_imageContainer__e0EST\" href=\"https:\/\/www.europesays.com\/fi\/wp-content\/uploads\/2025\/10\/kX_Wq2lep3MoQgopZUZoGcl9f0M.jpg\"><img decoding=\"async\" src=\"https:\/\/www.europesays.com\/fi\/wp-content\/uploads\/2025\/10\/kX_Wq2lep3MoQgopZUZoGcl9f0M.jpg\" alt=\"Pekka Toveri (kok.) lis\u00e4isi sotilaiden p\u00e4\u00e4t\u00f6svaltaa siin\u00e4, kun p\u00e4\u00e4tet\u00e4\u00e4n voiman k\u00e4yt\u00f6st\u00e4 ilmatilan loukkausten yhteydess\u00e4.\" loading=\"lazy\"\/><\/a><\/p>\n<p>Pekka Toveri (kok.) lis\u00e4isi sotilaiden p\u00e4\u00e4t\u00f6svaltaa siin\u00e4, kun p\u00e4\u00e4tet\u00e4\u00e4n voiman k\u00e4yt\u00f6st\u00e4 ilmatilan loukkausten yhteydess\u00e4.\u00a0Kuva: Juha Roininen \/ EUP-IMAGES<\/p>\n<p class=\"RichTextParagraph_richTextParagraph__Wxs3t undefined\">Toverin mukaan erityisesti Kiinaan kohdistettavat pakotteet ovat nyt t\u00e4rkeit\u00e4, koska Euroopassa lenn\u00e4tett\u00e4vi\u00e4 ven\u00e4l\u00e4isi\u00e4 lennokkeja tehd\u00e4\u00e4n kiinalaisten tuella.<\/p>\n<p class=\"RichTextParagraph_richTextParagraph__Wxs3t undefined\">\u201dJa jokaisesta ilmatilan loukkauksesta pit\u00e4isi l\u00e4hett\u00e4\u00e4 kymmenen miljardia Ven\u00e4j\u00e4n j\u00e4\u00e4dytettyj\u00e4 varoja lyhent\u00e4m\u00e4tt\u00f6m\u00e4n\u00e4 Ukrainaan\u201d, Toveri lataa.<\/p>\n<p class=\"RichTextParagraph_richTextParagraph__Wxs3t undefined\">H\u00e4nen mukaansa on olemassa my\u00f6s poliittinen ratkaisu, jolla Ven\u00e4j\u00e4n rajauhittelu saataisiin loppumaan.<\/p>\n<p class=\"RichTextParagraph_richTextParagraph__Wxs3t undefined\">\u201dNaton nykyinen ilmatilan valvontaoperaatio olisi muutettava ilmatilan puolustusoperaatioksi. Sill\u00e4 p\u00e4\u00e4t\u00f6s voimank\u00e4yt\u00f6st\u00e4 delegoidaan poliitikoilta sotilaille\u201d, Toveri linjaa.<\/p>\n<p class=\"RichTextParagraph_richTextParagraph__Wxs3t undefined\">\u201dEsimerkiksi Viron ilmatilan loukkauksessa Italian p\u00e4\u00e4ministeri <strong id=\"strong-963b30af48b3b5df6384ec1b219e58f9\">Giorgia Melonin<\/strong> olisi pit\u00e4nyt tehd\u00e4 nopeasti p\u00e4\u00e4t\u00f6s koneiden alas ampumisesta. Se tuskin olisi onnistunut\u201d, h\u00e4n jatkaa.<\/p>\n<p class=\"Blockquote_text___ueE4\">\u201dVen\u00e4l\u00e4iset tiet\u00e4v\u00e4t, ett\u00e4 poliitikot eiv\u00e4t tee p\u00e4\u00e4t\u00f6ksi\u00e4, mutta sotilailta niit\u00e4 kyll\u00e4 tulee, jos heille annetaan lupa.\u201d<\/p>\n<p>Pekka Toveri<\/p>\n<p class=\"RichTextParagraph_richTextParagraph__Wxs3t undefined\">Jos voiman k\u00e4yt\u00f6st\u00e4 olisi vastannut Naton toinen yhteinen lento-operaatiokeskus Saksan Uedemissa, kansainv\u00e4listen s\u00e4\u00e4nt\u00f6jen mukainen p\u00e4\u00e4t\u00f6s varoittamisesta, varoituslaukauksista ja lopulta ohjuksen ampumisesta olisi Toverin mukaan tehty ja pantu toimeen nopeasti.<\/p>\n<p class=\"RichTextParagraph_richTextParagraph__Wxs3t undefined\">\u201dVen\u00e4l\u00e4iset tiet\u00e4v\u00e4t, ett\u00e4 poliitikot eiv\u00e4t tee p\u00e4\u00e4t\u00f6ksi\u00e4, mutta sotilailta niit\u00e4 kyll\u00e4 tulee, jos heille annetaan lupa\u201d, h\u00e4n painottaa.<\/p>\n<p class=\"RichTextParagraph_richTextParagraph__Wxs3t undefined\">Toveri sanoo, ett\u00e4 p\u00e4\u00e4s\u00e4\u00e4nt\u00f6isesti EU-parlamentin eri ryhmiss\u00e4 tiedostetaan Ven\u00e4j\u00e4n kasvava uhka. Ukrainan tukemiseksi olisi kuitenkin teht\u00e4v\u00e4 enemm\u00e4n ja nopeammin, eik\u00e4 Putinin hybridivaikuttamisen pit\u00e4isi antaa sotkea p\u00e4\u00e4t\u00f6ksentekoa.<\/p>\n<p class=\"RichTextParagraph_richTextParagraph__Wxs3t undefined\">\u201dMeilt\u00e4 puuttuu strateginen ajattelu. Nykyisell\u00e4 tuella onnistutaan vain pitkitt\u00e4m\u00e4\u00e4n sotaa ja vuodattamaan ukrainalaiset kuiviin. Jos haluttaisiin tehd\u00e4 oikea strategia, tuki pit\u00e4isi kaksinkertaistaa\u201d, Toveri korostaa.<\/p>\n<p><a class=\"ArticleImage_imageContainer__e0EST\" href=\"https:\/\/www.europesays.com\/fi\/wp-content\/uploads\/2025\/10\/oJ07_jG8vm0-B_5bbDZrs1RYLWg.jpg\"><img decoding=\"async\" src=\"https:\/\/www.europesays.com\/fi\/wp-content\/uploads\/2025\/10\/oJ07_jG8vm0-B_5bbDZrs1RYLWg.jpg\" alt=\"Pekka Toverin toimiston sein\u00e4ll\u00e4 Brysselin EU-parlamenttirakennuksessa on Ukrainan maavoimien 24. moottoroidun jalkav\u00e4kiprikaatiin lippu. Sen perinnejoukko oli neuvostoaikana maavoimien 24. jalkav\u00e4kidivisioona, joka hy\u00f6kk\u00e4si talvisodassa Summan suunnassa.\" loading=\"lazy\"\/><\/a><\/p>\n<p>Pekka Toverin toimiston sein\u00e4ll\u00e4 Brysselin EU-parlamenttirakennuksessa on Ukrainan maavoimien 24. moottoroidun jalkav\u00e4kiprikaatiin lippu. Sen perinnejoukko oli neuvostoaikana maavoimien 24. jalkav\u00e4kidivisioona, joka hy\u00f6kk\u00e4si talvisodassa Summan suunnassa.\u00a0Kuva: Juha Roininen \/ EUP-IMAGES<\/p>\n<p class=\"RichTextParagraph_richTextParagraph__Wxs3t undefined\">On laskettu, ett\u00e4 Ukraina tarvitsee vuodessa noin 120 miljardia euroa pysty\u00e4kseen torjumaan Ven\u00e4j\u00e4n hy\u00f6kk\u00e4yst\u00e4. T\u00e4st\u00e4 puolet se pystyy hoitamaan itse. Puolet tulee Yhdysvalloista ja Euroopasta.<\/p>\n<p class=\"RichTextParagraph_richTextParagraph__Wxs3t undefined\">Toverin per\u00e4\u00e4nkuuluttama tuplaaminen tarkoittaisi, ett\u00e4 l\u00e4nsi panostaisi joko Yhdysvaltain kanssa tai ilman 120 miljardia vuodessa Ukrainan tukemiseen.<\/p>\n<p class=\"RichTextParagraph_richTextParagraph__Wxs3t undefined\">\u201dSe, ett\u00e4 pantaisiin Ven\u00e4j\u00e4lle luu kurkkuun, on tahto-, ei rahakysymys\u201d, Toveri t\u00e4r\u00e4ytt\u00e4\u00e4.<\/p>\n<p class=\"Blockquote_text___ueE4\">\u201dMe olemme tukeneet mahdollisimman pienell\u00e4 omalla riskill\u00e4.\u201d<\/p>\n<p>Mika Aaltola<\/p>\n<p class=\"RichTextParagraph_richTextParagraph__Wxs3t undefined\"><strong id=\"strong-ccb488ff32078b7a302add0a095f9cf3\">Mika Aaltola<\/strong> (kok.), toinen eturivin suomalainen ulko- ja turvallisuuspolitiikan asiantuntija on Toverin kanssa samoilla linjoilla, mit\u00e4 tulee Ukrainan tukemisen mittakaavaan.<\/p>\n<p class=\"RichTextParagraph_richTextParagraph__Wxs3t undefined\">\u201dMe olemme tukeneet mahdollisimman pienell\u00e4 omalla riskill\u00e4. Siksi sota on pitkittynyt, Ven\u00e4j\u00e4 ei p\u00e4\u00e4se siit\u00e4 en\u00e4\u00e4 ulos eik\u00e4 meill\u00e4 en\u00e4\u00e4 ole hyvi\u00e4 vaihtoehtoja\u201d, Aaltola moittii.<\/p>\n<p><a class=\"ArticleImage_imageContainer__e0EST\" href=\"https:\/\/www.europesays.com\/fi\/wp-content\/uploads\/2025\/10\/2OJ6OFbKi5TFEEMmIHKXRfa7dIA.jpg\"><img decoding=\"async\" src=\"https:\/\/www.europesays.com\/fi\/wp-content\/uploads\/2025\/10\/2OJ6OFbKi5TFEEMmIHKXRfa7dIA.jpg\" alt=\"Mika Aaltola (kok.) per\u00e4\u00e4nkuuluttaa EU:lta j\u00e4re\u00e4mpi\u00e4 toimia Ukrainan tukemiseksi.\" loading=\"lazy\"\/><\/a><\/p>\n<p>Mika Aaltola (kok.) per\u00e4\u00e4nkuuluttaa EU:lta j\u00e4re\u00e4mpi\u00e4 toimia Ukrainan tukemiseksi.\u00a0Kuva: Juha Roininen \/ EUP-IMAGES<\/p>\n<p class=\"RichTextParagraph_richTextParagraph__Wxs3t undefined\">Pekka Toverin mielest\u00e4 Eurooppa pohtii nyt Ven\u00e4j\u00e4n hybridivaikuttamisen seurauksena liian paljon sit\u00e4, miten erilaisiin drooni-iskuihin valmistaudutaan ja vastataan.<\/p>\n<p class=\"RichTextParagraph_richTextParagraph__Wxs3t undefined\">\u201dDroonit eiv\u00e4t ole olleet Ukrainalle eik\u00e4 Ven\u00e4j\u00e4lle mik\u00e4\u00e4n hopealuoti. Edelleen sodat voitetaan strategisella aseistuksella ja droonit ovat taktisia aseita. Strategisella puolella Nato on ylivoimainen\u201d, Toveri erittelee ja l\u00e4hett\u00e4\u00e4 n\u00e4in viestin Ven\u00e4j\u00e4n lennokkih\u00e4irinn\u00e4st\u00e4 h\u00e4tk\u00e4ht\u00e4neille EU-johtajille.<\/p>\n","protected":false},"excerpt":{"rendered":"Putin sotkee hybridivaikuttamisellaan eurooppalaisten poliitikkojen pasmat. Se on entisen sotilaan suurin huoli. Kokoomusmeppi Pekka Toveri per\u00e4\u00e4 EU-johtajilta strategisempaa&hellip;\n","protected":false},"author":2,"featured_media":50374,"comment_status":"","ping_status":"","sticky":false,"template":"","format":"standard","meta":{"footnotes":""},"categories":[14],"tags":[22,23,26,27,33,31,30,17,24,25,28,29,15,18,21,32,19,20,56,16,59,60,61],"class_list":{"0":"post-50373","1":"post","2":"type-post","3":"status-publish","4":"format-standard","5":"has-post-thumbnail","7":"category-ulkomaat","8":"tag-breaking-news","9":"tag-breakingnews","10":"tag-featured-news","11":"tag-featurednews","12":"tag-fi","13":"tag-finland","14":"tag-finnish","15":"tag-headlines","16":"tag-latest-news","17":"tag-latestnews","18":"tag-main-news","19":"tag-mainnews","20":"tag-news","21":"tag-otsikot","22":"tag-paauutiset","23":"tag-suomi","24":"tag-top-stories","25":"tag-topstories","26":"tag-ulkomaat","27":"tag-uutiset","28":"tag-world","29":"tag-world-news","30":"tag-worldnews"},"share_on_mastodon":{"url":"","error":""},"_links":{"self":[{"href":"https:\/\/www.europesays.com\/fi\/wp-json\/wp\/v2\/posts\/50373","targetHints":{"allow":["GET"]}}],"collection":[{"href":"https:\/\/www.europesays.com\/fi\/wp-json\/wp\/v2\/posts"}],"about":[{"href":"https:\/\/www.europesays.com\/fi\/wp-json\/wp\/v2\/types\/post"}],"author":[{"embeddable":true,"href":"https:\/\/www.europesays.com\/fi\/wp-json\/wp\/v2\/users\/2"}],"replies":[{"embeddable":true,"href":"https:\/\/www.europesays.com\/fi\/wp-json\/wp\/v2\/comments?post=50373"}],"version-history":[{"count":0,"href":"https:\/\/www.europesays.com\/fi\/wp-json\/wp\/v2\/posts\/50373\/revisions"}],"wp:featuredmedia":[{"embeddable":true,"href":"https:\/\/www.europesays.com\/fi\/wp-json\/wp\/v2\/media\/50374"}],"wp:attachment":[{"href":"https:\/\/www.europesays.com\/fi\/wp-json\/wp\/v2\/media?parent=50373"}],"wp:term":[{"taxonomy":"category","embeddable":true,"href":"https:\/\/www.europesays.com\/fi\/wp-json\/wp\/v2\/categories?post=50373"},{"taxonomy":"post_tag","embeddable":true,"href":"https:\/\/www.europesays.com\/fi\/wp-json\/wp\/v2\/tags?post=50373"}],"curies":[{"name":"wp","href":"https:\/\/api.w.org\/{rel}","templated":true}]}}