{"id":50375,"date":"2025-10-01T09:08:07","date_gmt":"2025-10-01T09:08:07","guid":{"rendered":"https:\/\/www.europesays.com\/fi\/50375\/"},"modified":"2025-10-01T09:08:07","modified_gmt":"2025-10-01T09:08:07","slug":"tavoitteena-on-turvata-helsingin-keskustassa-sijaitsevan-vanhan-ylioppilastalon-toiminta","status":"publish","type":"post","link":"https:\/\/www.europesays.com\/fi\/50375\/","title":{"rendered":"Tavoitteena on turvata Helsingin keskustassa sijaitsevan Vanhan ylioppilastalon toiminta."},"content":{"rendered":"<p><strong class=\"typography-bold\">Helsingin keskustassa sijaitseva Vanha ylioppilastalo halutaan pelastaa.\u00a0<\/strong><\/p>\n<p>Helsingin yliopisto on perustamassa s\u00e4\u00e4ti\u00f6t\u00e4, joka voisi ostaa Vanhan ylioppilastalon Helsingin yliopiston ylioppilaskunnalta.\u00a0<\/p>\n<p>Tavoitteena on turvata Helsingin keskustassa sijaitsevan Vanhan ylioppilastalon toiminta.<\/p>\n<p>Yliopiston <a class=\"underline\" data-testid=\"external-link\" href=\"https:\/\/www.helsinki.fi\/fi\/uutiset\/yliopisto\/uusi-suomalainen-saatio-haluaa-ostaa-vanhan-ylioppilastalon\" rel=\"noopener noreferrer nofollow\" target=\"_blank\" data-sentry-component=\"ExternalLink\" data-sentry-source-file=\"ExternalLink.tsx\">tiedotteen<\/a> mukaan tarkoituksena on edet\u00e4 nopeasti s\u00e4\u00e4ti\u00f6n perustamiseksi ja tarjouksen tekemiseksi.<\/p>\n<p>T\u00e4ll\u00e4 hetkell\u00e4 hanketta tukevat julkiselta puolelta Helsingin yliopiston lis\u00e4ksi valtio sek\u00e4 Helsingin kaupunki. Yksityiselt\u00e4 puolelta hanketta tukevat muun muassa Koneen s\u00e4\u00e4ti\u00f6, Niilo Helanderin s\u00e4\u00e4ti\u00f6 sek\u00e4 Ylioppilaskunnan musiikkikorporaatiot.\u00a0<\/p>\n<p>Helsingin yliopisto vastaa s\u00e4\u00e4ti\u00f6n perustamisesta sek\u00e4 muista hallinnollisista asioista.<\/p>\n<p>Helsingin yliopiston ylioppilaskunta on kertonut aiemmin <a class=\"underline\" data-testid=\"external-link\" href=\"https:\/\/hyy.fi\/fi\/uutiset\/asialliset-ja-asiattomat-usein-kysytyt-kysymykset\/\" rel=\"noopener noreferrer nofollow\" target=\"_blank\" data-sentry-component=\"ExternalLink\" data-sentry-source-file=\"ExternalLink.tsx\">verkkosivuillaan<\/a>, ett\u00e4 on mahdollista, ett\u00e4 se joutuu tekem\u00e4\u00e4n isoja p\u00e4\u00e4t\u00f6ksi\u00e4 velkataakkansa kevent\u00e4miseksi.<\/p>\n","protected":false},"excerpt":{"rendered":"Helsingin keskustassa sijaitseva Vanha ylioppilastalo halutaan pelastaa.\u00a0 Helsingin yliopisto on perustamassa s\u00e4\u00e4ti\u00f6t\u00e4, joka voisi ostaa Vanhan ylioppilastalon Helsingin&hellip;\n","protected":false},"author":2,"featured_media":50376,"comment_status":"","ping_status":"","sticky":false,"template":"","format":"standard","meta":{"footnotes":""},"categories":[12],"tags":[22,23,26,27,33,31,30,17,24,25,28,29,15,18,21,32,19,20,16],"class_list":{"0":"post-50375","1":"post","2":"type-post","3":"status-publish","4":"format-standard","5":"has-post-thumbnail","7":"category-suomi","8":"tag-breaking-news","9":"tag-breakingnews","10":"tag-featured-news","11":"tag-featurednews","12":"tag-fi","13":"tag-finland","14":"tag-finnish","15":"tag-headlines","16":"tag-latest-news","17":"tag-latestnews","18":"tag-main-news","19":"tag-mainnews","20":"tag-news","21":"tag-otsikot","22":"tag-paauutiset","23":"tag-suomi","24":"tag-top-stories","25":"tag-topstories","26":"tag-uutiset"},"share_on_mastodon":{"url":"","error":""},"_links":{"self":[{"href":"https:\/\/www.europesays.com\/fi\/wp-json\/wp\/v2\/posts\/50375","targetHints":{"allow":["GET"]}}],"collection":[{"href":"https:\/\/www.europesays.com\/fi\/wp-json\/wp\/v2\/posts"}],"about":[{"href":"https:\/\/www.europesays.com\/fi\/wp-json\/wp\/v2\/types\/post"}],"author":[{"embeddable":true,"href":"https:\/\/www.europesays.com\/fi\/wp-json\/wp\/v2\/users\/2"}],"replies":[{"embeddable":true,"href":"https:\/\/www.europesays.com\/fi\/wp-json\/wp\/v2\/comments?post=50375"}],"version-history":[{"count":0,"href":"https:\/\/www.europesays.com\/fi\/wp-json\/wp\/v2\/posts\/50375\/revisions"}],"wp:featuredmedia":[{"embeddable":true,"href":"https:\/\/www.europesays.com\/fi\/wp-json\/wp\/v2\/media\/50376"}],"wp:attachment":[{"href":"https:\/\/www.europesays.com\/fi\/wp-json\/wp\/v2\/media?parent=50375"}],"wp:term":[{"taxonomy":"category","embeddable":true,"href":"https:\/\/www.europesays.com\/fi\/wp-json\/wp\/v2\/categories?post=50375"},{"taxonomy":"post_tag","embeddable":true,"href":"https:\/\/www.europesays.com\/fi\/wp-json\/wp\/v2\/tags?post=50375"}],"curies":[{"name":"wp","href":"https:\/\/api.w.org\/{rel}","templated":true}]}}