{"id":50377,"date":"2025-10-01T09:09:10","date_gmt":"2025-10-01T09:09:10","guid":{"rendered":"https:\/\/www.europesays.com\/fi\/50377\/"},"modified":"2025-10-01T09:09:10","modified_gmt":"2025-10-01T09:09:10","slug":"jussi-tapola-sai-potkut","status":"publish","type":"post","link":"https:\/\/www.europesays.com\/fi\/50377\/","title":{"rendered":"Jussi Tapola sai potkut"},"content":{"rendered":"<p>Suomalaisvalmentajille n\u00e4ytettiin ovea.<\/p>\n<p><img decoding=\"async\" class=\"image image-show image-preview\" src=\"https:\/\/www.europesays.com\/fi\/wp-content\/uploads\/2025\/10\/5722595b8660776cfa271e952c9f364560525b8b3a445fa04a678f3540300000.jpg\" alt=\"\"\/><img decoding=\"async\" class=\"image image-show\" src=\"https:\/\/www.europesays.com\/fi\/wp-content\/uploads\/2025\/10\/1759309749_450_5722595b8660776cfa271e952c9f364560525b8b3a445fa04a678f3540300000.jpg\" alt=\"\"\/><\/p>\n<p>Jussi Tapola sai potkut. Tomi Natri \/ AOP<\/p>\n<p class=\"paragraph\">Suomalaisvalmentaja <strong>Jussi Tapola<\/strong> sai keskiviikkona potkut. Sveitsil\u00e4isseura SC Bern tiedotti irtisanoneensa p\u00e4\u00e4valmentajana ty\u00f6skennelleen Tapolan sopimuksen v\u00e4litt\u00f6m\u00e4sti.<\/p>\n<p class=\"paragraph\">Samalla l\u00e4ht\u00f6passit sai apuvalmentaja <strong>Pasi Puistola<\/strong>.<\/p>\n<p class=\"paragraph\">Apuvalmentaja <strong>Patrick Sch\u00f6b<\/strong> toimii virkaa tekev\u00e4n\u00e4 p\u00e4\u00e4valmentajana siihen asti, ett\u00e4 Bern nimitt\u00e4\u00e4 uuden vakituisen luotsin. Sch\u00f6b saa aisaparikseen suomalaisvalmentaja <strong>Tuomas Tuokkolan<\/strong>. Tuokkola on toiminut t\u00e4ll\u00e4 kaudella Bernin alle 21-vuotiaiden joukkueen valmennuksessa ja seuran kehitysp\u00e4\u00e4llikk\u00f6n\u00e4.<\/p>\n<p class=\"paragraph\">Tapola aloitti Bernin p\u00e4\u00e4valmentajana kaudella 2023\u20132024, ja Puistola liittyi valmennustiimiin t\u00e4m\u00e4n kauden alussa. Viime kaudella Bern sijoittui runkosarjassa kolmanneksi, mutta putosi pudotuspelien ensimm\u00e4isell\u00e4 kierroksella.<\/p>\n<p class=\"paragraph\">Bern on kolmen ottelun tappioputkessa. Suurseura on voittanut yhdeks\u00e4st\u00e4 ottelustaan vain kaksi varsinaisella peliajalla.<\/p>\n<p class=\"paragraph\">\u2013 Urheilupuoli ei ole valitettavasti kehittynyt kauden alusta odottamallamme tavalla. Tilanteen analysoituamme p\u00e4\u00e4timme, ett\u00e4 tulevissa haasteissa valmennuksen vaihto on tarpeen, Bernin urheilujohtaja <strong>Martin Pl\u00fcss<\/strong> kommentoi tiedotteessa.<\/p>\n<p class=\"paragraph\">Tapola valmensi Tapparaa vuosina 2014\u20132017 ja 2020\u20132023. H\u00e4n johdatti seuran nelj\u00e4 kertaa Suomen mestariksi.<\/p>\n<p><a href=\"https:\/\/www.iltalehti.fi\/telkku\/?utm_source=iltalehti.fi&amp;utm_medium=almainternal&amp;utm_campaign=urheilu_artikkelibanneri&amp;utm_content=banner_612_a\" rel=\"nofollow noopener\" target=\"_blank\"><img decoding=\"async\" src=\"https:\/\/www.europesays.com\/fi\/wp-content\/uploads\/2025\/08\/7ef604e47d46ca174b7df4149bd3557dbde56a86d520f8e1b2125548b0a2e03a.png\" alt=\"TV-ohjelmat t\u00e4n\u00e4\u00e4n, TV-opas\"\/><\/a><\/p>\n","protected":false},"excerpt":{"rendered":"Suomalaisvalmentajille n\u00e4ytettiin ovea. Jussi Tapola sai potkut. Tomi Natri \/ AOP Suomalaisvalmentaja Jussi Tapola sai keskiviikkona potkut. Sveitsil\u00e4isseura&hellip;\n","protected":false},"author":2,"featured_media":50378,"comment_status":"","ping_status":"","sticky":false,"template":"","format":"standard","meta":{"footnotes":""},"categories":[5],"tags":[35,22,23,26,27,33,31,30,17,1143,24,25,41,28,29,15,18,21,32,19,20,860,861,1955,16],"class_list":{"0":"post-50377","1":"post","2":"type-post","3":"status-publish","4":"format-standard","5":"has-post-thumbnail","7":"category-otsikot","8":"tag-24h","9":"tag-breaking-news","10":"tag-breakingnews","11":"tag-featured-news","12":"tag-featurednews","13":"tag-fi","14":"tag-finland","15":"tag-finnish","16":"tag-headlines","17":"tag-jaakiekko","18":"tag-latest-news","19":"tag-latestnews","20":"tag-liikunta-ja-urheilu","21":"tag-main-news","22":"tag-mainnews","23":"tag-news","24":"tag-otsikot","25":"tag-paauutiset","26":"tag-suomi","27":"tag-top-stories","28":"tag-topstories","29":"tag-tyoelama","30":"tag-tyollisyys-ja-tyottomyys","31":"tag-tyottomyys","32":"tag-uutiset"},"share_on_mastodon":{"url":"","error":""},"_links":{"self":[{"href":"https:\/\/www.europesays.com\/fi\/wp-json\/wp\/v2\/posts\/50377","targetHints":{"allow":["GET"]}}],"collection":[{"href":"https:\/\/www.europesays.com\/fi\/wp-json\/wp\/v2\/posts"}],"about":[{"href":"https:\/\/www.europesays.com\/fi\/wp-json\/wp\/v2\/types\/post"}],"author":[{"embeddable":true,"href":"https:\/\/www.europesays.com\/fi\/wp-json\/wp\/v2\/users\/2"}],"replies":[{"embeddable":true,"href":"https:\/\/www.europesays.com\/fi\/wp-json\/wp\/v2\/comments?post=50377"}],"version-history":[{"count":0,"href":"https:\/\/www.europesays.com\/fi\/wp-json\/wp\/v2\/posts\/50377\/revisions"}],"wp:featuredmedia":[{"embeddable":true,"href":"https:\/\/www.europesays.com\/fi\/wp-json\/wp\/v2\/media\/50378"}],"wp:attachment":[{"href":"https:\/\/www.europesays.com\/fi\/wp-json\/wp\/v2\/media?parent=50377"}],"wp:term":[{"taxonomy":"category","embeddable":true,"href":"https:\/\/www.europesays.com\/fi\/wp-json\/wp\/v2\/categories?post=50377"},{"taxonomy":"post_tag","embeddable":true,"href":"https:\/\/www.europesays.com\/fi\/wp-json\/wp\/v2\/tags?post=50377"}],"curies":[{"name":"wp","href":"https:\/\/api.w.org\/{rel}","templated":true}]}}