{"id":50379,"date":"2025-10-01T09:21:11","date_gmt":"2025-10-01T09:21:11","guid":{"rendered":"https:\/\/www.europesays.com\/fi\/50379\/"},"modified":"2025-10-01T09:21:11","modified_gmt":"2025-10-01T09:21:11","slug":"johanna-oras-uupui-ja-reijo-puoliso-suri-mietin-miten-tassa-kay","status":"publish","type":"post","link":"https:\/\/www.europesays.com\/fi\/50379\/","title":{"rendered":"Johanna Oras uupui ja Reijo-puoliso suri: \u201dMietin, miten t\u00e4ss\u00e4 k\u00e4y&#8221;"},"content":{"rendered":"<p>Mit\u00e4 jos en pysty en\u00e4\u00e4 maalaamaan? Mist\u00e4 sitten saamme elantomme? Mit\u00e4 muuta tekisin? N\u00e4ihin kysymyksiin taiteilija <strong>Johanna Oras<\/strong> havahtui kev\u00e4ttalvella 2024. <\/p>\n<p>Uupumuksen ensimm\u00e4iset oireet nousivat pintaan jo edelt\u00e4v\u00e4n\u00e4 syksyn\u00e4. Silloin h\u00e4nen puolisonsa, taidekauppias <strong>Reijo Oras<\/strong> oli ensi kertaa huolissaan Johannan vet\u00e4m\u00e4tt\u00f6myydest\u00e4. H\u00e4n kehotti Johannaa h\u00f6llent\u00e4m\u00e4\u00e4n tahtiaan, mutta vaimo ei kuunnellut. Kuukau\u00adsien kuluessa tilanne paheni. <\/p>\n<p>\u201dMinulle tuli fyysinen stoppi vastaan. Menin kertakaikkisen jumiin enk\u00e4 jaksanut tehd\u00e4 \u00adyht\u00e4\u00e4n mit\u00e4\u00e4n\u201d, Johanna Oras muistelee puolentoista vuoden takaista oloaan istuessaan lepotuolissa pariskunnan Piitanojan-kes\u00e4m\u00f6kill\u00e4.<\/p>\n<p>\u201dTuntui j\u00e4rkytt\u00e4v\u00e4lt\u00e4 seurata Johannan tilannetta vierest\u00e4<strong> <\/strong>ja n\u00e4hd\u00e4, ettei oma puoliso voi hyvin. Pelk\u00e4sin koko ajan, eteneek\u00f6 uupumus viel\u00e4 pahemmaksi ja mietin, miten t\u00e4ss\u00e4 k\u00e4y\u201d, Reijo Oras tunnustaa.<\/p>\n<p>Ylitsep\u00e4\u00e4sem\u00e4tt\u00f6m\u00e4st\u00e4 v\u00e4symyksest\u00e4 huolimatta Johannan inspiraatiot ja halu maalata eiv\u00e4t hiipuneet. Ristiriita oli raju. Fyysinen v\u00e4symys oli niin voimakasta, ettei h\u00e4n jaksanut kannatella sivellint\u00e4. H\u00e4n maalasi v\u00e4h\u00e4n ja makoili v\u00e4lill\u00e4 sohvalla, tarvitsi jatkuvasti taukoja. <\/p>\n<p>\u201dMinulle tyypillinen into ja ehtym\u00e4tt\u00f6myys katosivat\u201d, Johanna Oras kertaa.<\/p>\n<p>Uudenlaisessa ahdistavassa tilanteessa Reijo tunsi itsens\u00e4 voimattomaksi. <\/p>\n<p>\u201dSanoin Johannalle, ett\u00e4 voisinpa ottaa edes v\u00e4h\u00e4n taakkaa sinulta pois. Valitettavasti minulla ei ollut t\u00e4h\u00e4n tilanteeseen avaimia k\u00e4dess\u00e4ni.\u201d <\/p>\n<p>V\u00e4\u00e4rin tanssittu<\/p>\n<p>Reijo ei ollut koskaan aiemmin n\u00e4hnyt Johannaa niin loputtoman v\u00e4syneen\u00e4, ilottomana, \u00e4rh\u00e4kk\u00e4n\u00e4 ja kiukkuisena h\u00e4nt\u00e4 kohtaan \u2013 ja harkitsemassa tosissaan alanvaihtoa. <\/p>\n<p>\u201dOlin niin totaalisen uupunut, ett\u00e4 ajattelin putsata p\u00f6yd\u00e4n kokonaan. Minulla on jo kuorma-auton ajokortti ja ajattelin, ett\u00e4 menisin suorittamaan viel\u00e4 rekkakortin ja ryhtyisin rekkakuskiksi\u201d, Johanna Oras sanoo.<\/p>\n<p>\u201dJohanna pohti itku silm\u00e4ss\u00e4, mit\u00e4 voisi tehd\u00e4, jos sivellin ei en\u00e4\u00e4 tottelisi eik\u00e4 h\u00e4n voisi en\u00e4\u00e4 ty\u00f6skennell\u00e4 taiteilijana\u201d, Reijo Oras kertoo.<\/p>\n<p>Reijo laskeskeli, ett\u00e4 he selvi\u00e4isiv\u00e4t jollain konstilla, vaikka Johanna menett\u00e4isi ty\u00f6kykyns\u00e4: myisiv\u00e4t Piitanojan-kes\u00e4m\u00f6kin, Punkaharjun-taidekartanonsa ja varastoituna olevat Johannan teokset. Luopuisivat vuokra-asunnostaan Ranskassa, ehk\u00e4 jopa rakkaasta kodistaan Turun l\u00e4\u00e4nin Koskella. <\/p>\n<p>Samaan aikaan molemmat olivat h\u00e4mill\u00e4\u00e4n: olisiko edess\u00e4 liuta kipeit\u00e4 luopumisia? Mullistuisiko yhteinen el\u00e4m\u00e4 yht\u00e4kki\u00e4 lopullisesti? <\/p>\n<p>Liiallisen kuormituksen ja ty\u00f6tahdin aiheuttamaa uupumusta siivittiv\u00e4t my\u00f6s Johannan vaihdevuosioireet: y\u00f6lliset hikoilut ja rajut mielialanvaihtelut. <\/p>\n<p>\u201dJohannan henkinen uupumus n\u00e4kyi siin\u00e4, ett\u00e4 kaikki, mit\u00e4 tein, oli v\u00e4\u00e4rin. Vaikka p\u00e4\u00e4ll\u00e4ni olisin tanssinut, sekin olisi v\u00e4\u00e4rin tanssittu,\u201d Reijo Oras arvelee.<\/p>\n<p>Naisenergia voimaannutti<\/p>\n<p>Pariskunnan pitk\u00e4 liitto ajautui Johannan uupumuksen my\u00f6t\u00e4 uudenlaiseen tilanteeseen: Johanna tarvitsi enemm\u00e4n omaa aikaa eheyty\u00e4kseen ennalleen. <\/p>\n<p>Kev\u00e4\u00e4n ja kes\u00e4n aikana h\u00e4n hakeutui mets\u00e4n rauhaan yksin pitkille k\u00e4velylenkeille. Syksyn tullen h\u00e4n aloitti terapian, k\u00e4vi energiahoidoissa ja ylipainehappihoidossa, jotta saisi kehon voimakkaan stressitilan purkautumaan. <\/p>\n<p>Uupumusta helpottivat my\u00f6s ulkomaanreissut yst\u00e4vien kanssa, muun muassa joogamatka Bhutaniin, miss\u00e4 h\u00e4n p\u00e4\u00e4si perehtym\u00e4\u00e4n buddhalaiseen maailmankatsomukseen. <\/p>\n<p>\u201dSain ottaa rauhassa et\u00e4isyytt\u00e4 ja katsella, mit\u00e4 muuta maailmassa on. Naisporukassa reissatessani voimaannuin ainutlaatuisesta naisenergiasta.\u201d<\/p>\n<p>Johanna on yh\u00e4 kiitollinen Reijolle siit\u00e4, ettei t\u00e4m\u00e4 jarrutellut h\u00e4nt\u00e4. <\/p>\n<p>\u201dReijo osasi antaa hienolla tavalla minulle tarvitsemani tilan. Minulla oli vapaus hakea uutta voimaa maail\u00admalta, vaikka samaan aikaan h\u00e4n oli kotona varmaan aikamoisessa paniikissa pohtimassa, mihin t\u00e4m\u00e4 kaikki johtaa\u201d, Johanna sanoo. <\/p>\n<p>Kaksi terapeuttia<\/p>\n<p>Pariskunnan yhteinen tyt\u00e4r <strong>Olivia<\/strong>, 28,<a href=\"https:\/\/seura.fi\/viihde\/julkkikset\/anna-lehti-johanna-oras-syytti-itseaan-lapsen-addiktion-takia\/\" rel=\"nofollow noopener\" target=\"_blank\"> kamppaili \u00aduseamman vuoden ajan p\u00e4ihderiippuvuuden kanssa<\/a> ennen raitistumistaan talvella 2023. Johanna eli pitk\u00e4\u00e4n jatkuvassa h\u00e4lytystilassa.<\/p>\n<p>\u201dTerapiassa opin, ett\u00e4 monesti l\u00e4heiset tulevat toipumisessa j\u00e4lkijunassa ja pelk\u00e4\u00e4v\u00e4t retkahdusta, vaikka p\u00e4ihderiippuvainen olisi itse p\u00e4\u00e4ssyt jaloilleen jo huomattavasti aiemmin\u201d, Johanna sanoo. <\/p>\n<p>Lis\u00e4huolta ja s\u00e4ik\u00e4hdyst\u00e4 el\u00e4m\u00e4\u00e4n ovat tuoneet my\u00f6s <a href=\"https:\/\/seura.fi\/viihde\/julkkikset\/reijo-ja-johanna-oras\/\" rel=\"nofollow noopener\" target=\"_blank\">Reijon terveyshuolet<\/a>. H\u00e4n sairastaa keuhkofibroosia, keuhkokudoksen arpeutumiseen johtavaa vakavaa hengityssairautta sek\u00e4 verisairautta nimelt\u00e4 myelodysplastinen oireyhtym\u00e4 (MDS).<\/p>\n<p>Alkuun Reijon elinajan uskottiin olevan v\u00e4hiss\u00e4, mutta my\u00f6hemmin ennuste osoittautui v\u00e4\u00e4r\u00e4ksi eiv\u00e4tk\u00e4 h\u00e4nen sairautensa ole edenneet niin nopeasti kuin kuviteltiin. <\/p>\n<p>Perheell\u00e4 oli takanaan my\u00f6s suuria suruja: Reijo ja mummopuoleksi eli \u201dMupuksi\u201d kutsuttu Johanna ovat joutuneet hyv\u00e4stelem\u00e4\u00e4n kaksi lastenlasta. Vasta 2-vuotias <strong>Aku<\/strong> kuoli p\u00e4iv\u00e4kodissa sattuneessa tapaturmassa vuonna 2005 ja 20-vuotias <strong>Noora<\/strong> auto-onnettomuudessa 2012. Akun \u00e4iti, Reijon tyt\u00e4r <strong>Anita<\/strong>, menehtyi sairauteen 51-vuotiaana 2019.<\/p>\n<p>\u201cN\u00e4ille asioille ei mahda mit\u00e4\u00e4n. L\u00e4heisten menetyksi\u00e4 ei voi mitenk\u00e4\u00e4n hyv\u00e4ksy\u00e4, mutta ne t\u00e4ytyy yritt\u00e4\u00e4 siet\u00e4\u00e4. Uskon, ett\u00e4 n\u00e4m\u00e4 kuolematkin olivat taustalla Johannan uupumuksessa\u201d, Reijo pohtii. <\/p>\n<p>Johannan ny\u00f6kyttelee hiljaa. Orakset ovat p\u00e4\u00e4sseet vaikeista ajoista keskustelemalla kipeist\u00e4 asioista avoimesti. Johanna on purkanut tuntojaan my\u00f6s taiteeseen. <\/p>\n<p>\u201dOn puhuttu, puhuttu ja puhuttu tuhansia tunteja. Kumpikin kuuntelee vuorollaan toisen ajatuksia ja tunteita ja tukee\u201d, Johanna sanoo. <\/p>\n<p>\u201dMeit\u00e4 on ollut t\u00e4ss\u00e4 liitossa kaksi terapeuttia. Rakkaus on ollut suhteemme liima koko ajan\u201d, Reijo jatkaa. <\/p>\n<p>Apua oikealla hetkell\u00e4<\/p>\n<p>Viime tammikuussa Reijossa her\u00e4si toivon kipin\u00e4: Johannan silmiin syttyi tuttu palo, se sama into, joka oli ollut uupumuksen my\u00f6t\u00e4 kadoksissa. Hiljalleen Johanna pyyteli Reijoa tilailemaan uusia maalauspohjia. Kun pari kev\u00e4\u00e4ll\u00e4 matkusti Espanjaan ja Ranskaan, Johanna tarttui siveltimiin jo vanhalla voimalla. <\/p>\n<p>\u201dSilloin huomasin, ett\u00e4 nyt on vaimokulta palautumassa ennalleen. Into oli tullut h\u00e4neen takaisin\u201d, Reijo muistelee. <\/p>\n<p>Johanna haki apua juuri oikealla hetkell\u00e4. <\/p>\n<p>\u201dEn onneksi p\u00e4\u00e4st\u00e4nyt itse\u00e4ni ihan pahimpaan mustaan kuiluun asti. Sielt\u00e4 r\u00e4pik\u00f6iminen olisi voinut vied\u00e4 vuosia. Sisimm\u00e4ss\u00e4ni tiesin luovuuteni olevan ehtym\u00e4t\u00f6n, kunhan vaan sain itseni takaisin kuntoon.\u201d <\/p>\n<p>Nyt Johanna on uuden \u00e4\u00e4rell\u00e4, taiteilijan uransa kannalta vasta parhaan ja luomisvoimaltaan tuottoisimman vaiheen alussa.<\/p>\n<p>Marraskuussa 80 vuotta t\u00e4ytt\u00e4v\u00e4 Reijo on luvannut Johannalle, ett\u00e4 j\u00e4\u00e4 el\u00e4kkeelle 92-vuotiaana \u2013 siis 12 vuoden p\u00e4\u00e4st\u00e4. Ajatus saa Johannan nauramaan ja pudistelemaan p\u00e4\u00e4t\u00e4\u00e4n. <\/p>\n<p>\u201dFakta on, ett\u00e4 ik\u00e4eromme vuoksi olemme hyvin erilaisissa el\u00e4m\u00e4nvaiheissa. Toivoisin, ett\u00e4 Reijo oppisi olemaan itselleen armollisempi ja rentoutuisi enemm\u00e4n\u201d, Johanna sanoo. <\/p>\n<p>\u201dMutta min\u00e4h\u00e4n olen armoa t\u00e4ynn\u00e4\u2019\u201d, Reijo ihmettelee. <\/p>\n<p>\u201dNiin, kaikkia muita kohtaan paitsi itse\u00e4si. Vaadit itselt\u00e4si ihan liikaa, vaikka voisit ottaa jo iisimmin ja nauttia ty\u00f6si hedelmist\u00e4\u201d, Johanna jatkaa. <\/p>\n<p>Tilaa r\u00e4isky\u00e4<\/p>\n<p>Sek\u00e4 Johannalla ett\u00e4 Reijolla on taipumusta vet\u00e4\u00e4 itsens\u00e4 piippuun. Kun omaan ammattiin suhtautuu intohimolla, se lipsahtaa helposti ty\u00f6narkomanian puolelle. Mutta onko Johanna oppinut kokemastaan uupumuksesta jotakin? <\/p>\n<p>\u201dNo en ole. Painan eteenp\u00e4in niin kauan kuin ener\u00adgiaa riitt\u00e4\u00e4. Se on el\u00e4m\u00e4ntapa ja kuuluu intohimoon. En osaa rajoittaa itse\u00e4ni inspiroituneena.\u201d <\/p>\n<p>Reijo puolestaan ajattelee, ett\u00e4 Johannan uupuminen kasvatti molempia jollakin tavalla, vaikka aina ei tarvittaisi n\u00e4in vahvoja kasvutarinoita. <\/p>\n<p>Johanna oli aina aiemmin ollut heist\u00e4 kahdesta se, joka n\u00e4kee kaikessa my\u00f6s my\u00f6nteiset puolet. <\/p>\n<p>\u201dMin\u00e4 olen meist\u00e4 se realisti\u201d, Reijo sanoo. <\/p>\n<p>\u201dEip\u00e4s, vaan pessimisti on oikea sana\u201d, Johanna sanoo ja nauraa.<\/p>\n<p>Vaikka Johannan uupumuksen ajanjakso oli parille vaikea, he eiv\u00e4t miss\u00e4\u00e4n vaiheessa pohtineet l\u00e4htev\u00e4ns\u00e4 eri teille. Reijo ei haluaisi el\u00e4\u00e4 ilman Johannaa, vaikka vitsaileekin t\u00e4m\u00e4n yritt\u00e4neen \u00e4rsytt\u00e4\u00e4 h\u00e4nt\u00e4 viimeiseen asti. <\/p>\n<p>\u201dOn Reijolla kest\u00e4mist\u00e4 t\u00e4ss\u00e4 vaihdevuosi-ik\u00e4isess\u00e4 naisessa. Mielialanvaihteluni ja k\u00e4sitt\u00e4m\u00e4tt\u00f6m\u00e4t raivo\u00adkohtaukseni ovat meille molemmille v\u00e4lill\u00e4 yht\u00e4 helvetti\u00e4. Reijo on ollut aika lailla ihmeiss\u00e4\u00e4n\u201d, Johanna tunnustaa. <\/p>\n<p>\u201dMutta min\u00e4 olen kerran sinulle luvannut, ett\u00e4 tahdon. Sit\u00e4 ei muuta mik\u00e4\u00e4n, asia on sill\u00e4 selv\u00e4\u201d, Reijo vannottaa. <\/p>\n<p>Johanna on kiitollinen heid\u00e4n v\u00e4lisest\u00e4\u00e4n luottamuksesta. Siit\u00e4, ett\u00e4 Reijon seurassa h\u00e4nell\u00e4 on tilaa r\u00e4isky\u00e4. Onneksi Reijolla on tahtotila ymm\u00e4rt\u00e4\u00e4 h\u00e4nt\u00e4. Sit\u00e4h\u00e4n el\u00e4m\u00e4 on: jatkuvia kasvunpaikkoja ja sit\u00e4, ett\u00e4 annetaan puolisolle tilaa my\u00f6s muuttua. <\/p>\n<p>\u201dL\u00f6yd\u00e4mme aina uudelleen sen alkukemian ja siemenen, joka alun pit\u00e4en meid\u00e4t saattoi yhteen.\u201d\u00a0<\/p>\n","protected":false},"excerpt":{"rendered":"Mit\u00e4 jos en pysty en\u00e4\u00e4 maalaamaan? Mist\u00e4 sitten saamme elantomme? Mit\u00e4 muuta tekisin? N\u00e4ihin kysymyksiin taiteilija Johanna Oras&hellip;\n","protected":false},"author":2,"featured_media":50380,"comment_status":"","ping_status":"","sticky":false,"template":"","format":"standard","meta":{"footnotes":""},"categories":[136],"tags":[407,137,33,31,30,12505,408,12506,32,109],"class_list":{"0":"post-50379","1":"post","2":"type-post","3":"status-publish","4":"format-standard","5":"has-post-thumbnail","7":"category-julkkikset","8":"tag-celebrities","9":"tag-entertainment","10":"tag-fi","11":"tag-finland","12":"tag-finnish","13":"tag-johanna-oras","14":"tag-julkkikset","15":"tag-reijo-oras","16":"tag-suomi","17":"tag-viihde"},"share_on_mastodon":{"url":"","error":""},"_links":{"self":[{"href":"https:\/\/www.europesays.com\/fi\/wp-json\/wp\/v2\/posts\/50379","targetHints":{"allow":["GET"]}}],"collection":[{"href":"https:\/\/www.europesays.com\/fi\/wp-json\/wp\/v2\/posts"}],"about":[{"href":"https:\/\/www.europesays.com\/fi\/wp-json\/wp\/v2\/types\/post"}],"author":[{"embeddable":true,"href":"https:\/\/www.europesays.com\/fi\/wp-json\/wp\/v2\/users\/2"}],"replies":[{"embeddable":true,"href":"https:\/\/www.europesays.com\/fi\/wp-json\/wp\/v2\/comments?post=50379"}],"version-history":[{"count":0,"href":"https:\/\/www.europesays.com\/fi\/wp-json\/wp\/v2\/posts\/50379\/revisions"}],"wp:featuredmedia":[{"embeddable":true,"href":"https:\/\/www.europesays.com\/fi\/wp-json\/wp\/v2\/media\/50380"}],"wp:attachment":[{"href":"https:\/\/www.europesays.com\/fi\/wp-json\/wp\/v2\/media?parent=50379"}],"wp:term":[{"taxonomy":"category","embeddable":true,"href":"https:\/\/www.europesays.com\/fi\/wp-json\/wp\/v2\/categories?post=50379"},{"taxonomy":"post_tag","embeddable":true,"href":"https:\/\/www.europesays.com\/fi\/wp-json\/wp\/v2\/tags?post=50379"}],"curies":[{"name":"wp","href":"https:\/\/api.w.org\/{rel}","templated":true}]}}