{"id":50385,"date":"2025-10-01T09:27:06","date_gmt":"2025-10-01T09:27:06","guid":{"rendered":"https:\/\/www.europesays.com\/fi\/50385\/"},"modified":"2025-10-01T09:27:06","modified_gmt":"2025-10-01T09:27:06","slug":"influenssa-ja-koronarokotukset-alkavat-lokakuun-puolivalissa-ajan-voi-jo-varata","status":"publish","type":"post","link":"https:\/\/www.europesays.com\/fi\/50385\/","title":{"rendered":"Influenssa- ja koronarokotukset alkavat lokakuun puoliv\u00e4liss\u00e4 \u2013 ajan voi jo varata"},"content":{"rendered":"<p>\tkeskiviikkona 1. lokakuuta 2025<\/p>\n<p>Kausirokotukset, eli influenssa- ja koronarokotukset k\u00e4ynnistyv\u00e4t Etel\u00e4-Savon hyvinvointialueella 13. lokakuuta alkaen. Kausirokotteiden kohderyhmiin kuuluvat saavat rokotteen maksutta ajanvarauksella Eloisan kausirokotuspisteill\u00e4, eli kaikilla sote-keskuksilla ja sote-asemilla. Lis\u00e4ksi alle 7-vuotiaita ja heid\u00e4n perheenj\u00e4seni\u00e4\u00e4n rokotetaan influenssaa vastaan Eloisan neuvoloissa.<\/p>\n<p>Jos kuuluu molempien rokotteiden kohderyhmiin, saa samalla k\u00e4ynnill\u00e4 molemmat rokotteet. Ensimm\u00e4isi\u00e4 rokotusaikoja on tarjolla Etel\u00e4-Savossa 13.10. alkavalle viikolle ja siit\u00e4 eteenp\u00e4in.<\/p>\n<p>\u2013 Toivomme mahdollisimman monen n\u00e4ihin kohderyhmiin kuuluvien ottavan rokotteen t\u00e4n\u00e4 syksyn\u00e4. Rokottautumalla suojaa hyvin sek\u00e4 omaa ett\u00e4 muiden terveytt\u00e4, ylil\u00e4\u00e4k\u00e4ri <strong>Hans G\u00e4rdstr\u00f6m<\/strong> muistuttaa.<\/p>\n<p>N\u00e4in varaat rokotusajan<\/p>\n<p>Ajan voi varata Eloisan nettisivuilta osoitteessa <a href=\"https:\/\/eur04.safelinks.protection.outlook.com\/?url=https%3A%2F%2Fetelasavonha.fi%2Fasiakkaan-opas%2Fkausirokotus%2F&amp;data=05%7C02%7Cniina.luukkainen%40savonlinna.fi%7C131b2e80059d4d0e733f08de00a8f5f7%7C66efce4db8db44bea67bb9637ded8d23%7C0%7C0%7C638948922842677618%7CUnknown%7CTWFpbGZsb3d8eyJFbXB0eU1hcGkiOnRydWUsIlYiOiIwLjAuMDAwMCIsIlAiOiJXaW4zMiIsIkFOIjoiTWFpbCIsIldUIjoyfQ%3D%3D%7C0%7C%7C%7C&amp;sdata=zNFLFP4n1dty7rSuFSymAlSHgKbAjRRzPaebjczBHsQ%3D&amp;reserved=0\" rel=\"nofollow noopener\" target=\"_blank\">etelasavonha.fi\/kausirokotus<\/a>. Nettiajanvaraus on hyvin helppok\u00e4ytt\u00f6inen, se ei edellyt\u00e4 edes tunnistautumista verkkopankkitunnuksilla. N\u00e4in on my\u00f6s mahdollista tarvittaessa avustaa toisia henkil\u00f6it\u00e4 ajan varaamisessa.<\/p>\n<p>Jos netti\u00e4 ei voi k\u00e4ytt\u00e4\u00e4, ajan voi varata puhelimitse numerosta 015\u00a0351 3100 arkisin klo 8.00\u201314.30. Puhelinpalvelussa voi esiinty\u00e4 ruuhkaa. Muista Eloisan palvelunumeroista kausirokotusten varaaminen ei ole mahdollista.<\/p>\n<p>Hoivakodeissa asuvien ja s\u00e4\u00e4nn\u00f6llisen kotihoidon piiriin kuuluvien ei tarvitse varata rokotusaikaa. Heid\u00e4t rokotetaan kyseisiss\u00e4 palveluissa.<\/p>\n<p>Saanko maksuttoman kausirokotteen?<\/p>\n<p>Influenssarokotteen kohderyhm\u00e4t ovat ennallaan aiemmista vuosista. Ne l\u00f6ytyv\u00e4t uutisen lopusta.<\/p>\n<p>Koronarokotteen tehosteannoksen suositusta on tarkennettu aiemmista vuosista. Terveyden ja hyvinvoinnin laitos ei suosittele koronarokotteen tehosteannosta en\u00e4\u00e4 alle 75-vuotiaille perusterveille.<\/p>\n<p>\u2013 T\u00e4m\u00e4 on kausirokotusten suurin muutos t\u00e4n\u00e4 syksyn\u00e4. Koronarokotetta saamme k\u00e4ytt\u00f6\u00f6n uuden linjauksen johdosta hieman v\u00e4hemm\u00e4n kuin viime vuonna, koska se ei koske en\u00e4\u00e4 niin montaa henkil\u00f6\u00e4 kuin ennen, G\u00e4rdstr\u00f6m kertoo.<\/p>\n<p>Koronarokotteen tehosteannosta annetaan my\u00f6s alle 75-vuotiaille eri riskiryhmien perusteella.<\/p>\n<p>Influenssarokotteen kohderyhm\u00e4t:<\/p>\n<ul class=\"wp-block-list\">\n<li>Kaikki 65 vuotta t\u00e4ytt\u00e4neet ja sit\u00e4 vanhemmat<\/li>\n<li>Alle 7-vuotiaat lapset<\/li>\n<li>Raskaana olevat<\/li>\n<li>Sairauden tai hoidon vuoksi riskiryhmiin kuuluvat<\/li>\n<li>Varusmiespalveluksen tai vapaaehtoisen asepalveluksen aloittavat<\/li>\n<li>Sote- ja l\u00e4\u00e4kehuollon henkil\u00f6st\u00f6, joka osallistuu potilaiden ja asiakkaiden v\u00e4litt\u00f6m\u00e4\u00e4n hoitoon tai huoltoon.<\/li>\n<li>Vakavalle influenssalle <a href=\"https:\/\/eur04.safelinks.protection.outlook.com\/?url=https%3A%2F%2Fthl.fi%2Faiheet%2Finfektiotaudit-ja-rokotukset%2Frokotteet-a-o%2Finfluenssarokote%2Fkenelle-ilmainen-influenssarokote-%2Falttiiden-henkiloiden-lahipiirin-influenssarokotukset&amp;data=05%7C02%7Cniina.luukkainen%40savonlinna.fi%7C131b2e80059d4d0e733f08de00a8f5f7%7C66efce4db8db44bea67bb9637ded8d23%7C0%7C0%7C638948922842702559%7CUnknown%7CTWFpbGZsb3d8eyJFbXB0eU1hcGkiOnRydWUsIlYiOiIwLjAuMDAwMCIsIlAiOiJXaW4zMiIsIkFOIjoiTWFpbCIsIldUIjoyfQ%3D%3D%7C0%7C%7C%7C&amp;sdata=poVkKZxLg%2BoedDkGcaaxTplGJvlHzBxgDYw9mDeK2Qk%3D&amp;reserved=0\" rel=\"nofollow noopener\" target=\"_blank\">erityisen alttiiden henkil\u00f6iden<\/a> l\u00e4hipiiri<\/li>\n<\/ul>\n<p>Lis\u00e4tietoa influenssarokotteesta <a href=\"https:\/\/eur04.safelinks.protection.outlook.com\/?url=https%3A%2F%2Fthl.fi%2Faiheet%2Finfektiotaudit-ja-rokotukset%2Frokotteet-a-o%2Finfluenssarokote%2Fkenelle-ilmainen-influenssarokote-%2Falttiiden-henkiloiden-lahipiirin-influenssarokotukset&amp;data=05%7C02%7Cniina.luukkainen%40savonlinna.fi%7C131b2e80059d4d0e733f08de00a8f5f7%7C66efce4db8db44bea67bb9637ded8d23%7C0%7C0%7C638948922842719009%7CUnknown%7CTWFpbGZsb3d8eyJFbXB0eU1hcGkiOnRydWUsIlYiOiIwLjAuMDAwMCIsIlAiOiJXaW4zMiIsIkFOIjoiTWFpbCIsIldUIjoyfQ%3D%3D%7C0%7C%7C%7C&amp;sdata=aA%2BxJ1bj5bmTR%2B0k%2B4ankGaCwb8f6mkkev0SA6j%2BpDc%3D&amp;reserved=0\" rel=\"nofollow noopener\" target=\"_blank\">THL:n sivuilla<\/a>.<\/p>\n<p>Koronarokotusten tehosteannosta suositellaan:<\/p>\n<ul class=\"wp-block-list\">\n<li>Hoivakodeissa tai s\u00e4\u00e4nn\u00f6llisess\u00e4 j\u00e4rjestetyss\u00e4 kotihoidossa oleville i\u00e4kk\u00e4ille sek\u00e4 omaishoidettaville i\u00e4kk\u00e4ille henkil\u00f6ille<\/li>\n<li>Kaikille 75 vuotta t\u00e4ytt\u00e4neille ja sit\u00e4 vanhemmille<\/li>\n<li>Kaikenik\u00e4isille voimakkaasti immuunipuutteisille<\/li>\n<li>Lue lis\u00e4\u00e4: <a href=\"https:\/\/eur04.safelinks.protection.outlook.com\/?url=https%3A%2F%2Fthl.fi%2Faiheet%2Finfektiotaudit-ja-rokotukset%2Frokotteet-a-o%2Fkoronarokotteet%2Feri-ryhmien-koronarokotukset%2Fvoimakkaasti-immuunipuutteisten-koronarokotukset&amp;data=05%7C02%7Cniina.luukkainen%40savonlinna.fi%7C131b2e80059d4d0e733f08de00a8f5f7%7C66efce4db8db44bea67bb9637ded8d23%7C0%7C0%7C638948922842735253%7CUnknown%7CTWFpbGZsb3d8eyJFbXB0eU1hcGkiOnRydWUsIlYiOiIwLjAuMDAwMCIsIlAiOiJXaW4zMiIsIkFOIjoiTWFpbCIsIldUIjoyfQ%3D%3D%7C0%7C%7C%7C&amp;sdata=8pWtIW7IaQ6U2Xg3cr8SaHKszaPG4Z00kaiJhas5iXs%3D&amp;reserved=0\" rel=\"nofollow noopener\" target=\"_blank\">Voimakkaasti immuunipuutteisten koronarokotukset<\/a><\/li>\n<li>Syksyll\u00e4 2025 koronarokotetta suositellaan my\u00f6s muille yli 18-vuotiaille, joilla on kaksi tai useampi vakavan koronataudin riski\u00e4 lis\u00e4\u00e4v\u00e4 sairaus.<\/li>\n<li>Lue lis\u00e4\u00e4: <a href=\"https:\/\/eur04.safelinks.protection.outlook.com\/?url=https%3A%2F%2Fthl.fi%2Faiheet%2Finfektiotaudit-ja-rokotukset%2Frokotteet-a-o%2Fkoronarokotteet%2Feri-ryhmien-koronarokotukset%2Fvakavan-koronataudin-riskiryhmat&amp;data=05%7C02%7Cniina.luukkainen%40savonlinna.fi%7C131b2e80059d4d0e733f08de00a8f5f7%7C66efce4db8db44bea67bb9637ded8d23%7C0%7C0%7C638948922842751360%7CUnknown%7CTWFpbGZsb3d8eyJFbXB0eU1hcGkiOnRydWUsIlYiOiIwLjAuMDAwMCIsIlAiOiJXaW4zMiIsIkFOIjoiTWFpbCIsIldUIjoyfQ%3D%3D%7C0%7C%7C%7C&amp;sdata=1pT1daz7bJ%2BdrCc5DYYD8YJt17l4QOSN6XiIXT164%2BU%3D&amp;reserved=0\" rel=\"nofollow noopener\" target=\"_blank\">Vakavan koronataudin riskiryhm\u00e4t<\/a><\/li>\n<\/ul>\n<p>Lis\u00e4tietoa koronarokotteesta <a href=\"https:\/\/eur04.safelinks.protection.outlook.com\/?url=https%3A%2F%2Fthl.fi%2Faiheet%2Finfektiotaudit-ja-rokotukset%2Frokotteet-a-o%2Fkoronarokotteet%2Feri-ryhmien-koronarokotukset%2Fvakavan-koronataudin-riskiryhmat&amp;data=05%7C02%7Cniina.luukkainen%40savonlinna.fi%7C131b2e80059d4d0e733f08de00a8f5f7%7C66efce4db8db44bea67bb9637ded8d23%7C0%7C0%7C638948922842767534%7CUnknown%7CTWFpbGZsb3d8eyJFbXB0eU1hcGkiOnRydWUsIlYiOiIwLjAuMDAwMCIsIlAiOiJXaW4zMiIsIkFOIjoiTWFpbCIsIldUIjoyfQ%3D%3D%7C0%7C%7C%7C&amp;sdata=JbtAj5sKsJTjzEP8mewYs%2Fu0lgz5CcFK5y486sTLfzk%3D&amp;reserved=0\" rel=\"nofollow noopener\" target=\"_blank\">THL:n sivuilla<\/a>.<\/p>\n<p>Lis\u00e4tiedot<\/p>\n<p>Ylil\u00e4\u00e4k\u00e4ri, Hans G\u00e4rdstr\u00f6m, <a href=\"https:\/\/www.savonlinna.fi\/influenssa-ja-koronarokotukset-alkavat-lokakuun-puolivalissa-ajan-voi-jo-varata\/mailto:hans.gardstrom@etelasavonha.fi\" rel=\"nofollow noopener\" target=\"_blank\">hans.gardstrom@etelasavonha.fi<\/a>, p. 044 7944 000<\/p>\n","protected":false},"excerpt":{"rendered":"keskiviikkona 1. lokakuuta 2025 Kausirokotukset, eli influenssa- ja koronarokotukset k\u00e4ynnistyv\u00e4t Etel\u00e4-Savon hyvinvointialueella 13. lokakuuta alkaen. Kausirokotteiden kohderyhmiin kuuluvat&hellip;\n","protected":false},"author":2,"featured_media":18761,"comment_status":"","ping_status":"","sticky":false,"template":"","format":"standard","meta":{"footnotes":""},"categories":[165],"tags":[33,31,30,166,32,167],"class_list":{"0":"post-50385","1":"post","2":"type-post","3":"status-publish","4":"format-standard","5":"has-post-thumbnail","7":"category-terveys","8":"tag-fi","9":"tag-finland","10":"tag-finnish","11":"tag-health","12":"tag-suomi","13":"tag-terveys"},"share_on_mastodon":{"url":"","error":""},"_links":{"self":[{"href":"https:\/\/www.europesays.com\/fi\/wp-json\/wp\/v2\/posts\/50385","targetHints":{"allow":["GET"]}}],"collection":[{"href":"https:\/\/www.europesays.com\/fi\/wp-json\/wp\/v2\/posts"}],"about":[{"href":"https:\/\/www.europesays.com\/fi\/wp-json\/wp\/v2\/types\/post"}],"author":[{"embeddable":true,"href":"https:\/\/www.europesays.com\/fi\/wp-json\/wp\/v2\/users\/2"}],"replies":[{"embeddable":true,"href":"https:\/\/www.europesays.com\/fi\/wp-json\/wp\/v2\/comments?post=50385"}],"version-history":[{"count":0,"href":"https:\/\/www.europesays.com\/fi\/wp-json\/wp\/v2\/posts\/50385\/revisions"}],"wp:featuredmedia":[{"embeddable":true,"href":"https:\/\/www.europesays.com\/fi\/wp-json\/wp\/v2\/media\/18761"}],"wp:attachment":[{"href":"https:\/\/www.europesays.com\/fi\/wp-json\/wp\/v2\/media?parent=50385"}],"wp:term":[{"taxonomy":"category","embeddable":true,"href":"https:\/\/www.europesays.com\/fi\/wp-json\/wp\/v2\/categories?post=50385"},{"taxonomy":"post_tag","embeddable":true,"href":"https:\/\/www.europesays.com\/fi\/wp-json\/wp\/v2\/tags?post=50385"}],"curies":[{"name":"wp","href":"https:\/\/api.w.org\/{rel}","templated":true}]}}