{"id":50388,"date":"2025-10-01T09:29:08","date_gmt":"2025-10-01T09:29:08","guid":{"rendered":"https:\/\/www.europesays.com\/fi\/50388\/"},"modified":"2025-10-01T09:29:08","modified_gmt":"2025-10-01T09:29:08","slug":"podcast-martina-aitolehti-laukoo-kovat-sanat-tyttarensa-isasta-oikeasti-pahasti-vialla","status":"publish","type":"post","link":"https:\/\/www.europesays.com\/fi\/50388\/","title":{"rendered":"Podcast: Martina Aitolehti laukoo kovat sanat tytt\u00e4rens\u00e4 is\u00e4st\u00e4: \u201dOikeasti pahasti vialla\u201d"},"content":{"rendered":"<p>Martina Aitolehti puhuu yksinhuoltajuudestaan Martina &amp; Esko -podcastissaan.<\/p>\n<p><img decoding=\"async\" class=\"image image-show image-preview\" src=\"https:\/\/www.europesays.com\/fi\/wp-content\/uploads\/2025\/10\/e60ce8cc46105471c2a7e9ccab72811daa8ccd5d4d5ef5cf1263731d009bb1b2.jpg\" alt=\"\"\/><img decoding=\"async\" class=\"image image-show\" src=\"https:\/\/www.europesays.com\/fi\/wp-content\/uploads\/2025\/10\/1759310948_768_e60ce8cc46105471c2a7e9ccab72811daa8ccd5d4d5ef5cf1263731d009bb1b2.jpg\" alt=\"\"\/><\/p>\n<p>Martina Aitolehti avautuu yksinhuoltajuudestaan podcastissa. Pete Anikari<\/p>\n<p class=\"paragraph\">Hyvinvointivaikuttaja <strong>Martina Aitolehti<\/strong>, 43, ja radiojuontaja <strong>Esko Eerik\u00e4inen<\/strong>, 51, puhuvat <a href=\"https:\/\/podimo.com\/fi\/shows\/martina-ja-esko\" target=\"_blank\" rel=\"noopener nofollow\">Martina &amp; Esko<\/a> -podcastissaan yksinhuoltajuudesta.<\/p>\n<p class=\"paragraph\">Ex-avioparilla on yhteishuoltajuus yhteisest\u00e4 lapsestaan <strong>Victoriasta<\/strong>, mutta Aitolehdell\u00e4 on <strong>Isabella<\/strong>-tyt\u00e4r entisest\u00e4 liitostaan <strong>Stefan Thermanin<\/strong> kanssa.<\/p>\n<p class=\"paragraph\">Jaksossa Eerik\u00e4inen kertoo havainneensa, ett\u00e4 on paljon sellaisia isi\u00e4, jotka eiv\u00e4t ota mink\u00e4\u00e4nlaista vastuuta lapsistaan. Eerik\u00e4isen k\u00e4sityksen mukaan joissakin tilanteissa lapset ovat vain viikonloppuisin is\u00e4n luona. T\u00e4m\u00e4 saa Aitolehden kertomaan Isabellan is\u00e4st\u00e4.<\/p>\n<p class=\"paragraph\">\u2013 Tai sitten ei ole ollenkaan, niin kuin minun tapauksessani. Isabella on kanssani aina k\u00e4yt\u00e4nn\u00f6ss\u00e4, Aitolehti kertoo jaksossa.<\/p>\n<p class=\"paragraph\">\u2013 Min\u00e4 olen se vanhempi, joka ottaa 100-prosenttisen vastuun. En koe, ett\u00e4 vastuunottamista on se, ett\u00e4 soittelet silloin t\u00e4ll\u00f6in ja laitat silloin t\u00e4ll\u00f6in parikymppi\u00e4 tilille, h\u00e4n jatkaa.<\/p>\n<p>Martina Aitolehden mukaan Isabella-tyt\u00e4r on aina h\u00e4nen luonaan. PASI LIESIMAA<\/p>\n<p class=\"paragraph\">Eerik\u00e4inen toteaa jakson aikana, ettei osaisi kuvitella, millaista olisi olla yksinhuoltaja niin, ett\u00e4 h\u00e4n olisi 100-prosenttisesti vastuussa lapsestaan. T\u00e4h\u00e4n Aitolehti heitt\u00e4\u00e4 pys\u00e4ytt\u00e4v\u00e4n ajatusleikin.<\/p>\n<p class=\"paragraph\">\u2013 Ja mieti siihen sellainen ajatus, ett\u00e4 tiet\u00e4isit olemassaoloni ja tiedostaisit, ett\u00e4 minua ei yht\u00e4\u00e4n kiinnostaisi oma lapseni. Mietip\u00e4 sellaista. Ihan hirve\u00e4\u00e4 mielest\u00e4ni, Aitolehti sanoo.<\/p>\n<p class=\"paragraph\">\u2013 Mutta ei saa katkeroitua, se on ihan myrkky\u00e4. Kaadat myrkky\u00e4 omaan lasiisi, jos teet niin. Ajattelen asian niin, ett\u00e4 se on jokaisen oma valinta. Jos p\u00e4\u00e4t\u00e4t valita niin, ettet halua ottaa vastuuta omasta pienest\u00e4 lapsestasi, joka on osa sinua, niin jokin on vialla. Jumalauta jokin on oikeasti pahasti vialla. Minun ei tarvitse tai kannata siit\u00e4 katkeroitua, vaan hyv\u00e4ksy\u00e4 se, ett\u00e4 h\u00e4n valitsee n\u00e4in. En voi sille mit\u00e4\u00e4n, h\u00e4n pohtii.<\/p>\n<p class=\"paragraph\">My\u00f6hemmin jakson aikana Eerik\u00e4inen kysyy Aitolehdelt\u00e4, uskooko h\u00e4n sen olevan liian my\u00f6h\u00e4ist\u00e4, jos Isabellan is\u00e4 ottaisi yhteytt\u00e4 v\u00e4h\u00e4isen yhteydenpitonsa j\u00e4lkeen esimerkiksi parin vuoden p\u00e4\u00e4st\u00e4. Aitolehdelt\u00e4 tulee heti vastaus.<\/p>\n<p class=\"paragraph\">\u2013 Sit\u00e4 pit\u00e4isi varmaan kysy\u00e4 lapselta siin\u00e4 vaiheessa. Kolmen vuoden p\u00e4\u00e4st\u00e4 luulen, ett\u00e4 Isbe on l\u00e4hd\u00f6ss\u00e4 maailmalle 16\u201317-vuotiaana. H\u00e4n on varmaan jo jossain Saksa\u2013Hollanti-akselilla hevostensa kanssa, ett\u00e4 sinne voi sitten menn\u00e4 morottamaan kent\u00e4n laidalle. Veikkaan, ettei en\u00e4\u00e4 kauheasti kiinnosta, Aitolehti tuumaa.<\/p>\n<p class=\"paragraph\">Aitolehti ja Therman olivat yhdess\u00e4 vuoteen 2020 asti, jolloin he ilmoittivat erostaan. Eerik\u00e4inen ja Aitolehti puolestaan erosivat lopullisesti vuonna 2011.<\/p>\n<p>Esko Eerik\u00e4inen kysyy jaksossa Martina Aitolehdelt\u00e4, olisiko liian my\u00f6h\u00e4ist\u00e4 Isabellan is\u00e4lt\u00e4 ottaa yhteytt\u00e4 v\u00e4h\u00e4isen yhteydenpitonsa j\u00e4lkeen parin vuoden p\u00e4\u00e4st\u00e4. Jere Viinikainen, Podimo<\/p>\n","protected":false},"excerpt":{"rendered":"Martina Aitolehti puhuu yksinhuoltajuudestaan Martina &amp; Esko -podcastissaan. Martina Aitolehti avautuu yksinhuoltajuudestaan podcastissa. Pete Anikari Hyvinvointivaikuttaja Martina Aitolehti,&hellip;\n","protected":false},"author":2,"featured_media":50389,"comment_status":"","ping_status":"","sticky":false,"template":"","format":"standard","meta":{"footnotes":""},"categories":[130],"tags":[35,137,33,31,30,101,408,99,98,32,139,109],"class_list":{"0":"post-50388","1":"post","2":"type-post","3":"status-publish","4":"format-standard","5":"has-post-thumbnail","7":"category-viihde","8":"tag-24h","9":"tag-entertainment","10":"tag-fi","11":"tag-finland","12":"tag-finnish","13":"tag-ihmissuhteet","14":"tag-julkkikset","15":"tag-lapset","16":"tag-perhe","17":"tag-suomi","18":"tag-tv-ohjelmat","19":"tag-viihde"},"share_on_mastodon":{"url":"","error":""},"_links":{"self":[{"href":"https:\/\/www.europesays.com\/fi\/wp-json\/wp\/v2\/posts\/50388","targetHints":{"allow":["GET"]}}],"collection":[{"href":"https:\/\/www.europesays.com\/fi\/wp-json\/wp\/v2\/posts"}],"about":[{"href":"https:\/\/www.europesays.com\/fi\/wp-json\/wp\/v2\/types\/post"}],"author":[{"embeddable":true,"href":"https:\/\/www.europesays.com\/fi\/wp-json\/wp\/v2\/users\/2"}],"replies":[{"embeddable":true,"href":"https:\/\/www.europesays.com\/fi\/wp-json\/wp\/v2\/comments?post=50388"}],"version-history":[{"count":0,"href":"https:\/\/www.europesays.com\/fi\/wp-json\/wp\/v2\/posts\/50388\/revisions"}],"wp:featuredmedia":[{"embeddable":true,"href":"https:\/\/www.europesays.com\/fi\/wp-json\/wp\/v2\/media\/50389"}],"wp:attachment":[{"href":"https:\/\/www.europesays.com\/fi\/wp-json\/wp\/v2\/media?parent=50388"}],"wp:term":[{"taxonomy":"category","embeddable":true,"href":"https:\/\/www.europesays.com\/fi\/wp-json\/wp\/v2\/categories?post=50388"},{"taxonomy":"post_tag","embeddable":true,"href":"https:\/\/www.europesays.com\/fi\/wp-json\/wp\/v2\/tags?post=50388"}],"curies":[{"name":"wp","href":"https:\/\/api.w.org\/{rel}","templated":true}]}}