{"id":50390,"date":"2025-10-01T09:30:10","date_gmt":"2025-10-01T09:30:10","guid":{"rendered":"https:\/\/www.europesays.com\/fi\/50390\/"},"modified":"2025-10-01T09:30:10","modified_gmt":"2025-10-01T09:30:10","slug":"suomalaisten-suosimalla-teneriffalla-emamunaus-turisteja-uhkaavat-jattisakot","status":"publish","type":"post","link":"https:\/\/www.europesays.com\/fi\/50390\/","title":{"rendered":"Suomalaisten suosimalla Teneriffalla em\u00e4munaus \u2013 turisteja uhkaavat j\u00e4ttisakot"},"content":{"rendered":"<p><strong class=\"typography-bold\">Suomalaisten suosimalla lomasaarella Teneriffalla kuohuu. Turistijoukkoa uhkaa Espanjan santarmilaitoksen Guardia civilin <\/strong><a class=\"underline\" data-testid=\"external-link\" href=\"https:\/\/www.europapress.es\/islas-canarias\/noticia-denuncian-siete-turistas-banarse-cetaceos-aguas-sur-tenerife-20250930141501.html?fbclid=IwY2xjawNJvJBleHRuA2FlbQIxMQABHvJwVodba60MgI1FU8bwd9i-oIIjARzwqDN7RAVK-0xNBuv6QymzYjaI1-3V_aem_n_oIRHQ6xH3THIE5FELTHg\" rel=\"noopener noreferrer nofollow\" data-sentry-component=\"ExternalLink\" data-sentry-source-file=\"ExternalLink.tsx\" target=\"_blank\"><strong class=\"typography-bold\">mukaan <\/strong><\/a><strong class=\"typography-bold\">jopa 60\u00a0000 euron sakko delfiinien ja valaiden kanssa uimisesta Teneriffan etel\u00e4rannikolla.<\/strong><\/p>\n<p>Kanariansaariin kuuluvalla Teneriffalla ryhm\u00e4 turisteja j\u00e4i kiinni ankarasti kielletyst\u00e4 asiasta. Turistit ikuistuivat kuviin uimassa valaiden ja delfiinien seassa.<\/p>\n<p>Merinis\u00e4kk\u00e4iden h\u00e4iritseminen erityisell\u00e4 suojelualueella on Espanjan lain nojalla ehdottomasti kielletty\u00e4.<\/p>\n<p><a class=\"underline\" data-testid=\"external-link\" href=\"https:\/\/www.canarianweekly.com\/posts\/Seven-holidaymakers-fined-for-swimming-with-whales-and-dolphins\" rel=\"noopener noreferrer nofollow\" data-sentry-component=\"ExternalLink\" data-sentry-source-file=\"ExternalLink.tsx\" target=\"_blank\">Paikallismedioiden <\/a>sek\u00e4 Guardia civilin julkaiseman tiedotteen mukaan tilanne tapahtui syyskuun puoliv\u00e4liss\u00e4 Playa de Las Americasin turistikohteen l\u00e4hettyvill\u00e4.<\/p>\n<p>Turistit olivat liikkeell\u00e4 veneill\u00e4, ja hypp\u00e4siv\u00e4t uimaan merinis\u00e4kk\u00e4iden sekaan. Tiukalla lailla halutaan suojella merinis\u00e4kk\u00e4it\u00e4. Viranomaiset onnistuivat tunnistamaan turistien k\u00e4ytt\u00e4m\u00e4t veneet ja p\u00e4\u00e4siv\u00e4t n\u00e4in tekij\u00f6iden j\u00e4ljille.<\/p>\n<p>Yhteens\u00e4 seitsem\u00e4\u00e4 matkailijaa uhkaavat nyt tuntuvat sakot. Turistit ovat kertoneet, etteiv\u00e4t olleet tietoisia lain asettamista rajoista.<\/p>\n<p>Espanjan viranomaisten mukaan tiet\u00e4m\u00e4tt\u00f6myys ei kuitenkaan ole hyv\u00e4ksytt\u00e4v\u00e4 syy rikkoa lakia.<\/p>\n<p>Guardia civil on muistuttanut, ett\u00e4 uiminen villien el\u00e4inten seassa voi vaarantaa sek\u00e4 el\u00e4imet ett\u00e4 turistit.<\/p>\n<p>0:30<img alt=\"Turisti tankotanssi lipputangolla Turkissa \u2013 vuosien vankeusrangaistus uhkaa\" data-testid=\"web-player-broker-image\" data-sentry-element=\"Image\" data-sentry-source-file=\"NextImage.tsx\" fetchpriority=\"low\" loading=\"lazy\" decoding=\"async\" data-nimg=\"fill\" class=\"transition duration-700 ease-in-out hover:scale-[1.05]\" style=\"position:absolute;height:100%;width:100%;left:0;top:0;right:0;bottom:0;color:transparent;background-size:cover;background-position:50% 50%;background-repeat:no-repeat;background-image:url(&quot;data:image\/svg+xml;base64,Cjxzdmcgd2lkdGg9IjcyMCIgaGVpZ2h0PSI0MDUiIHZlcnNpb249IjEuMSIgeG1sbnM9Imh0dHA6Ly93d3cudzMub3JnLzIwMDAvc3ZnIiB4bWxuczp4bGluaz0iaHR0cDovL3d3dy53My5vcmcvMTk5OS94bGluayI+CiAgPGRlZnM+CiAgICA8bGluZWFyR3JhZGllbnQgaWQ9ImciPgogICAgICA8c3RvcCBzdG9wLWNvbG9yPSIjMEIxODIzIiBvZmZzZXQ9IjIwJSIgLz4KICAgICAgPHN0b3Agc3RvcC1jb2xvcj0iIzFBMjczMiIgb2Zmc2V0PSI1MCUiIC8+CiAgICAgIDxzdG9wIHN0b3AtY29sb3I9IiMwQjE4MjMiIG9mZnNldD0iNzAlIiAvPgogICAgPC9saW5lYXJHcmFkaWVudD4KICA8L2RlZnM+CiAgPHJlY3Qgd2lkdGg9IjcyMCIgaGVpZ2h0PSI0MDUiIGZpbGw9IiMwQjE4MjMiIC8+CiAgPHJlY3QgaWQ9InIiIHdpZHRoPSI3MjAiIGhlaWdodD0iNDA1IiBmaWxsPSJ1cmwoI2cpIiAvPgogIDxhbmltYXRlIHhsaW5rOmhyZWY9IiNyIiBhdHRyaWJ1dGVOYW1lPSJ4IiBmcm9tPSItNzIwIiB0bz0iNzIwIiBkdXI9IjFzIiByZXBlYXRDb3VudD0iaW5kZWZpbml0ZSIgIC8+Cjwvc3ZnPg==&quot;)\"   src=\"https:\/\/www.europesays.com\/fi\/wp-content\/uploads\/2025\/10\/imageproxy.a2d.tv\"\/>Katso my\u00f6s: Turisti tankotanssi lipputangolla Turkissa \u2013 uhkaa vuosien vankeusrangaistus.<\/p>\n","protected":false},"excerpt":{"rendered":"Suomalaisten suosimalla lomasaarella Teneriffalla kuohuu. Turistijoukkoa uhkaa Espanjan santarmilaitoksen Guardia civilin mukaan jopa 60\u00a0000 euron sakko delfiinien ja&hellip;\n","protected":false},"author":2,"featured_media":50391,"comment_status":"","ping_status":"","sticky":false,"template":"","format":"standard","meta":{"footnotes":""},"categories":[112],"tags":[33,31,30,118,32,119],"class_list":{"0":"post-50390","1":"post","2":"type-post","3":"status-publish","4":"format-standard","5":"has-post-thumbnail","7":"category-tiede","8":"tag-fi","9":"tag-finland","10":"tag-finnish","11":"tag-science","12":"tag-suomi","13":"tag-tiede"},"share_on_mastodon":{"url":"","error":""},"_links":{"self":[{"href":"https:\/\/www.europesays.com\/fi\/wp-json\/wp\/v2\/posts\/50390","targetHints":{"allow":["GET"]}}],"collection":[{"href":"https:\/\/www.europesays.com\/fi\/wp-json\/wp\/v2\/posts"}],"about":[{"href":"https:\/\/www.europesays.com\/fi\/wp-json\/wp\/v2\/types\/post"}],"author":[{"embeddable":true,"href":"https:\/\/www.europesays.com\/fi\/wp-json\/wp\/v2\/users\/2"}],"replies":[{"embeddable":true,"href":"https:\/\/www.europesays.com\/fi\/wp-json\/wp\/v2\/comments?post=50390"}],"version-history":[{"count":0,"href":"https:\/\/www.europesays.com\/fi\/wp-json\/wp\/v2\/posts\/50390\/revisions"}],"wp:featuredmedia":[{"embeddable":true,"href":"https:\/\/www.europesays.com\/fi\/wp-json\/wp\/v2\/media\/50391"}],"wp:attachment":[{"href":"https:\/\/www.europesays.com\/fi\/wp-json\/wp\/v2\/media?parent=50390"}],"wp:term":[{"taxonomy":"category","embeddable":true,"href":"https:\/\/www.europesays.com\/fi\/wp-json\/wp\/v2\/categories?post=50390"},{"taxonomy":"post_tag","embeddable":true,"href":"https:\/\/www.europesays.com\/fi\/wp-json\/wp\/v2\/tags?post=50390"}],"curies":[{"name":"wp","href":"https:\/\/api.w.org\/{rel}","templated":true}]}}