{"id":50398,"date":"2025-10-01T09:34:09","date_gmt":"2025-10-01T09:34:09","guid":{"rendered":"https:\/\/www.europesays.com\/fi\/50398\/"},"modified":"2025-10-01T09:34:09","modified_gmt":"2025-10-01T09:34:09","slug":"tampereen-peltokadulla-palaa-toimistotalon-parkkihallissa","status":"publish","type":"post","link":"https:\/\/www.europesays.com\/fi\/50398\/","title":{"rendered":"Tampereen Peltokadulla palaa toimistotalon parkkihallissa."},"content":{"rendered":"<p>Tampere|Tampereen Peltokadulla palaa toimistotalon parkkihallissa. Ty\u00f6ntekij\u00f6it\u00e4 on evakuoitu.<\/p>\n<p class=\"article-body mb-nof-24 px-nof-16\">Tampereen Peltokadulla on syttynyt autopalo toimistotalon parkkihallissa. Kuvat ja videot n\u00e4ytt\u00e4v\u00e4t sankan savun levinneen alueella.<\/p>\n<p class=\"article-body mb-nof-24 px-nof-16\">Viranomaistiedotteessa kehotetaan ihmisi\u00e4 v\u00e4ltt\u00e4m\u00e4st\u00e4 liikkumista l\u00e4hialueella ja sulkemaan ilmanvaihto l\u00e4hirakennuksissa.<\/p>\n<p class=\"article-body mb-nof-24 px-nof-16\">Pirkanmaan pelastuslaitos sai h\u00e4lytyksen liikennev\u00e4linepalosta maan alla noin kello 10.50 keskiviikkona.<\/p>\n<p class=\"article-body mb-nof-24 px-nof-16\">Silminn\u00e4kij\u00e4n mukaan paikalla oli kello 11:n j\u00e4lkeen runsaasti h\u00e4lytysajoneuvoja. Savunmuodostus oli alun j\u00e4lkeen heikentynyt.<\/p>\n<p class=\"article-body mb-nof-24 px-nof-16\">Kyseinen rakennus on Go21-kiinteist\u00f6, joka on Goforen p\u00e4\u00e4konttori. Rakennuksessa on my\u00f6s muiden yritysten toimistoja, kuten CGI, M-Files ja Fellowmind. My\u00f6s Jatke Pirkanmaa ja ravintola- ja kahvilatoiminnasta vastaava Aitoleip\u00e4 toimivat kiinteist\u00f6ss\u00e4.<\/p>\n<p class=\"article-body mb-nof-24 px-nof-16\">Toimistokiinteist\u00f6ss\u00e4 on yhteens\u00e4 113 autopaikkaa, joista 96 paikkaa hallissa ja 17 paikkaa pihassa. Kohteessa on 20 s\u00e4hk\u00f6auton latauspistett\u00e4.<\/p>\n<p class=\"article-body mb-nof-24 px-nof-16\">Goforen toimitusjohtaja <a class=\"article-personlink\" href=\"https:\/\/www.hs.fi\/haku\/?query=Mikael%20Nylund\" rel=\"nofollow noopener\" target=\"_blank\">Mikael Nylund<\/a> ei itse ollut paikalla. H\u00e4n kertoi alkavansa selvitt\u00e4\u00e4 tilannetta oman yrityksen\u00e4 osalta.<\/p>\n<p class=\"article-body mb-nof-24 px-nof-16\">Goforen ty\u00f6ntekij\u00e4 taas kertoo, ett\u00e4 ainakin koko Goforen henkil\u00f6st\u00f6 evakuoitiin.<\/p>\n<p class=\"article-body mb-nof-24 px-nof-16\">Palo ja sen sammutus vaikuttavat my\u00f6s liikenteeseen. Fintrafficin tieliikennekeskuksen mukaan Ratapihankatu on suljettu Rantatunnelilta saakka. Viranomaistiedotteen mukaan my\u00f6s V\u00e4in\u00f6l\u00e4nkadun liikenne on katkaistu.<\/p>\n<p class=\"article-body mb-nof-24 px-nof-16\">Aamulehden kuvaaja <a class=\"article-personlink\" href=\"https:\/\/www.hs.fi\/haku\/?query=Laura%20Talvitie\" rel=\"nofollow noopener\" target=\"_blank\">Laura Talvitie<\/a> kertoi aiemmin paikalta, ett\u00e4 liekkej\u00e4 ei n\u00e4y, mutta savua tulee ulos rakennuksesta. Talvitie kertoi, ett\u00e4 l\u00e4heisen Juhannuskyl\u00e4n koulun lapset odottivat sis\u00e4tiloissa tilanteen selkeytymist\u00e4. Noin kello 12 Talvitien mukaan lapset olivat p\u00e4\u00e4sseet ulos.<\/p>\n<p><img decoding=\"async\" src=\"https:\/\/www.europesays.com\/fi\/wp-content\/uploads\/2025\/10\/1759311248_252_468.jpg\" alt=\"\" class=\"_Img_1rerz_1\" style=\"aspect-ratio:1.4964925954793453\" loading=\"eager\"\/><img decoding=\"async\" src=\"https:\/\/www.europesays.com\/fi\/wp-content\/uploads\/2025\/10\/1759311248_10_468.jpg\" alt=\"\" class=\"_Img_1rerz_1\" style=\"aspect-ratio:1.3333333333333333\" loading=\"eager\"\/><img decoding=\"async\" src=\"https:\/\/www.europesays.com\/fi\/wp-content\/uploads\/2025\/10\/1759311249_142_468.jpg\" alt=\"Lukijan kuva\" class=\"_Img_1rerz_1\" style=\"aspect-ratio:0.75\" loading=\"eager\"\/><\/p>\n<p class=\"article-body nof-ui-body-medium mb-nof-24 px-nof-16\">Uutinen p\u00e4ivittyy.<\/p>\n","protected":false},"excerpt":{"rendered":"Tampere|Tampereen Peltokadulla palaa toimistotalon parkkihallissa. Ty\u00f6ntekij\u00f6it\u00e4 on evakuoitu. Tampereen Peltokadulla on syttynyt autopalo toimistotalon parkkihallissa. Kuvat ja videot&hellip;\n","protected":false},"author":2,"featured_media":50399,"comment_status":"","ping_status":"","sticky":false,"template":"","format":"standard","meta":{"footnotes":""},"categories":[12],"tags":[22,23,26,27,33,31,30,17,46,24,25,28,29,15,18,21,32,19,20,16],"class_list":{"0":"post-50398","1":"post","2":"type-post","3":"status-publish","4":"format-standard","5":"has-post-thumbnail","7":"category-suomi","8":"tag-breaking-news","9":"tag-breakingnews","10":"tag-featured-news","11":"tag-featurednews","12":"tag-fi","13":"tag-finland","14":"tag-finnish","15":"tag-headlines","16":"tag-helsingin-sanomat","17":"tag-latest-news","18":"tag-latestnews","19":"tag-main-news","20":"tag-mainnews","21":"tag-news","22":"tag-otsikot","23":"tag-paauutiset","24":"tag-suomi","25":"tag-top-stories","26":"tag-topstories","27":"tag-uutiset"},"share_on_mastodon":{"url":"","error":""},"_links":{"self":[{"href":"https:\/\/www.europesays.com\/fi\/wp-json\/wp\/v2\/posts\/50398","targetHints":{"allow":["GET"]}}],"collection":[{"href":"https:\/\/www.europesays.com\/fi\/wp-json\/wp\/v2\/posts"}],"about":[{"href":"https:\/\/www.europesays.com\/fi\/wp-json\/wp\/v2\/types\/post"}],"author":[{"embeddable":true,"href":"https:\/\/www.europesays.com\/fi\/wp-json\/wp\/v2\/users\/2"}],"replies":[{"embeddable":true,"href":"https:\/\/www.europesays.com\/fi\/wp-json\/wp\/v2\/comments?post=50398"}],"version-history":[{"count":0,"href":"https:\/\/www.europesays.com\/fi\/wp-json\/wp\/v2\/posts\/50398\/revisions"}],"wp:featuredmedia":[{"embeddable":true,"href":"https:\/\/www.europesays.com\/fi\/wp-json\/wp\/v2\/media\/50399"}],"wp:attachment":[{"href":"https:\/\/www.europesays.com\/fi\/wp-json\/wp\/v2\/media?parent=50398"}],"wp:term":[{"taxonomy":"category","embeddable":true,"href":"https:\/\/www.europesays.com\/fi\/wp-json\/wp\/v2\/categories?post=50398"},{"taxonomy":"post_tag","embeddable":true,"href":"https:\/\/www.europesays.com\/fi\/wp-json\/wp\/v2\/tags?post=50398"}],"curies":[{"name":"wp","href":"https:\/\/api.w.org\/{rel}","templated":true}]}}