{"id":50400,"date":"2025-10-01T09:35:07","date_gmt":"2025-10-01T09:35:07","guid":{"rendered":"https:\/\/www.europesays.com\/fi\/50400\/"},"modified":"2025-10-01T09:35:07","modified_gmt":"2025-10-01T09:35:07","slug":"katkos-tv-kanavilla-digitan-muutostoiden-takia-uutisia-lyhyesti","status":"publish","type":"post","link":"https:\/\/www.europesays.com\/fi\/50400\/","title":{"rendered":"Katkos TV-kanavilla Digitan muutost\u00f6iden takia | Uutisia lyhyesti"},"content":{"rendered":"<p>11:51\u2022P\u00e4ivitetty 11:54<\/p>\n<p class=\"aw-1gybjub aw-1p7kakr cmIuaG fmSRng yle__article__paragraph\">Verkko-operaattori Digita tekee taajusmuutost\u00f6it\u00e4 Espoon radio- ja tv-asemalla t\u00e4n\u00e4\u00e4n keskiviikkona.<\/p>\n<p class=\"aw-1gybjub aw-1p7kakr cmIuaG fmSRng yle__article__paragraph\">Muutoksen takia seuraavilla kanavilla on noin puolen tunnin katkos l\u00e4hetyksess\u00e4 t\u00e4n\u00e4\u00e4n kello 11\u201312.30: Yle TV 1 HD, Yle TV 2 HD, Yle Teema &amp; Fem HD, MTV3 HD, Nelonen HD ja onniTV HD.<\/p>\n<p class=\"aw-1gybjub aw-1p7kakr cmIuaG fmSRng yle__article__paragraph\">Muutost\u00f6iden j\u00e4lkeen antenni-tv-kotitalouksissa t\u00e4ytyy tarvittaessa tehd\u00e4 kanavahaku.\u200b<\/p>\n","protected":false},"excerpt":{"rendered":"11:51\u2022P\u00e4ivitetty 11:54 Verkko-operaattori Digita tekee taajusmuutost\u00f6it\u00e4 Espoon radio- ja tv-asemalla t\u00e4n\u00e4\u00e4n keskiviikkona. Muutoksen takia seuraavilla kanavilla on noin&hellip;\n","protected":false},"author":2,"featured_media":74,"comment_status":"","ping_status":"","sticky":false,"template":"","format":"standard","meta":{"footnotes":""},"categories":[5],"tags":[22,23,7723,26,27,33,31,30,17,71,24,25,28,29,15,18,21,32,92,19,20,16,1149],"class_list":{"0":"post-50400","1":"post","2":"type-post","3":"status-publish","4":"format-standard","5":"has-post-thumbnail","7":"category-otsikot","8":"tag-breaking-news","9":"tag-breakingnews","10":"tag-digita","11":"tag-featured-news","12":"tag-featurednews","13":"tag-fi","14":"tag-finland","15":"tag-finnish","16":"tag-headlines","17":"tag-kotimaa","18":"tag-latest-news","19":"tag-latestnews","20":"tag-main-news","21":"tag-mainnews","22":"tag-news","23":"tag-otsikot","24":"tag-paauutiset","25":"tag-suomi","26":"tag-teknologia","27":"tag-top-stories","28":"tag-topstories","29":"tag-uutiset","30":"tag-yle"},"share_on_mastodon":{"url":"","error":""},"_links":{"self":[{"href":"https:\/\/www.europesays.com\/fi\/wp-json\/wp\/v2\/posts\/50400","targetHints":{"allow":["GET"]}}],"collection":[{"href":"https:\/\/www.europesays.com\/fi\/wp-json\/wp\/v2\/posts"}],"about":[{"href":"https:\/\/www.europesays.com\/fi\/wp-json\/wp\/v2\/types\/post"}],"author":[{"embeddable":true,"href":"https:\/\/www.europesays.com\/fi\/wp-json\/wp\/v2\/users\/2"}],"replies":[{"embeddable":true,"href":"https:\/\/www.europesays.com\/fi\/wp-json\/wp\/v2\/comments?post=50400"}],"version-history":[{"count":0,"href":"https:\/\/www.europesays.com\/fi\/wp-json\/wp\/v2\/posts\/50400\/revisions"}],"wp:featuredmedia":[{"embeddable":true,"href":"https:\/\/www.europesays.com\/fi\/wp-json\/wp\/v2\/media\/74"}],"wp:attachment":[{"href":"https:\/\/www.europesays.com\/fi\/wp-json\/wp\/v2\/media?parent=50400"}],"wp:term":[{"taxonomy":"category","embeddable":true,"href":"https:\/\/www.europesays.com\/fi\/wp-json\/wp\/v2\/categories?post=50400"},{"taxonomy":"post_tag","embeddable":true,"href":"https:\/\/www.europesays.com\/fi\/wp-json\/wp\/v2\/tags?post=50400"}],"curies":[{"name":"wp","href":"https:\/\/api.w.org\/{rel}","templated":true}]}}