{"id":50401,"date":"2025-10-01T09:47:11","date_gmt":"2025-10-01T09:47:11","guid":{"rendered":"https:\/\/www.europesays.com\/fi\/50401\/"},"modified":"2025-10-01T09:47:11","modified_gmt":"2025-10-01T09:47:11","slug":"is-jethro-rostedtille-jattisakot","status":"publish","type":"post","link":"https:\/\/www.europesays.com\/fi\/50401\/","title":{"rendered":"IS: Jethro Rostedtille j\u00e4ttisakot!"},"content":{"rendered":"<p>            Johanna Hintikka\n        <\/p>\n<p class=\"subtitle \">Kiinteist\u00f6nv\u00e4litt\u00e4j\u00e4 joutuu maksamaan reilut 500 000 euroa.<\/p>\n<p class=\"article-content article-content-width !bg-background\">Varsinais-Suomen k\u00e4r\u00e4j\u00e4oikeudessa k\u00e4siteltiin tiistaina (30.9.)  ja Kiinteist\u00f6 Oy Linnam\u00e4enpellon v\u00e4list\u00e4 riita-asiaa. Kiinteist\u00f6yhti\u00f6 on  lasten omistuksessa.\u00a0<\/p>\n<p class=\"font-weight-bold m-font-weight-bold article-content article-content-width !bg-background\">Arkistovideolla Jethro Rostedt kommentoi veropetokseen liittyv\u00e4\u00e4 oikeudenk\u00e4ynti\u00e4\u00e4n:<\/p>\n<p class=\"article-content article-content-width !bg-background\">Asia koski kaupan purkamista. Kaupan kohteena oli Uudessakaupungissa sijaitseva kiinteist\u00f6, jonka kauppahinnaksi oli sovittu 2 250 000 euroa. Lasku er\u00e4\u00e4ntyi kes\u00e4kuussa 2021. Rostedt ei kuitenkaan suorittanut maksua.\u00a0<\/p>\n<p>        <a itemprop=\"url\" href=\"https:\/\/www.seiska.fi\/rikos\/jethro-rostedtin-karajapiina-jatkuu\/1944602\" rel=\"nofollow noopener\" target=\"_blank\"><\/p>\n<p>\nJethro Rostedt\n<\/p>\n<p class=\"section-date\">\n        <strong class=\"article-section\" data-section=\"rikos\"><br \/>\n            rikos<br \/>\n        <\/strong><br \/>\n        29.9. 10:58\n    <\/p>\n<p>Jethro Rostedtin k\u00e4r\u00e4j\u00e4piina jatkuu\n    <\/p>\n<p itemprop=\"description\" class=\"subtitle \">\n    Kiinteist\u00f6nv\u00e4litt\u00e4j\u00e4n\u00e4 tutuksi tulleen Jethro Rostedtin tuomio ei viel\u00e4 ole lainvoimainen.\n<\/p>\n<p>        <\/a><\/p>\n<p class=\"article-content article-content-width !bg-background\">Kiinteist\u00f6yhti\u00f6 vei asian k\u00e4r\u00e4jille. K\u00e4r\u00e4j\u00e4oikeus m\u00e4\u00e4r\u00e4\u00e4si Rostedtin maksamaan kauppasumman korkoineen. Lopulta maksua karhuttiin ulosoton kautta. <a href=\"https:\/\/www.is.fi\/viihde\/art-2000011526158.html\" target=\"_blank\" rel=\"nofollow noopener\">Ilta-Sanomien<\/a> mukaan summa oli kuitenkin lyhentynyt vain 11 450 euroa.\u00a0<\/p>\n<p>                <img decoding=\"async\" src=\"https:\/\/www.europesays.com\/fi\/wp-content\/uploads\/2025\/10\/1946428.webp\" width=\"576\" height=\"639\" alt=\"Rostedtin veropetossyytteit\u00e4 k\u00e4siteltiin oikeudessa aiemmin syksyll\u00e4.\" loading=\"lazy\" \/>            <\/p>\n<p>\n            Rostedtin veropetossyytteit\u00e4 k\u00e4siteltiin oikeudessa aiemmin syksyll\u00e4.<br \/>\n            Johanna Hintikka\n        <\/p>\n<p class=\"article-content article-content-width !bg-background\">Linnam\u00e4enpelto vaati kaupan purkua, sill\u00e4 kauppahinta on yh\u00e4 maksamatta.\u00a0<\/p>\n<p class=\"article-content article-content-width !bg-background\">Rostedt oli asiassa samalla linjalla, mutta sopimussakon m\u00e4\u00e4r\u00e4st\u00e4 osapuolilla oli eri\u00e4v\u00e4t n\u00e4kemykset. Kantaja vaati 700 000 euroa, kun taas Rostedt n\u00e4kemyksen mukaan kohtuullinen summa olisi 300 000 euroa.\u00a0<\/p>\n<p>Puolen miljoonan sakot<\/p>\n<p class=\"article-content article-content-width !bg-background\">Osapuolet p\u00e4\u00e4siv\u00e4t tiistaina asiassa kompromissiin. Sopimussakon summaksi sovittiin 500 000 euroa.\u00a0<\/p>\n<p>        <a itemprop=\"url\" href=\"https:\/\/www.seiska.fi\/rikos\/jethro-rostedt-tuomittiin-torkeasta-veropetoksesta-nain-han-kommentoi\/1926490\" rel=\"nofollow noopener\" target=\"_blank\"><\/p>\n<p>\nJethro Rostedt\n<\/p>\n<p class=\"section-date\">\n        <strong class=\"article-section\" data-section=\"rikos\"><br \/>\n            rikos<br \/>\n        <\/strong><br \/>\n        10.9. 12:05\n    <\/p>\n<p>Jethro Rostedt tuomittiin t\u00f6rke\u00e4st\u00e4 veropetoksesta \u2013 n\u00e4in h\u00e4n kommentoi\n    <\/p>\n<p itemprop=\"description\" class=\"subtitle \">\n    Jethro Rostedt asteli keskiviikkona 10. syyskuuta oikeuden eteen.\n<\/p>\n<p>        <\/a><\/p>\n<p class=\"article-content article-content-width !bg-background\">Ilta-Sanomat kertoo, ett\u00e4 Rostedt oli jo ennen oikeudenk\u00e4ynti\u00e4 ilmoittanut, ettei suostu korvaamaan oikeudenk\u00e4yntikuluja. Syyksi h\u00e4n ilmoitti, ettei olisi alun alkaenkaan halunnut k\u00e4sitell\u00e4 asiaa oikeudessa.\u00a0<\/p>\n<p class=\"article-content article-content-width !bg-background\">Oikeudessa p\u00e4\u00e4tettiin, ett\u00e4 kantaja saa pit\u00e4\u00e4 ulosoton kautta kertyneet 11 450 euroa. Lis\u00e4ksi Rostedt saa maksettavakseen oikeudenk\u00e4yntikuluja 9 170 euron edest\u00e4.<\/p>\n<p class=\"article-content article-content-width !bg-background\">Tuomio ei ole lainvoimainen.\u00a0<\/p>\n<p>        <a itemprop=\"url\" href=\"https:\/\/www.seiska.fi\/rikos\/il-jethrolla-kolme-miljoonaa-ulosotossa-nain-han-kommentoi-seiskalle\/1669287\" rel=\"nofollow noopener\" target=\"_blank\"><\/p>\n<p>\nIL: Jethrolla kolme miljoonaa ulosotossa\n<\/p>\n<p class=\"section-date\">\n        <strong class=\"article-section\" data-section=\"rikos\"><br \/>\n            rikos<br \/>\n        <\/strong><br \/>\n        8.4. 18:00\n    <\/p>\n<p>IL: Jethrolla kolme miljoonaa ulosotossa \u2013 n\u00e4in h\u00e4n kommentoi Seiskalle\n    <\/p>\n<p itemprop=\"description\" class=\"subtitle \">\n    Seiskan tavoittama Jethro n\u00e4kee, ett\u00e4 median &#8221;kannattaisi joskus keskitty\u00e4 siihen, mit\u00e4 on maksettu, eik\u00e4 aina negatiiviseen uutisointiin, mit\u00e4 on maksamatta&#8221;.\n<\/p>\n<p>        <\/a><\/p>\n","protected":false},"excerpt":{"rendered":"Johanna Hintikka Kiinteist\u00f6nv\u00e4litt\u00e4j\u00e4 joutuu maksamaan reilut 500 000 euroa. Varsinais-Suomen k\u00e4r\u00e4j\u00e4oikeudessa k\u00e4siteltiin tiistaina (30.9.) ja Kiinteist\u00f6 Oy Linnam\u00e4enpellon&hellip;\n","protected":false},"author":2,"featured_media":50402,"comment_status":"","ping_status":"","sticky":false,"template":"","format":"standard","meta":{"footnotes":""},"categories":[136],"tags":[407,137,33,31,30,9301,408,12509,1305,1240,12508,4911,32,5964,12186,109],"class_list":{"0":"post-50401","1":"post","2":"type-post","3":"status-publish","4":"format-standard","5":"has-post-thumbnail","7":"category-julkkikset","8":"tag-celebrities","9":"tag-entertainment","10":"tag-fi","11":"tag-finland","12":"tag-finnish","13":"tag-jethro-rostedt","14":"tag-julkkikset","15":"tag-kiinteistobisnes","16":"tag-oikeudenkaynti","17":"tag-raha","18":"tag-riita-asia","19":"tag-sakko","20":"tag-suomi","21":"tag-toivo-sukari","22":"tag-veropetos","23":"tag-viihde"},"share_on_mastodon":{"url":"","error":""},"_links":{"self":[{"href":"https:\/\/www.europesays.com\/fi\/wp-json\/wp\/v2\/posts\/50401","targetHints":{"allow":["GET"]}}],"collection":[{"href":"https:\/\/www.europesays.com\/fi\/wp-json\/wp\/v2\/posts"}],"about":[{"href":"https:\/\/www.europesays.com\/fi\/wp-json\/wp\/v2\/types\/post"}],"author":[{"embeddable":true,"href":"https:\/\/www.europesays.com\/fi\/wp-json\/wp\/v2\/users\/2"}],"replies":[{"embeddable":true,"href":"https:\/\/www.europesays.com\/fi\/wp-json\/wp\/v2\/comments?post=50401"}],"version-history":[{"count":0,"href":"https:\/\/www.europesays.com\/fi\/wp-json\/wp\/v2\/posts\/50401\/revisions"}],"wp:featuredmedia":[{"embeddable":true,"href":"https:\/\/www.europesays.com\/fi\/wp-json\/wp\/v2\/media\/50402"}],"wp:attachment":[{"href":"https:\/\/www.europesays.com\/fi\/wp-json\/wp\/v2\/media?parent=50401"}],"wp:term":[{"taxonomy":"category","embeddable":true,"href":"https:\/\/www.europesays.com\/fi\/wp-json\/wp\/v2\/categories?post=50401"},{"taxonomy":"post_tag","embeddable":true,"href":"https:\/\/www.europesays.com\/fi\/wp-json\/wp\/v2\/tags?post=50401"}],"curies":[{"name":"wp","href":"https:\/\/api.w.org\/{rel}","templated":true}]}}