{"id":50408,"date":"2025-10-01T09:55:07","date_gmt":"2025-10-01T09:55:07","guid":{"rendered":"https:\/\/www.europesays.com\/fi\/50408\/"},"modified":"2025-10-01T09:55:07","modified_gmt":"2025-10-01T09:55:07","slug":"kihlat-christiano-ronaldon-suomalaiskokki-rengasti-tosi-tv-kultansa","status":"publish","type":"post","link":"https:\/\/www.europesays.com\/fi\/50408\/","title":{"rendered":"Kihlat! Christiano Ronaldon suomalaiskokki rengasti tosi-tv-kultansa"},"content":{"rendered":"<p>            Timo Korhonen\n        <\/p>\n<p class=\"subtitle \">Arto Rastas haluaa astella Sheila-kultansa kanssa alttarille.<\/p>\n<p class=\"article-content article-content-width !bg-background\">Jalkapalloilija  ty\u00f6skentelev\u00e4 kokki , 46, on mennyt rakkaansa kanssa kihloihin.<\/p>\n<p>        <a itemprop=\"url\" href=\"https:\/\/www.seiska.fi\/kotimaa\/suhdepaljastus-cristiano-ronaldon-suomalaiskokki-seurustelee-tosi-tv-tahden-kanssa\/1615159\" rel=\"nofollow noopener\" target=\"_blank\"><\/p>\n<p>\nRonaldon suomalaiskokki ja tosi-tv-t\u00e4hti\n<\/p>\n<p class=\"section-date\">\n        <strong class=\"article-section\" data-section=\"kotimaa\"><br \/>\n            kotimaa<br \/>\n        <\/strong><br \/>\n        17.2. 10:31\n    <\/p>\n<p>Suhdepaljastus! Cristiano Ronaldon suomalaiskokki seurustelee tosi-tv-t\u00e4hden kanssa\n    <\/p>\n<p itemprop=\"description\" class=\"subtitle \">\n    Entisen missifinalistin mies kokkailee parhaillaan Cristiano Ronaldolle.\n<\/p>\n<p>        <\/a><\/p>\n<p class=\"article-content article-content-width !bg-background\">Noin kolmisen vuotta seurustelleet Arto ja missitaustainen , 30, nauttivat parhaillaan Balin l\u00e4mm\u00f6st\u00e4.<\/p>\n<p class=\"article-content article-content-width !bg-background\">Pariskunta matkusti upeaan majoituskohteeseensa muutama p\u00e4iv\u00e4 sitten ja aurinkoisiin lomap\u00e4iviin onkin mahtunut jo runsaasti erilaisia aktiviteetteja, kuten snorklailua, py\u00f6r\u00e4ily\u00e4 ja uimista.<\/p>\n<p>Rantakosinta<\/p>\n<p class=\"article-content article-content-width !bg-background\">Maanantaina (29.9.) Arto yll\u00e4tti rakkaansa tunnelmallisella rannalla sormuksin.<\/p>\n<p class=\"article-content article-content-width !bg-background\"> \u2013 Kihloissa el\u00e4m\u00e4ni rakkauden kanssa, Arto kirjoittaa Instagram-p\u00e4ivityksess\u00e4\u00e4n.<\/p>\n<p class=\"article-content article-content-width !bg-background\">Julkaisemissaan kuvissa Arto on polvistunut laittamaan sormusta Sheila-rakkaansa k\u00e4teen.<\/p>\n<p>        <a itemprop=\"url\" href=\"https:\/\/www.seiska.fi\/vain-seiskassa\/cristiano-ronaldo-perheineen-levilla-maineikas-kokki-kommentoi-mystisesti-kahdella-sanalla\/1562891\" rel=\"nofollow noopener\" target=\"_blank\"><\/p>\n<p class=\"section-date\">\n        <strong class=\"article-section\" data-section=\"vain seiskassa\"><br \/>\n            vain seiskassa<br \/>\n        <\/strong><br \/>\n        23.12.2024 14:56\n    <\/p>\n<p>Cristiano Ronaldo perheineen Levill\u00e4 \u2013 maineikas kokki kommentoi mystisesti kahdella sanalla\n    <\/p>\n<p itemprop=\"description\" class=\"subtitle \">\n    Cristiano Ronaldon perheelle laittoi ruokaa pirkanmaalainen Arto.\n<\/p>\n<p>        <\/a><\/p>\n<p class=\"article-content article-content-width !bg-background\">Pariskunta on saanut paljon onnitteluja Instagram-julkaisunsa alle, muun muassa tv-t\u00e4hti , radiojuontaja  ja seurapiirit\u00e4hti .<\/p>\n<p>        <a itemprop=\"url\" href=\"https:\/\/www.seiska.fi\/terveys\/narastys-olikin-sydankohtaus-kokki-arto-rastas-45-kertoo-leikkauksestaan-seiskalle\/1366272\" rel=\"nofollow noopener\" target=\"_blank\"><\/p>\n<p class=\"section-date\">\n        <strong class=\"article-section\" data-section=\"terveys\"><br \/>\n            terveys<br \/>\n        <\/strong><br \/>\n        29.5.2024 14:20\n    <\/p>\n<p>N\u00e4r\u00e4stys olikin syd\u00e4nkohtaus \u2013 Kokki Arto Rastas, 45, kertoo leikkauksestaan Seiskalle\n    <\/p>\n<p itemprop=\"description\" class=\"subtitle \">\n    Artolla on taustalla voimakas sukurasite syd\u00e4nsairauksissa.\n<\/p>\n<p>        <\/a><\/p>\n<p class=\"article-content article-content-width !bg-background\">Sheila on tullut tutuksi aiemmin muun muassa Miss Tampere -kisan voittajana ja Miss Suomi -kilpailun finalistina. Nyky\u00e4\u00e4n Sheila on tuttu my\u00f6s tosi-tv-t\u00e4hten\u00e4, sill\u00e4 h\u00e4net n\u00e4htiin alkuvuodesta Sointu &amp; Tyrkyt -ohjelmassa.<\/p>\n<p class=\"article-content article-content-width !bg-background\">Arto Rastas on tullut suurelle yleis\u00f6lle tutuksi useiden ravintoloidensa johdosta. Muun muassa ravintola Pen\u00e9lope, Bistro Bardot, Bistro Gina ja The Rook, ovat Arton k\u00e4sialaa.<\/p>\n<p class=\"article-content article-content-width !bg-background\">Herra py\u00f6ritt\u00e4\u00e4 my\u00f6s yksityiskokkipalveluja py\u00f6ritt\u00e4v\u00e4\u00e4 firmaa ja toimii itsekin s\u00e4\u00e4nn\u00f6llisesti esimerkiksi jalkapallolegenda\u00a0Christiano Ronaldon\u00a0perheen yksityiskokkina.<\/p>\n<p>        <a itemprop=\"url\" href=\"https:\/\/www.seiska.fi\/kotimaa\/tarkoituksena-tunkeutua-mokkiin-stefanin-asesekoilun-kohteena-oli-komea-julkkiskokki\/319601\" rel=\"nofollow noopener\" target=\"_blank\"><\/p>\n<p>\nVAIN SEISKASSA\n<\/p>\n<p class=\"section-date\">\n        <strong class=\"article-section\" data-section=\"kotimaa\"><br \/>\n            kotimaa<br \/>\n        <\/strong><br \/>\n        29.10.2021 06:03\n    <\/p>\n<p>\u201dTarkoituksena tunkeutua m\u00f6kkiin\u201d \u2013 Stefanin asesekoilun kohteena oli komea julkkiskokki?!\n    <\/p>\n<p>        <\/a><\/p>\n","protected":false},"excerpt":{"rendered":"Timo Korhonen Arto Rastas haluaa astella Sheila-kultansa kanssa alttarille. Jalkapalloilija ty\u00f6skentelev\u00e4 kokki , 46, on mennyt rakkaansa kanssa&hellip;\n","protected":false},"author":2,"featured_media":50409,"comment_status":"","ping_status":"","sticky":false,"template":"","format":"standard","meta":{"footnotes":""},"categories":[130],"tags":[12511,12510,12512,137,33,31,30,5412,12513,651,32,109],"class_list":{"0":"post-50408","1":"post","2":"type-post","3":"status-publish","4":"format-standard","5":"has-post-thumbnail","7":"category-viihde","8":"tag-arto-rastas","9":"tag-bali","10":"tag-christiano-ronaldo","11":"tag-entertainment","12":"tag-fi","13":"tag-finland","14":"tag-finnish","15":"tag-kihlat","16":"tag-sheila-diavila-da-costa","17":"tag-suhteet","18":"tag-suomi","19":"tag-viihde"},"share_on_mastodon":{"url":"","error":""},"_links":{"self":[{"href":"https:\/\/www.europesays.com\/fi\/wp-json\/wp\/v2\/posts\/50408","targetHints":{"allow":["GET"]}}],"collection":[{"href":"https:\/\/www.europesays.com\/fi\/wp-json\/wp\/v2\/posts"}],"about":[{"href":"https:\/\/www.europesays.com\/fi\/wp-json\/wp\/v2\/types\/post"}],"author":[{"embeddable":true,"href":"https:\/\/www.europesays.com\/fi\/wp-json\/wp\/v2\/users\/2"}],"replies":[{"embeddable":true,"href":"https:\/\/www.europesays.com\/fi\/wp-json\/wp\/v2\/comments?post=50408"}],"version-history":[{"count":0,"href":"https:\/\/www.europesays.com\/fi\/wp-json\/wp\/v2\/posts\/50408\/revisions"}],"wp:featuredmedia":[{"embeddable":true,"href":"https:\/\/www.europesays.com\/fi\/wp-json\/wp\/v2\/media\/50409"}],"wp:attachment":[{"href":"https:\/\/www.europesays.com\/fi\/wp-json\/wp\/v2\/media?parent=50408"}],"wp:term":[{"taxonomy":"category","embeddable":true,"href":"https:\/\/www.europesays.com\/fi\/wp-json\/wp\/v2\/categories?post=50408"},{"taxonomy":"post_tag","embeddable":true,"href":"https:\/\/www.europesays.com\/fi\/wp-json\/wp\/v2\/tags?post=50408"}],"curies":[{"name":"wp","href":"https:\/\/api.w.org\/{rel}","templated":true}]}}