{"id":50425,"date":"2025-10-01T10:21:09","date_gmt":"2025-10-01T10:21:09","guid":{"rendered":"https:\/\/www.europesays.com\/fi\/50425\/"},"modified":"2025-10-01T10:21:09","modified_gmt":"2025-10-01T10:21:09","slug":"poliisilla-tehtava-myyrmaessa-tutkitaan-tapon-yrityksena","status":"publish","type":"post","link":"https:\/\/www.europesays.com\/fi\/50425\/","title":{"rendered":"Poliisilla teht\u00e4v\u00e4 Myyrm\u00e4ess\u00e4, tutkitaan tapon yrityksen\u00e4"},"content":{"rendered":"<p>Vantaa|Poliisi ep\u00e4ilee, ett\u00e4 Vantaan Myyrm\u00e4ell\u00e4 tapahtui tapon yritys keskiviikkona.<\/p>\n<p class=\"article-body mb-nof-24 px-nof-16\">Poliisilla oli henkeen ja terveyteen kohdistuvaan rikokseen liittyv\u00e4 teht\u00e4v\u00e4 Vantaan Myyrm\u00e4ess\u00e4 Putouskujalla.<\/p>\n<p class=\"article-body mb-nof-24 px-nof-16\">Teht\u00e4v\u00e4 oli yksityisasunnossa kerrostalossa. Rikosta tutkitaan nimikkeell\u00e4 tapon yritys.<\/p>\n<p class=\"article-body mb-nof-24 px-nof-16\">\u201dKysymys on kahden henkil\u00f6n v\u00e4lisest\u00e4 v\u00e4kivallanteosta. Yksi henkil\u00f6 sai tilanteessa vammoja, mutta h\u00e4nell\u00e4 ei ole v\u00e4lit\u00f6nt\u00e4 hengenvaaraa\u201d, tutkinnanjohtaja rikoskomisario <a class=\"article-personlink\" href=\"https:\/\/www.hs.fi\/haku\/?query=Sanna%20Rentola\" rel=\"nofollow noopener\" target=\"_blank\">Sanna Rentola<\/a> kertoo poliisin tiedotteessa.<\/p>\n<p class=\"article-body mb-nof-24 px-nof-16\">Poliisi ei viel\u00e4 kerro esimerkiksi tarkempaa tekotapaa vedoten juuri alkaneeseen esitutkintaan.<\/p>\n<p class=\"article-body mb-nof-24 px-nof-16\">HS:n tavoittaman silminn\u00e4kij\u00e4n mukaan paikalta l\u00e4hti yksi ambulanssi h\u00e4lytysajossa.<\/p>\n<p class=\"article-body mb-nof-24 px-nof-16\">Tapahtumapaikalla oli useita poliisipartioita.<\/p>\n","protected":false},"excerpt":{"rendered":"Vantaa|Poliisi ep\u00e4ilee, ett\u00e4 Vantaan Myyrm\u00e4ell\u00e4 tapahtui tapon yritys keskiviikkona. Poliisilla oli henkeen ja terveyteen kohdistuvaan rikokseen liittyv\u00e4 teht\u00e4v\u00e4&hellip;\n","protected":false},"author":2,"featured_media":50426,"comment_status":"","ping_status":"","sticky":false,"template":"","format":"standard","meta":{"footnotes":""},"categories":[130],"tags":[137,33,31,30,46,32,109],"class_list":{"0":"post-50425","1":"post","2":"type-post","3":"status-publish","4":"format-standard","5":"has-post-thumbnail","7":"category-viihde","8":"tag-entertainment","9":"tag-fi","10":"tag-finland","11":"tag-finnish","12":"tag-helsingin-sanomat","13":"tag-suomi","14":"tag-viihde"},"share_on_mastodon":{"url":"","error":""},"_links":{"self":[{"href":"https:\/\/www.europesays.com\/fi\/wp-json\/wp\/v2\/posts\/50425","targetHints":{"allow":["GET"]}}],"collection":[{"href":"https:\/\/www.europesays.com\/fi\/wp-json\/wp\/v2\/posts"}],"about":[{"href":"https:\/\/www.europesays.com\/fi\/wp-json\/wp\/v2\/types\/post"}],"author":[{"embeddable":true,"href":"https:\/\/www.europesays.com\/fi\/wp-json\/wp\/v2\/users\/2"}],"replies":[{"embeddable":true,"href":"https:\/\/www.europesays.com\/fi\/wp-json\/wp\/v2\/comments?post=50425"}],"version-history":[{"count":0,"href":"https:\/\/www.europesays.com\/fi\/wp-json\/wp\/v2\/posts\/50425\/revisions"}],"wp:featuredmedia":[{"embeddable":true,"href":"https:\/\/www.europesays.com\/fi\/wp-json\/wp\/v2\/media\/50426"}],"wp:attachment":[{"href":"https:\/\/www.europesays.com\/fi\/wp-json\/wp\/v2\/media?parent=50425"}],"wp:term":[{"taxonomy":"category","embeddable":true,"href":"https:\/\/www.europesays.com\/fi\/wp-json\/wp\/v2\/categories?post=50425"},{"taxonomy":"post_tag","embeddable":true,"href":"https:\/\/www.europesays.com\/fi\/wp-json\/wp\/v2\/tags?post=50425"}],"curies":[{"name":"wp","href":"https:\/\/api.w.org\/{rel}","templated":true}]}}