{"id":50429,"date":"2025-10-01T10:25:07","date_gmt":"2025-10-01T10:25:07","guid":{"rendered":"https:\/\/www.europesays.com\/fi\/50429\/"},"modified":"2025-10-01T10:25:07","modified_gmt":"2025-10-01T10:25:07","slug":"huthit-ilmoittivat-ampuneensa-hollantilaista-rahtilaivaa-risteilyohjuksella-adeninlahdella-uutisia-lyhyesti","status":"publish","type":"post","link":"https:\/\/www.europesays.com\/fi\/50429\/","title":{"rendered":"Huthit ilmoittivat ampuneensa hollantilaista rahtilaivaa risteilyohjuksella Adeninlahdella | Uutisia lyhyesti"},"content":{"rendered":"<p class=\"aw-1gybjub aw-1p7kakr cmIuaG fmSRng yle__article__paragraph\">Jemenin huthikapinalliset kertoivat keskiviikkona iskeneens\u00e4 hollantilaiseen rahtilaivaan Adeninlahdella.<\/p>\n<p class=\"aw-1gybjub aw-1p7kakr cmIuaG fmSRng yle__article__paragraph\">Minervagracht-nimiseen laivaan hy\u00f6k\u00e4ttiin maanantaina. T\u00e4m\u00e4 on vakavin isku alueella moneen kuukauteen.<\/p>\n<p class=\"aw-1gybjub aw-1p7kakr cmIuaG fmSRng yle__article__paragraph\">Huthit kertovat ampuneensa Minervagrachtia risteilyohjuksella. Laiva syttyi tuleen, ja kaksi miehist\u00f6n j\u00e4sent\u00e4 haavoittui.<\/p>\n<p class=\"aw-1gybjub aw-1p7kakr cmIuaG fmSRng yle__article__paragraph\">Kaikkiaan 19-henkinen miehist\u00f6 p\u00e4\u00e4si pelastautumaan, mutta laiva j\u00e4i ajelehtimaan hy\u00f6kk\u00e4yksen j\u00e4lkeen. Minervagrachtin omistava Spliethoff-varustamo yritt\u00e4\u00e4 parhaillaan saada laivaa j\u00e4lleen hallintaansa.<\/p>\n<p class=\"aw-1gybjub aw-1p7kakr cmIuaG fmSRng yle__article__paragraph\">Adeninlahti yhdist\u00e4\u00e4 Punaisenmeren ja Arabianmeren. Gazan palestiinalaisia tukevat huthit ovat iskeneet lukuisiin laivoihin alueella.<\/p>\n<p class=\"aw-1gybjub aw-1p7kakr cmIuaG fmSRng yle__article__paragraph\">L\u00e4hde: AP<\/p>\n","protected":false},"excerpt":{"rendered":"Jemenin huthikapinalliset kertoivat keskiviikkona iskeneens\u00e4 hollantilaiseen rahtilaivaan Adeninlahdella. Minervagracht-nimiseen laivaan hy\u00f6k\u00e4ttiin maanantaina. T\u00e4m\u00e4 on vakavin isku alueella moneen&hellip;\n","protected":false},"author":2,"featured_media":74,"comment_status":"","ping_status":"","sticky":false,"template":"","format":"standard","meta":{"footnotes":""},"categories":[14],"tags":[12516,22,23,26,27,33,31,30,505,17,4260,992,24,25,28,29,15,18,21,32,19,20,56,16,59,60,61],"class_list":{"0":"post-50429","1":"post","2":"type-post","3":"status-publish","4":"format-standard","5":"has-post-thumbnail","7":"category-ulkomaat","8":"tag-adeninlahti","9":"tag-breaking-news","10":"tag-breakingnews","11":"tag-featured-news","12":"tag-featurednews","13":"tag-fi","14":"tag-finland","15":"tag-finnish","16":"tag-gazan-sota","17":"tag-headlines","18":"tag-huthit","19":"tag-lahi-ita","20":"tag-latest-news","21":"tag-latestnews","22":"tag-main-news","23":"tag-mainnews","24":"tag-news","25":"tag-otsikot","26":"tag-paauutiset","27":"tag-suomi","28":"tag-top-stories","29":"tag-topstories","30":"tag-ulkomaat","31":"tag-uutiset","32":"tag-world","33":"tag-world-news","34":"tag-worldnews"},"share_on_mastodon":{"url":"","error":""},"_links":{"self":[{"href":"https:\/\/www.europesays.com\/fi\/wp-json\/wp\/v2\/posts\/50429","targetHints":{"allow":["GET"]}}],"collection":[{"href":"https:\/\/www.europesays.com\/fi\/wp-json\/wp\/v2\/posts"}],"about":[{"href":"https:\/\/www.europesays.com\/fi\/wp-json\/wp\/v2\/types\/post"}],"author":[{"embeddable":true,"href":"https:\/\/www.europesays.com\/fi\/wp-json\/wp\/v2\/users\/2"}],"replies":[{"embeddable":true,"href":"https:\/\/www.europesays.com\/fi\/wp-json\/wp\/v2\/comments?post=50429"}],"version-history":[{"count":0,"href":"https:\/\/www.europesays.com\/fi\/wp-json\/wp\/v2\/posts\/50429\/revisions"}],"wp:featuredmedia":[{"embeddable":true,"href":"https:\/\/www.europesays.com\/fi\/wp-json\/wp\/v2\/media\/74"}],"wp:attachment":[{"href":"https:\/\/www.europesays.com\/fi\/wp-json\/wp\/v2\/media?parent=50429"}],"wp:term":[{"taxonomy":"category","embeddable":true,"href":"https:\/\/www.europesays.com\/fi\/wp-json\/wp\/v2\/categories?post=50429"},{"taxonomy":"post_tag","embeddable":true,"href":"https:\/\/www.europesays.com\/fi\/wp-json\/wp\/v2\/tags?post=50429"}],"curies":[{"name":"wp","href":"https:\/\/api.w.org\/{rel}","templated":true}]}}