{"id":50430,"date":"2025-10-01T10:26:08","date_gmt":"2025-10-01T10:26:08","guid":{"rendered":"https:\/\/www.europesays.com\/fi\/50430\/"},"modified":"2025-10-01T10:26:08","modified_gmt":"2025-10-01T10:26:08","slug":"poliisin-pysayttamasta-miehesta-paljastui-taysin-arvaamattomia-asioita","status":"publish","type":"post","link":"https:\/\/www.europesays.com\/fi\/50430\/","title":{"rendered":"Poliisin pys\u00e4ytt\u00e4m\u00e4st\u00e4 miehest\u00e4 paljastui t\u00e4ysin arvaamattomia asioita"},"content":{"rendered":"<p>Kiinniotettu mies oli katkaissut nilkkapantansa.<\/p>\n<p><img decoding=\"async\" class=\"image image-show image-preview\" src=\"https:\/\/www.europesays.com\/fi\/wp-content\/uploads\/2025\/10\/85dc5198497270509f7861d82a7b36195f06e47e5898ee97f2256a4104ffa270.jpg\" alt=\"\"\/><img decoding=\"async\" class=\"image image-show\" src=\"https:\/\/www.europesays.com\/fi\/wp-content\/uploads\/2025\/10\/1759314368_66_85dc5198497270509f7861d82a7b36195f06e47e5898ee97f2256a4104ffa270.jpg\" alt=\"\"\/><\/p>\n<p>Kuvituskuva, poliisi. Inka Soveri<\/p>\n<p class=\"paragraph\">Poliisi otti Espoossa kiinni torstai-iltana 25. syyskuuta miehen, jonka olisi pit\u00e4nyt olla vankilassa.<\/p>\n<p class=\"paragraph\">Kello 19.30 aikoihin poliisin partiot seurasivat varastettua pakettiautoa Keh\u00e4 III:lla. Partio n\u00e4ytti kuljettajalle pys\u00e4ytysvaloja, mutta t\u00e4m\u00e4 jatkoi ajoaan tehden v\u00e4lill\u00e4 U-k\u00e4\u00e4nn\u00f6ksen ja ajaen v\u00e4lill\u00e4 kevyen liikenteen v\u00e4ylill\u00e4. Kuljettaja osui matkallaan my\u00f6s toisen ajoneuvon takapuskuriin ja jatkoi matkaansa.<\/p>\n<p class=\"paragraph\">Er\u00e4\u00e4n risteyksen kohdalla partio pys\u00e4ytti edelt\u00e4 poliisiauton tielle siten, ett\u00e4 se osin sulki ajov\u00e4yl\u00e4n. Pakeneva kuljettaja kaahasi kuitenkin pienest\u00e4 v\u00e4list\u00e4 poliisiauton ohi ja t\u00f6rm\u00e4si sen takakulmaan. Kuljettaja osui matkallaan my\u00f6s sivullisen henkil\u00f6n k\u00e4teen. Sivullinen s\u00e4\u00e4styi vakavilta vammoilta.<\/p>\n<p class=\"paragraph\">Lopulta auton matka p\u00e4\u00e4ttyi asuinalueen pihaan auton t\u00f6rm\u00e4tty\u00e4 puuhun ja j\u00e4\u00e4ty\u00e4 kiinni kiveen. Poliisi otti kuljettajan kiinni.<\/p>\n<p class=\"paragraph\">Miehen taustat h\u00e4mm\u00e4styttiv\u00e4t.<\/p>\n<p class=\"paragraph\">Sen lis\u00e4ksi, ett\u00e4 miehen hallusta l\u00f6ytyi anastettua omaisuutta, h\u00e4n luovutti virheelliset henkil\u00f6tiedot. Samalla ilmeni, ett\u00e4 miehen kuuluisi itse asiassa olla vankilassa, ja ett\u00e4 h\u00e4n oli aiemmin katkaissut jalkapantansa.<\/p>\n<p class=\"paragraph\">Auton ep\u00e4ill\u00e4\u00e4n olleen anastettu koeajon yhteydess\u00e4 vaihtoautokaupasta. Lis\u00e4ksi miehen ep\u00e4ill\u00e4\u00e4n olleen ajaessaan p\u00e4ihteiden vaikutuksen alaisena.<\/p>\n<p class=\"paragraph\">Miestt\u00e4 ep\u00e4ill\u00e4\u00e4n nyt useista rikoksista, muun muassa t\u00f6rke\u00e4st\u00e4 liikenneturvallisuuden vaarantamisesta, rattijuopumuksesta, huumausaineen k\u00e4ytt\u00f6rikoksesta sek\u00e4 v\u00e4\u00e4r\u00e4n henkil\u00f6tiedon antamisesta.<\/p>\n","protected":false},"excerpt":{"rendered":"Kiinniotettu mies oli katkaissut nilkkapantansa. Kuvituskuva, poliisi. Inka Soveri Poliisi otti Espoossa kiinni torstai-iltana 25. syyskuuta miehen, jonka&hellip;\n","protected":false},"author":2,"featured_media":50431,"comment_status":"","ping_status":"","sticky":false,"template":"","format":"standard","meta":{"footnotes":""},"categories":[12],"tags":[35,22,23,26,27,33,31,30,17,55,53,24,25,28,29,15,18,21,54,52,32,128,19,20,16],"class_list":{"0":"post-50430","1":"post","2":"type-post","3":"status-publish","4":"format-standard","5":"has-post-thumbnail","7":"category-suomi","8":"tag-24h","9":"tag-breaking-news","10":"tag-breakingnews","11":"tag-featured-news","12":"tag-featurednews","13":"tag-fi","14":"tag-finland","15":"tag-finnish","16":"tag-headlines","17":"tag-lainvalvonta","18":"tag-laki-oikeus-ja-rikos","19":"tag-latest-news","20":"tag-latestnews","21":"tag-main-news","22":"tag-mainnews","23":"tag-news","24":"tag-otsikot","25":"tag-paauutiset","26":"tag-pelastuspalvelut","27":"tag-poliisi","28":"tag-suomi","29":"tag-tieliikenne","30":"tag-top-stories","31":"tag-topstories","32":"tag-uutiset"},"share_on_mastodon":{"url":"","error":""},"_links":{"self":[{"href":"https:\/\/www.europesays.com\/fi\/wp-json\/wp\/v2\/posts\/50430","targetHints":{"allow":["GET"]}}],"collection":[{"href":"https:\/\/www.europesays.com\/fi\/wp-json\/wp\/v2\/posts"}],"about":[{"href":"https:\/\/www.europesays.com\/fi\/wp-json\/wp\/v2\/types\/post"}],"author":[{"embeddable":true,"href":"https:\/\/www.europesays.com\/fi\/wp-json\/wp\/v2\/users\/2"}],"replies":[{"embeddable":true,"href":"https:\/\/www.europesays.com\/fi\/wp-json\/wp\/v2\/comments?post=50430"}],"version-history":[{"count":0,"href":"https:\/\/www.europesays.com\/fi\/wp-json\/wp\/v2\/posts\/50430\/revisions"}],"wp:featuredmedia":[{"embeddable":true,"href":"https:\/\/www.europesays.com\/fi\/wp-json\/wp\/v2\/media\/50431"}],"wp:attachment":[{"href":"https:\/\/www.europesays.com\/fi\/wp-json\/wp\/v2\/media?parent=50430"}],"wp:term":[{"taxonomy":"category","embeddable":true,"href":"https:\/\/www.europesays.com\/fi\/wp-json\/wp\/v2\/categories?post=50430"},{"taxonomy":"post_tag","embeddable":true,"href":"https:\/\/www.europesays.com\/fi\/wp-json\/wp\/v2\/tags?post=50430"}],"curies":[{"name":"wp","href":"https:\/\/api.w.org\/{rel}","templated":true}]}}