{"id":50440,"date":"2025-10-01T10:45:08","date_gmt":"2025-10-01T10:45:08","guid":{"rendered":"https:\/\/www.europesays.com\/fi\/50440\/"},"modified":"2025-10-01T10:45:08","modified_gmt":"2025-10-01T10:45:08","slug":"moilanen-liike-on-laake-seka-talouteen-etta-terveyteen","status":"publish","type":"post","link":"https:\/\/www.europesays.com\/fi\/50440\/","title":{"rendered":"Moilanen: Liike on l\u00e4\u00e4ke \u2013 sek\u00e4 talouteen ett\u00e4 terveyteen"},"content":{"rendered":"<p class=\"teksti\">UKK-ins\u00adti\u00adtuu\u00adtin sel\u00advi\u00adtyk\u00adsen mu\u00adkaan v\u00e4\u00adh\u00e4i\u00adnen fyy\u00adsi\u00adnen ak\u00adtii\u00advi\u00adsuus, run\u00adsas is\u00adtu\u00admi\u00adnen ja huo\u00adno kun\u00adto ai\u00adheut\u00adta\u00advat Suo\u00admes\u00adsa yh\u00adteis\u00adkun\u00adnal\u00adle kus\u00adtan\u00adnuk\u00adsia vuo\u00adsit\u00adtain 3,2 mil\u00adjar\u00addia eu\u00adroa. Las\u00adkel\u00admaan si\u00ads\u00e4l\u00adty\u00adv\u00e4t kan\u00adsan\u00adsai\u00adrauk\u00adsien hoi\u00adto ja l\u00e4\u00e4\u00adki\u00adtys, ty\u00f6\u00adi\u00adk\u00e4is\u00adten ty\u00f6n tuot\u00adta\u00advuu\u00adden hei\u00adken\u00adty\u00admi\u00adnen sek\u00e4 vai\u00adku\u00adtus ve\u00adro\u00adtu\u00adloi\u00adhin ja sote-me\u00adnoi\u00adhin. Se on jos\u00adtain muus\u00adta pois.<\/p>\n<p class=\"teksti\">Tu\u00adlo\u00adve\u00adro\u00adja on ar\u00advi\u00adoi\u00adtu me\u00adne\u00adtet\u00adt\u00e4\u00adv\u00e4n yli 1,8 mil\u00adjar\u00addia eu\u00adroa. Ik\u00e4\u00e4n\u00adty\u00adnei\u00adden lai\u00adtos\u00adhoi\u00addon kus\u00adtan\u00adnuk\u00adsik\u00adsi on ar\u00advi\u00adoi\u00adtu yli 400 mil\u00adjoo\u00adnaa eu\u00adroa. Ty\u00f6\u00adky\u00advyt\u00adt\u00f6\u00admyy\u00adse\u00adl\u00e4k\u00adkei\u00adsiin, sai\u00adraus\u00adpois\u00adsa\u00ado\u00adloi\u00adhin ja mak\u00adset\u00adtui\u00adhin ty\u00f6t\u00adt\u00f6\u00admyys\u00adtur\u00adva\u00ade\u00adtuuk\u00adsiin ku\u00adluu yh\u00adteen\u00ads\u00e4 noin 400 mil\u00adjoo\u00adnaa eu\u00adroa.<\/p>\n<p class=\"teksti\">Va\u00adli\u00adtet\u00adta\u00advas\u00adti huo\u00adno\u00adkun\u00adtoi\u00adsuus li\u00ads\u00e4\u00e4n\u00adtyy kai\u00adkis\u00adsa ik\u00e4\u00adryh\u00admis\u00ads\u00e4. Suo\u00adma\u00adlais\u00adlas\u00adten ja nuor\u00adten kun\u00adto on hei\u00adkom\u00adpi kuin kos\u00adkaan vii\u00adsi\u00adkym\u00admen\u00advuo\u00adti\u00adsen mit\u00adtaus\u00adhis\u00adto\u00adri\u00adan ai\u00adka\u00adna. On\u00adnek\u00adsi kou\u00adlu\u00adlais\u00adten liik\u00adku\u00admis\u00adta tul\u00adlaan edis\u00adt\u00e4\u00adm\u00e4\u00e4n lain\u00ads\u00e4\u00e4\u00add\u00e4n\u00adn\u00f6l\u00adl\u00e4. Jat\u00adkos\u00adsa tu\u00adlee kou\u00adluis\u00adsa ja esi\u00ado\u00adpe\u00adtuk\u00adses\u00adsa edis\u00adt\u00e4\u00e4 las\u00adten ja nuor\u00adten lii\u00adkun\u00adnal\u00adlis\u00adta el\u00e4\u00adm\u00e4n\u00adta\u00adpaa\u2009\u2013 ai\u00advan lois\u00adta\u00advaa!<\/p>\n<p class=\"teksti\">Yk\u00adsi t\u00e4r\u00adkeim\u00admis\u00adt\u00e4 ter\u00adveel\u00adli\u00adsiin elin\u00adta\u00adpoi\u00adhin liit\u00adty\u00advis\u00adt\u00e4 asi\u00adois\u00adta on s\u00e4\u00e4n\u00adn\u00f6l\u00adli\u00adnen lii\u00adkun\u00adta. V\u00e4\u00adh\u00e4i\u00adnen fyy\u00adsi\u00adnen ak\u00adtii\u00advi\u00adsuus ai\u00adheut\u00adtaa yli\u00adpai\u00adnoa. Yli\u00adpai\u00adno on puo\u00adles\u00adtaan yk\u00adsi syy\u00adseu\u00adraus esi\u00admer\u00adkik\u00adsi sy\u00f6\u00adp\u00e4\u00adsai\u00adrauk\u00adsien syn\u00adtyyn. Lii\u00adkun\u00adta voi hi\u00addas\u00adtaa ja jopa eh\u00adk\u00e4is\u00adt\u00e4 ko\u00adko\u00adnaan joi\u00adta\u00adkin kroo\u00adni\u00adsia sai\u00adrauk\u00adsia. Toki ai\u00adna voi sai\u00adras\u00adtua, vaik\u00adka el\u00e4i\u00adsi kuin\u00adka ter\u00adveel\u00adli\u00adses\u00adti.<\/p>\n<p class=\"teksti\">Lii\u00adkun\u00adnan mer\u00adki\u00adtys ja vai\u00adku\u00adtuk\u00adset kas\u00adva\u00advat v\u00e4\u00ades\u00adt\u00f6n ik\u00e4\u00e4n\u00adty\u00ades\u00ads\u00e4 ja eli\u00adna\u00adjan pi\u00adden\u00adty\u00ades\u00ads\u00e4. Fyy\u00adsi\u00adsel\u00adl\u00e4 ak\u00adtii\u00advi\u00adsuu\u00addel\u00adla voi\u00addaan edis\u00adt\u00e4\u00e4 ik\u00e4ih\u00admis\u00adten toi\u00admin\u00adta\u00adky\u00adky\u00e4, yl\u00adl\u00e4\u00adpi\u00adt\u00e4\u00e4 ja huol\u00adtaa my\u00f6s muis\u00adtia sek\u00e4 pa\u00adran\u00adtaa hei\u00add\u00e4n it\u00adse\u00adn\u00e4is\u00adt\u00e4 sel\u00adviy\u00adty\u00admis\u00adt\u00e4n\u00ads\u00e4 ja el\u00e4\u00adm\u00e4n\u00adlaa\u00adtua. <\/p>\n<p class=\"teksti\">Lii\u00adkun\u00adnan ei tar\u00advit\u00adse ol\u00adla yl\u00adti\u00ad\u00f6\u00adp\u00e4is\u00adt\u00e4 reh\u00adki\u00admis\u00adt\u00e4. Jo\u00adkai\u00adnen voi liik\u00adkua oman ter\u00advey\u00adden\u00adti\u00adlan\u00adsa mah\u00addol\u00adlis\u00adta\u00admal\u00adla ta\u00adval\u00adla ja m\u00e4\u00e4\u00adr\u00e4n. Toi\u00adsel\u00adle so\u00adpi\u00advaa on hi\u00adki\u00adlii\u00adkun\u00adta, toi\u00adsel\u00adle on mah\u00addol\u00adlis\u00adta vain jal\u00adko\u00adjen ja k\u00e4\u00adsien lii\u00adkut\u00adta\u00admi\u00adnen. Ku\u00adkin ta\u00adval\u00adlaan, kos\u00adka joka ta\u00adpauk\u00adses\u00adsa s\u00e4\u00e4n\u00adn\u00f6l\u00adli\u00adnen lii\u00adkun\u00adta on ai\u00adna hy\u00adv\u00e4k\u00adsi. Hel\u00adpo\u00adtus\u00adta tuo on se, et\u00adt\u00e4 kun\u00adto ko\u00adhe\u00adnee ai\u00adna har\u00adjoit\u00adtei\u00adden ede\u00adtes\u00ads\u00e4.<\/p>\n<p class=\"teksti\">Ko\u00addin ja per\u00adheen mal\u00adli on t\u00e4r\u00adke\u00e4 lii\u00adkun\u00adnal\u00adli\u00adsen el\u00e4\u00adm\u00e4n\u00adta\u00advan omak\u00adsu\u00admi\u00adses\u00adsa. Jos per\u00adhees\u00ads\u00e4 lii\u00adku\u00adtaan, lap\u00adsi omak\u00adsuu my\u00f6s it\u00adsel\u00adleen sa\u00adman\u00adkal\u00adtai\u00adsen el\u00e4\u00adm\u00e4n\u00adta\u00advan. V\u00e4\u00adh\u00e4i\u00adset\u00adkin muu\u00adtok\u00adset koh\u00adti ter\u00advei\u00adt\u00e4 elin\u00adta\u00adpo\u00adja tuo\u00advat ih\u00admi\u00adsel\u00adle pal\u00adkin\u00adto\u00adna ter\u00adveem\u00adm\u00e4n el\u00e4\u00adm\u00e4n. Sii\u00adn\u00e4 ohes\u00adsa my\u00f6s yh\u00adteis\u00adkun\u00adnal\u00adle syn\u00adtyy mit\u00adta\u00advia kus\u00adtan\u00adnus\u00ads\u00e4\u00e4s\u00adt\u00f6\u00adj\u00e4. T\u00e4s\u00ads\u00e4 kaik\u00adki ovat voit\u00adta\u00adjia.<\/p>\n<p class=\"allekirjoitus\">Juk\u00adka Moi\u00adla\u00adnen, Har\u00adja\u00adval\u00adta<\/p>\n<p class=\"titteli\">Val\u00adtuus\u00adkun\u00adnan pu\u00adheen\u00adjoh\u00adta\u00adja, Suo\u00admen Sy\u00f6\u00adp\u00e4yh\u00addis\u00adtys ry, kau\u00adpun\u00adgin\u00adjoh\u00adta\u00adja eme\u00adri\u00adtus (Ul\u00advi\u00adla)<\/p>\n","protected":false},"excerpt":{"rendered":"UKK-ins\u00adti\u00adtuu\u00adtin sel\u00advi\u00adtyk\u00adsen mu\u00adkaan v\u00e4\u00adh\u00e4i\u00adnen fyy\u00adsi\u00adnen ak\u00adtii\u00advi\u00adsuus, run\u00adsas is\u00adtu\u00admi\u00adnen ja huo\u00adno kun\u00adto ai\u00adheut\u00adta\u00advat Suo\u00admes\u00adsa yh\u00adteis\u00adkun\u00adnal\u00adle kus\u00adtan\u00adnuk\u00adsia vuo\u00adsit\u00adtain 3,2 mil\u00adjar\u00addia&hellip;\n","protected":false},"author":2,"featured_media":50441,"comment_status":"","ping_status":"","sticky":false,"template":"","format":"standard","meta":{"footnotes":""},"categories":[165],"tags":[33,31,30,166,32,167],"class_list":{"0":"post-50440","1":"post","2":"type-post","3":"status-publish","4":"format-standard","5":"has-post-thumbnail","7":"category-terveys","8":"tag-fi","9":"tag-finland","10":"tag-finnish","11":"tag-health","12":"tag-suomi","13":"tag-terveys"},"share_on_mastodon":{"url":"","error":""},"_links":{"self":[{"href":"https:\/\/www.europesays.com\/fi\/wp-json\/wp\/v2\/posts\/50440","targetHints":{"allow":["GET"]}}],"collection":[{"href":"https:\/\/www.europesays.com\/fi\/wp-json\/wp\/v2\/posts"}],"about":[{"href":"https:\/\/www.europesays.com\/fi\/wp-json\/wp\/v2\/types\/post"}],"author":[{"embeddable":true,"href":"https:\/\/www.europesays.com\/fi\/wp-json\/wp\/v2\/users\/2"}],"replies":[{"embeddable":true,"href":"https:\/\/www.europesays.com\/fi\/wp-json\/wp\/v2\/comments?post=50440"}],"version-history":[{"count":0,"href":"https:\/\/www.europesays.com\/fi\/wp-json\/wp\/v2\/posts\/50440\/revisions"}],"wp:featuredmedia":[{"embeddable":true,"href":"https:\/\/www.europesays.com\/fi\/wp-json\/wp\/v2\/media\/50441"}],"wp:attachment":[{"href":"https:\/\/www.europesays.com\/fi\/wp-json\/wp\/v2\/media?parent=50440"}],"wp:term":[{"taxonomy":"category","embeddable":true,"href":"https:\/\/www.europesays.com\/fi\/wp-json\/wp\/v2\/categories?post=50440"},{"taxonomy":"post_tag","embeddable":true,"href":"https:\/\/www.europesays.com\/fi\/wp-json\/wp\/v2\/tags?post=50440"}],"curies":[{"name":"wp","href":"https:\/\/api.w.org\/{rel}","templated":true}]}}