{"id":50446,"date":"2025-10-01T10:50:07","date_gmt":"2025-10-01T10:50:07","guid":{"rendered":"https:\/\/www.europesays.com\/fi\/50446\/"},"modified":"2025-10-01T10:50:07","modified_gmt":"2025-10-01T10:50:07","slug":"outokumpu-aloittaa-muutosneuvottelut-voivat-vaikuttaa-450-ihmiseen-uutisia-lyhyesti","status":"publish","type":"post","link":"https:\/\/www.europesays.com\/fi\/50446\/","title":{"rendered":"Outokumpu aloittaa muutosneuvottelut, voivat vaikuttaa 450 ihmiseen | Uutisia lyhyesti"},"content":{"rendered":"<p class=\"aw-1gybjub aw-5vja16 cmIuaG zKETg yle__article__paragraph\">Outokummun Tornion tehtaille ei ole viel\u00e4 tullut kutsua muutosneuvotteluihin.<\/p>\n<p><img decoding=\"async\" alt=\"Outokummun ter\u00e4stehdas Torniossa, ty\u00f6ntekij\u00f6it\u00e4 k\u00e4velee tehtaan pihalla.\" src=\"https:\/\/www.europesays.com\/fi\/wp-content\/uploads\/2025\/10\/39-1461868681c8a3a0766c.jpeg\" class=\"aw-1l9m598 hKVVvP\"\/><\/p>\n<p>Avaa kuvien katselu<\/p>\n<p>Outokummun Tornion tehtailla ja Elij\u00e4rven kaivoksella Keminmaassa ty\u00f6askentelee noin 2 000 ty\u00f6ntekij\u00e4\u00e4. Kuva: Antti Ullakko \/ Yle<\/p>\n<p>12:13\u2022P\u00e4ivitetty 13:46<\/p>\n<p class=\"aw-1gybjub aw-1p7kakr cmIuaG fmSRng yle__article__paragraph\">Ter\u00e4syhti\u00f6 Outokumpu aloittaa muutosneuvottelut, jotka voivat vaikuttaa enint\u00e4\u00e4n 450 ty\u00f6ntekij\u00e4\u00e4n eri maissa, yhti\u00f6 tiedottaa. Neuvotteluiden odotetaan alkavan l\u00e4hiviikkoina.<\/p>\n<p class=\"aw-1gybjub aw-1p7kakr cmIuaG fmSRng yle__article__paragraph\">Outokummun Tornion tehtaiden p\u00e4\u00e4luottamusmies <strong class=\"aw-ak79eh KyCXm yle__article__strong\">Tommi Sauvolainen<\/strong> kertoo, ett\u00e4 Tornioon ei ole viel\u00e4 tullut kutsua muutosneuvotteluihin.<\/p>\n<p class=\"aw-1gybjub aw-1p7kakr cmIuaG fmSRng yle__article__paragraph\">\u2013 Uskon, ett\u00e4 kutsu tulee l\u00e4hiaikoina. Ty\u00f6ntekij\u00f6iden tunnelmat ovat odottavat ja v\u00e4h\u00e4n pettyneet siit\u00e4, ett\u00e4 j\u00e4lleen l\u00e4hdet\u00e4\u00e4n t\u00e4lle tielle, Sauvolainen sanoo.<\/p>\n<p class=\"aw-1gybjub aw-1p7kakr cmIuaG fmSRng yle__article__paragraph\">Edelliset muutosneuvottelut k\u00e4ytiin 2021.<\/p>\n<p class=\"aw-1gybjub aw-1p7kakr cmIuaG fmSRng yle__article__paragraph\">\u2013 Silloin v\u00e4hennettiin muutama sata henkil\u00f6\u00e4, mutta v\u00e4ltyttiin kovilta irtisanomisilta, Sauvolainen kertoo.<\/p>\n<p>100 miljoonan euron s\u00e4\u00e4st\u00f6tavoite<\/p>\n<p class=\"aw-1gybjub aw-1p7kakr cmIuaG fmSRng yle__article__paragraph\">Yhti\u00f6 ilmoitti hein\u00e4kuussa aloittaneensa uudelleenj\u00e4rjestelyohjelman suunnittelun.<\/p>\n<p class=\"aw-1gybjub aw-1p7kakr cmIuaG fmSRng yle__article__paragraph\">Tavoite on s\u00e4\u00e4st\u00e4\u00e4 100 miljoonaa euroa vuosittain vuoden 2027 loppuun menness\u00e4.<\/p>\n<p class=\"aw-1gybjub aw-1p7kakr cmIuaG fmSRng yle__article__paragraph\">Yhti\u00f6 perustelee s\u00e4\u00e4st\u00f6j\u00e4 ruostumattoman ter\u00e4ksen kysynn\u00e4n haasteilla Euroopassa, joita pahentavat edullisesti hinnoiteltu aasialainen tuontiter\u00e4s ja t\u00e4m\u00e4nhetkisten suojatoimenpiteiden tehottomuus.<\/p>\n<p class=\"aw-1gybjub aw-1p7kakr cmIuaG fmSRng yle__article__paragraph\">\u2013 Nykyinen kannattavuustasomme on kest\u00e4m\u00e4t\u00f6n, ja meid\u00e4n on Outokummussa kiihdytett\u00e4v\u00e4 muutosvauhtia. Valitettavasti n\u00e4m\u00e4 toimet tulevat vaikuttamaan henkil\u00f6st\u00f6\u00f6mme ja olemme sitoutuneet tukemaan ty\u00f6ntekij\u00f6it\u00e4mme l\u00e4pi t\u00e4m\u00e4n siirtym\u00e4n, Outokummun toimitusjohtaja <strong class=\"aw-ak79eh KyCXm yle__article__strong\">Kati ter Horst<\/strong> sanoo yhti\u00f6n p\u00f6rssitiedotteessa.<\/p>\n<p>Aiemmin on sovittu noin 200 ty\u00f6paikan v\u00e4henemist\u00e4<\/p>\n<p class=\"aw-1gybjub aw-1p7kakr cmIuaG fmSRng yle__article__paragraph\">Outokummun uudelleenj\u00e4rjestelyohjelma vaikuttaa p\u00e4\u00e4osin Europe-liiketoiminta-alueeseen ja globaaleihin konsernitoimintoihin.<\/p>\n<p class=\"aw-1gybjub aw-1p7kakr cmIuaG fmSRng yle__article__paragraph\">Suunniteltujen toimenpiteiden odotetaan vaikuttavan noin 650:een Outokummun kokoaikaiseen ty\u00f6paikkaan vuoden 2027 loppuun menness\u00e4.<\/p>\n<p class=\"aw-1gybjub aw-1p7kakr cmIuaG fmSRng yle__article__paragraph\">Aiemmin on sovittu 94 ty\u00f6paikan v\u00e4hent\u00e4misest\u00e4. Lis\u00e4ksi noin 120 ty\u00f6paikan odotetaan v\u00e4henev\u00e4n normaalin poistuman kautta.<\/p>\n<p class=\"aw-1gybjub aw-1p7kakr cmIuaG fmSRng yle__article__paragraph\">Muokattu 1.10.2025 kello 13.46: Juttuun on lis\u00e4tty p\u00e4\u00e4luottamusmiehen ja toimitusjohtajan kommentit.<\/p>\n","protected":false},"excerpt":{"rendered":"Outokummun Tornion tehtaille ei ole viel\u00e4 tullut kutsua muutosneuvotteluihin. Avaa kuvien katselu Outokummun Tornion tehtailla ja Elij\u00e4rven kaivoksella&hellip;\n","protected":false},"author":2,"featured_media":50447,"comment_status":"","ping_status":"","sticky":false,"template":"","format":"standard","meta":{"footnotes":""},"categories":[76],"tags":[79,77,33,31,30,667,7770,32,78,1356],"class_list":{"0":"post-50446","1":"post","2":"type-post","3":"status-publish","4":"format-standard","5":"has-post-thumbnail","7":"category-talous","8":"tag-business","9":"tag-economy","10":"tag-fi","11":"tag-finland","12":"tag-finnish","13":"tag-lappi","14":"tag-outokumpu-oyj","15":"tag-suomi","16":"tag-talous","17":"tag-yritykset"},"share_on_mastodon":{"url":"","error":""},"_links":{"self":[{"href":"https:\/\/www.europesays.com\/fi\/wp-json\/wp\/v2\/posts\/50446","targetHints":{"allow":["GET"]}}],"collection":[{"href":"https:\/\/www.europesays.com\/fi\/wp-json\/wp\/v2\/posts"}],"about":[{"href":"https:\/\/www.europesays.com\/fi\/wp-json\/wp\/v2\/types\/post"}],"author":[{"embeddable":true,"href":"https:\/\/www.europesays.com\/fi\/wp-json\/wp\/v2\/users\/2"}],"replies":[{"embeddable":true,"href":"https:\/\/www.europesays.com\/fi\/wp-json\/wp\/v2\/comments?post=50446"}],"version-history":[{"count":0,"href":"https:\/\/www.europesays.com\/fi\/wp-json\/wp\/v2\/posts\/50446\/revisions"}],"wp:featuredmedia":[{"embeddable":true,"href":"https:\/\/www.europesays.com\/fi\/wp-json\/wp\/v2\/media\/50447"}],"wp:attachment":[{"href":"https:\/\/www.europesays.com\/fi\/wp-json\/wp\/v2\/media?parent=50446"}],"wp:term":[{"taxonomy":"category","embeddable":true,"href":"https:\/\/www.europesays.com\/fi\/wp-json\/wp\/v2\/categories?post=50446"},{"taxonomy":"post_tag","embeddable":true,"href":"https:\/\/www.europesays.com\/fi\/wp-json\/wp\/v2\/tags?post=50446"}],"curies":[{"name":"wp","href":"https:\/\/api.w.org\/{rel}","templated":true}]}}