{"id":50448,"date":"2025-10-01T10:51:07","date_gmt":"2025-10-01T10:51:07","guid":{"rendered":"https:\/\/www.europesays.com\/fi\/50448\/"},"modified":"2025-10-01T10:51:07","modified_gmt":"2025-10-01T10:51:07","slug":"munchenissa-iso-poliisioperaatio-oktoberfest-alue-suljettiin","status":"publish","type":"post","link":"https:\/\/www.europesays.com\/fi\/50448\/","title":{"rendered":"M\u00fcncheniss\u00e4 iso poliisioperaatio: Oktoberfest-alue suljettiin"},"content":{"rendered":"<p>Saksan M\u00fcncheniss\u00e4 on ollut keskiviikkona suuri poliisioperaatio. Ainakin yhden ihmisen kerrotaan kuolleen.<\/p>\n<p class=\"article-body mb-nof-24 px-nof-16\">Saksan M\u00fcncheniss\u00e4 poliisi ilmeisesti ep\u00e4ilee keskiviikkoisten r\u00e4j\u00e4hdysten voivan liitty\u00e4 jotenkin kaupungissa meneill\u00e4\u00e4n olevaan Oktoberfest-tapahtumaan.<\/p>\n<p class=\"article-body mb-nof-24 px-nof-16\">M\u00fcnchenin poliisi kertoi <a class=\"article-genericlink\" href=\"https:\/\/x.com\/PolizeiMuenchen\/status\/1973289389787914475\" rel=\"nofollow\">viestipalvelu X:ss\u00e4<\/a>, ett\u00e4 t\u00e4m\u00e4n aamun tapahtumien mahdollisia laajempia yhteyksi\u00e4 tutkitaan eri puolilla kaupunkia, mukaan lukien olutfestivaalien alueella.<\/p>\n<p class=\"article-body mb-nof-24 px-nof-16\">Poliisin mukaan yksi ihminen on kuollut aamun v\u00e4likohtauksessa. H\u00e4n kuoli sytytetty\u00e4\u00e4n tuleen vanhempiensa kotitalon perheriidan seurauksena Lerchenaun alueella, <a class=\"article-genericlink\" href=\"https:\/\/x.com\/PolizeiMuenchen\/status\/1973282993847542263\" rel=\"nofollow\">poliisi kertoi<\/a>.<\/p>\n<p class=\"article-body mb-nof-24 px-nof-16\">M\u00fcnchenin <a class=\"article-genericlink\" href=\"https:\/\/x.com\/PolizeiMuenchen\/status\/1973304781113532495\" rel=\"nofollow\">poliisin mukaan<\/a> festivaalialue pysyy suljettuna ainakin viiteen asti iltap\u00e4iv\u00e4ll\u00e4 paikallista aikaa, sill\u00e4 poliisi suorittaa paikalla etsint\u00f6j\u00e4. Oktoberfest-tapahtuma j\u00e4rjestet\u00e4\u00e4n Theresienwiesen alueella.<\/p>\n<p class=\"article-body mb-nof-24 px-nof-16\">Bild-lehti kertoi jo aiemmin, ett\u00e4 sen <a class=\"article-genericlink\" href=\"https:\/\/www.bild.de\/regional\/muenchen\/muenchen-grosseinsatz-explosionen-im-norden-der-stadt-68dcb0cee12da109b804fb59\" rel=\"nofollow noopener\" target=\"_blank\">tietojen mukaan<\/a> yksi mies olisi kuollut ja toinen ihminen haavoittunut kaupungin pohjoisosassa Lerchenaun alueella. Poliisin mukaan tapahtumiin liittyy toinen ihminen, joka on kateissa. H\u00e4nest\u00e4 ei kuitenkaan ole vaaraa, poliisi sanoi.<\/p>\n<p class=\"article-body mb-nof-24 px-nof-16\">Lerchenaun alueelta kuultiin varhain aamulla r\u00e4j\u00e4hdyksi\u00e4 ja laukauksia, mink\u00e4 j\u00e4lkeen poliisi k\u00e4ynnisti alueella laajan operaation palokunnan kanssa ja eristi alueen. My\u00f6s paikallinen koulu on suljettu.<\/p>\n<p class=\"article-body mb-nof-24 px-nof-16\">Paikalle h\u00e4lytettiin poliisin ja palokunnan pelastajien lis\u00e4ksi pommien purkamiseen erikoistunut yksikk\u00f6. Bild julkaisi kuvan pahoin palaneesta minibussista tai tila-autosta. Bildin mukaan alueelta my\u00f6s n\u00e4htiin kohoavan savua.<\/p>\n<p class=\"article-body mb-nof-24 px-nof-16\">Bildin mukaan miespuolinen uhri oli oletettavasti r\u00e4j\u00e4ytt\u00e4nyt vanhempiensa kotitalon tai laukaissut r\u00e4j\u00e4hteit\u00e4 l\u00e4heisest\u00e4 ajoneuvosta ja sytytt\u00e4nyt talon tuleen. T\u00e4m\u00e4n j\u00e4lkeen mies olisi tehnyt itsemurhan, Bild kirjoitti. Poliisi ei vahvistanut tietoa itsemurhasta.<\/p>\n<p class=\"article-body mb-nof-24 px-nof-16\">Bildin mukaan kuollut mies olisi kantanut reppua, jonka sis\u00e4ll\u00e4 on ep\u00e4ilty voivan olla lis\u00e4\u00e4 r\u00e4j\u00e4hteit\u00e4. Pomminpurkajat h\u00e4lytettiin poliisin mukaan paikalle est\u00e4m\u00e4\u00e4n mahdolliset uudet r\u00e4j\u00e4hdykset. Varotoimena poliisi l\u00e4hestyikin Bildin mukaan talon aluetta aluksi vain helikopterilla.<\/p>\n","protected":false},"excerpt":{"rendered":"Saksan M\u00fcncheniss\u00e4 on ollut keskiviikkona suuri poliisioperaatio. Ainakin yhden ihmisen kerrotaan kuolleen. Saksan M\u00fcncheniss\u00e4 poliisi ilmeisesti ep\u00e4ilee keskiviikkoisten&hellip;\n","protected":false},"author":2,"featured_media":50449,"comment_status":"","ping_status":"","sticky":false,"template":"","format":"standard","meta":{"footnotes":""},"categories":[14],"tags":[22,23,26,27,33,31,30,17,34,24,25,28,29,15,18,21,32,19,20,56,16,59,60,61],"class_list":{"0":"post-50448","1":"post","2":"type-post","3":"status-publish","4":"format-standard","5":"has-post-thumbnail","7":"category-ulkomaat","8":"tag-breaking-news","9":"tag-breakingnews","10":"tag-featured-news","11":"tag-featurednews","12":"tag-fi","13":"tag-finland","14":"tag-finnish","15":"tag-headlines","16":"tag-ilta-sanomat","17":"tag-latest-news","18":"tag-latestnews","19":"tag-main-news","20":"tag-mainnews","21":"tag-news","22":"tag-otsikot","23":"tag-paauutiset","24":"tag-suomi","25":"tag-top-stories","26":"tag-topstories","27":"tag-ulkomaat","28":"tag-uutiset","29":"tag-world","30":"tag-world-news","31":"tag-worldnews"},"share_on_mastodon":{"url":"","error":""},"_links":{"self":[{"href":"https:\/\/www.europesays.com\/fi\/wp-json\/wp\/v2\/posts\/50448","targetHints":{"allow":["GET"]}}],"collection":[{"href":"https:\/\/www.europesays.com\/fi\/wp-json\/wp\/v2\/posts"}],"about":[{"href":"https:\/\/www.europesays.com\/fi\/wp-json\/wp\/v2\/types\/post"}],"author":[{"embeddable":true,"href":"https:\/\/www.europesays.com\/fi\/wp-json\/wp\/v2\/users\/2"}],"replies":[{"embeddable":true,"href":"https:\/\/www.europesays.com\/fi\/wp-json\/wp\/v2\/comments?post=50448"}],"version-history":[{"count":0,"href":"https:\/\/www.europesays.com\/fi\/wp-json\/wp\/v2\/posts\/50448\/revisions"}],"wp:featuredmedia":[{"embeddable":true,"href":"https:\/\/www.europesays.com\/fi\/wp-json\/wp\/v2\/media\/50449"}],"wp:attachment":[{"href":"https:\/\/www.europesays.com\/fi\/wp-json\/wp\/v2\/media?parent=50448"}],"wp:term":[{"taxonomy":"category","embeddable":true,"href":"https:\/\/www.europesays.com\/fi\/wp-json\/wp\/v2\/categories?post=50448"},{"taxonomy":"post_tag","embeddable":true,"href":"https:\/\/www.europesays.com\/fi\/wp-json\/wp\/v2\/tags?post=50448"}],"curies":[{"name":"wp","href":"https:\/\/api.w.org\/{rel}","templated":true}]}}