{"id":50450,"date":"2025-10-01T10:52:07","date_gmt":"2025-10-01T10:52:07","guid":{"rendered":"https:\/\/www.europesays.com\/fi\/50450\/"},"modified":"2025-10-01T10:52:07","modified_gmt":"2025-10-01T10:52:07","slug":"helsingin-ydinkeskustaan-avautui-uusi-hotelli-kaikki-huoneet-taynna-heti-avajaispaivana","status":"publish","type":"post","link":"https:\/\/www.europesays.com\/fi\/50450\/","title":{"rendered":"Helsingin ydinkeskustaan avautui uusi hotelli \u2013 Kaikki huoneet t\u00e4ynn\u00e4 heti avajaisp\u00e4iv\u00e4n\u00e4"},"content":{"rendered":"<p>Helsingin rautatieasemalle avautuu 1. lokakuuta uusi hotelli. Scandic Helsinki Stationin huoneet on myyty t\u00e4yteen heti avajaisp\u00e4iv\u00e4n\u00e4. <\/p>\n<p><img decoding=\"async\" class=\"image image-show image-preview\" src=\"https:\/\/www.europesays.com\/fi\/wp-content\/uploads\/2025\/10\/e7765b3d7c3192e0a1c8105b06c7d26539d2c993abfcb2edf77aa69a8af5cf06.jpg\" alt=\"\"\/><img decoding=\"async\" class=\"image image-show\" src=\"https:\/\/www.europesays.com\/fi\/wp-content\/uploads\/2025\/10\/1759315927_747_e7765b3d7c3192e0a1c8105b06c7d26539d2c993abfcb2edf77aa69a8af5cf06.jpg\" alt=\"\"\/><\/p>\n<p>Scandic Helsinki Stationin terassilta aukeavat n\u00e4kym\u00e4t Elielinaukiolle.  Tuuli Lindgren<\/p>\n<p class=\"paragraph\">Helsingin tai jopa koko Suomen paraatipaikalle, Elielinaukion laidalle avautuu lokakuun ensimm\u00e4isen\u00e4 p\u00e4iv\u00e4n\u00e4 Scandic Helsinki Station -hotelli. Hotellissa on 174 huonetta,  aulabaari, aamiaisravintola, lasitettu terassi sek\u00e4 saunat ja kuntohuone.<\/p>\n<p class=\"paragraph\">Samoissa tiloissa toimi aiemmin Holiday Inn. Vuoden kest\u00e4neess\u00e4 remontissa hotelli koki t\u00e4ydellisen muodonmuutoksen; kaikki huoneet ja tilat on nyt uudistettu. My\u00f6s talotekniikkaa uudistettiin ja rakennuksen katolle asennettiin aurinkopaneelit.<\/p>\n<p>Aamiaisravintolassa tarjoillaan hotelliaamiainen. Illallisravintolaa hotellista ei l\u00f6ydy.  Tuuli Lindgren<\/p>\n<p class=\"paragraph\">Puolet hotellin huoneista on standard- ja puolet superior- tai superior plus -huoneita. Osassa huoneita on kylpyamme.<\/p>\n<p class=\"paragraph\">Hotellin kaikissa huoneissa on mahdollisuus y\u00f6py\u00e4 joko king-s\u00e4ngyss\u00e4 tai twin-s\u00e4ngyss\u00e4, sill\u00e4 s\u00e4ngyt voi halutessaan yhdist\u00e4\u00e4 tai erottaa. Ratkaisu on tarkkaan mietitty: viel\u00e4 v\u00e4h\u00e4n aikaa sitten yritysmatkustajat y\u00f6pyiv\u00e4t huoneessa yksin, eik\u00e4 twin-huoneille ollut kysynt\u00e4\u00e4, mutta nyt budjettien ollessa tiukempia twin-huoneita varataan taas enemm\u00e4n.<\/p>\n<p>Osa huoneista aukeaa junaradalle p\u00e4in. Kuvassa standard-huone.  Tuuli Lindgren<\/p>\n<p>Osa huoneista avautuu Elielinaukiolle p\u00e4in. Kuvassa superior plus -huone.  Tuuli Lindgren<\/p>\n<p class=\"paragraph\">Paraatipaikalle avautuva hotelli on her\u00e4tt\u00e4nyt kiinnostusta jo etuk\u00e4teen. Hotellinjohtaja <strong>Satu Aalto<\/strong> kertoi avajaistilaisuudessa, ett\u00e4 Scandic Helsinki Station on t\u00e4yteen varattu heti avajaisp\u00e4iv\u00e4n\u00e4\u00e4n.<\/p>\n<p class=\"paragraph\">\u2013 Ihanaa, ett\u00e4 t\u00e4m\u00e4 p\u00e4iv\u00e4 on koittanut, Aalto iloitsi.<\/p>\n<p class=\"paragraph\">Hotellille my\u00f6nnettiin avajaistilaisuudessa Pohjoismainen ymp\u00e4rist\u00f6merkki, Joutsenmerkki. Joutsenmerkki edellytt\u00e4\u00e4 tiettyj\u00e4 toimenpiteit\u00e4 liittyen hotellin energiank\u00e4ytt\u00f6\u00f6n, vedenk\u00e4ytt\u00f6\u00f6n, j\u00e4tteisiin, ruokaan ja esimerkiksi siivouksessa k\u00e4ytett\u00e4viin kemikaaleihin.<\/p>\n<p class=\"paragraph\">Helsingin p\u00e4\u00e4rautatieaseman l\u00e4heisyydess\u00e4 riitt\u00e4\u00e4 majoittujille nyky\u00e4\u00e4n runsaasti valinnanvaraa. Scandicilla on juna-aseman l\u00e4hell\u00e4 my\u00f6s Grand Central -hotelli ja Sokos hotelsilla Original Sokos Hotel Vaakuna. Viime vuonna puolestaan rautatieaseman l\u00e4heisyyteen avautui luksushotelli NH Collection Grand Hansa, jonka yhteydess\u00e4 oleva Kupoli-baari on noussut suursuosioon.<\/p>\n<p>Hotellin sijainnilla houkutellaan keskeist\u00e4 sijaintia arvostavia y\u00f6pyji\u00e4. Tuuli Lindgren<\/p>\n<p>Scandic Helsinki Station -hotelli avautuu 1. lokakuuta kello 13.  Tuuli Lindgren<\/p>\n","protected":false},"excerpt":{"rendered":"Helsingin rautatieasemalle avautuu 1. lokakuuta uusi hotelli. Scandic Helsinki Stationin huoneet on myyty t\u00e4yteen heti avajaisp\u00e4iv\u00e4n\u00e4. Scandic Helsinki&hellip;\n","protected":false},"author":2,"featured_media":50451,"comment_status":"","ping_status":"","sticky":false,"template":"","format":"standard","meta":{"footnotes":""},"categories":[12],"tags":[22,23,2110,26,27,33,31,30,17,2887,1390,24,25,121,28,29,953,923,15,18,21,32,19,20,16],"class_list":{"0":"post-50450","1":"post","2":"type-post","3":"status-publish","4":"format-standard","5":"has-post-thumbnail","7":"category-suomi","8":"tag-breaking-news","9":"tag-breakingnews","10":"tag-elamantapa-ja-vapaa-aika","11":"tag-featured-news","12":"tag-featurednews","13":"tag-fi","14":"tag-finland","15":"tag-finnish","16":"tag-headlines","17":"tag-julkinen-liikenne","18":"tag-kuukausi","19":"tag-latest-news","20":"tag-latestnews","21":"tag-liikenne-ja-kuljetus","22":"tag-main-news","23":"tag-mainnews","24":"tag-matkustajaliikenne","25":"tag-matkustaminen","26":"tag-news","27":"tag-otsikot","28":"tag-paauutiset","29":"tag-suomi","30":"tag-top-stories","31":"tag-topstories","32":"tag-uutiset"},"share_on_mastodon":{"url":"","error":""},"_links":{"self":[{"href":"https:\/\/www.europesays.com\/fi\/wp-json\/wp\/v2\/posts\/50450","targetHints":{"allow":["GET"]}}],"collection":[{"href":"https:\/\/www.europesays.com\/fi\/wp-json\/wp\/v2\/posts"}],"about":[{"href":"https:\/\/www.europesays.com\/fi\/wp-json\/wp\/v2\/types\/post"}],"author":[{"embeddable":true,"href":"https:\/\/www.europesays.com\/fi\/wp-json\/wp\/v2\/users\/2"}],"replies":[{"embeddable":true,"href":"https:\/\/www.europesays.com\/fi\/wp-json\/wp\/v2\/comments?post=50450"}],"version-history":[{"count":0,"href":"https:\/\/www.europesays.com\/fi\/wp-json\/wp\/v2\/posts\/50450\/revisions"}],"wp:featuredmedia":[{"embeddable":true,"href":"https:\/\/www.europesays.com\/fi\/wp-json\/wp\/v2\/media\/50451"}],"wp:attachment":[{"href":"https:\/\/www.europesays.com\/fi\/wp-json\/wp\/v2\/media?parent=50450"}],"wp:term":[{"taxonomy":"category","embeddable":true,"href":"https:\/\/www.europesays.com\/fi\/wp-json\/wp\/v2\/categories?post=50450"},{"taxonomy":"post_tag","embeddable":true,"href":"https:\/\/www.europesays.com\/fi\/wp-json\/wp\/v2\/tags?post=50450"}],"curies":[{"name":"wp","href":"https:\/\/api.w.org\/{rel}","templated":true}]}}