{"id":50452,"date":"2025-10-01T10:53:08","date_gmt":"2025-10-01T10:53:08","guid":{"rendered":"https:\/\/www.europesays.com\/fi\/50452\/"},"modified":"2025-10-01T10:53:08","modified_gmt":"2025-10-01T10:53:08","slug":"eduskunnan-velkaneuvottelut-taysin-jumissa-sekava-tilanne-uhkaa","status":"publish","type":"post","link":"https:\/\/www.europesays.com\/fi\/50452\/","title":{"rendered":"Eduskunnan velkaneuvottelut t\u00e4ysin jumissa \u2013 Sekava tilanne uhkaa"},"content":{"rendered":"<p>Iltalehden l\u00e4hteiden mukaan hallitus ja oppositio eiv\u00e4t vaikuta p\u00e4\u00e4sev\u00e4n yhteisymm\u00e4rrykseen velan hillitsemisen tavoista. <\/p>\n<p><img decoding=\"async\" class=\"image image-show image-preview\" src=\"https:\/\/www.europesays.com\/fi\/wp-content\/uploads\/2025\/10\/bb1936f8147788d8688493ff65af2043861f241bd68015ce4117bc1d4abd8f25.jpg\" alt=\"\"\/><img decoding=\"async\" class=\"image image-show\" src=\"https:\/\/www.europesays.com\/fi\/wp-content\/uploads\/2025\/10\/1759315988_253_bb1936f8147788d8688493ff65af2043861f241bd68015ce4117bc1d4abd8f25.jpg\" alt=\"\"\/><\/p>\n<p>P\u00e4\u00e4ministeri Petteri Orpo ja valtiovaraiministeri Riikka Purra haluavat varmistaa, ett\u00e4 velan taittaminen jatkuu heid\u00e4n valtakautensa j\u00e4lkeen.  Pasi Liesimaa<\/p>\n<p class=\"paragraph\">Iltalehden tietojen mukaan hallitus- ja oppositiopuolueiden v\u00e4liset neuvottelut velkajarrusta ovat t\u00e4ysin jumissa. Velkajarrusta keskusteleva parlamentaarinen ryhm\u00e4 kokousti keskiviikkona aamulla, mutta yhteisymm\u00e4rryst\u00e4 ei toistaiseksi ole l\u00f6ytynyt.<\/p>\n<p class=\"paragraph\">Osa IL:n l\u00e4hteist\u00e4 kuvailee neuvotteluja sekaviksi ja erikoisiksi. Meneill\u00e4\u00e4n on kova hermopeli, kun puolueet puskevat omia tavoitteitaan l\u00e4pi neuvotteluissa.<\/p>\n<p class=\"paragraph\">Eduskuntapuolueet etsiv\u00e4t parhaillaan sopua siihen, millaisilla s\u00e4\u00e4nn\u00f6ill\u00e4 Suomen velkaantumista pyritt\u00e4isiin hillitsem\u00e4\u00e4n tulevina vuosikymmenin\u00e4. <strong>Petteri Orpon<\/strong> (kok) hallitus haluaa, ett\u00e4 tulevat hallitukset sitoutuvat velkasuhteen alentamiseen jopa EU:n s\u00e4\u00e4nt\u00f6j\u00e4 kire\u00e4mmin.<\/p>\n<p class=\"paragraph\">EU-j\u00e4senvaltion velan suhde bruttokansantuotteeseen saa olla enint\u00e4\u00e4n 60 prosenttia, kun Suomen velkasuhde hiipii l\u00e4hivuosina kohti 90 prosenttia. Hallitus haluaisi, ett\u00e4  velkasuhde taitettaisiin 40 prosenttiin noin prosentilla vuodessa.<\/p>\n<p>Vaikeat neuvottelut<\/p>\n<p class=\"paragraph\">Velkajarrusta neuvotellaan nyt, koska EU:n finanssipoliittiset s\u00e4\u00e4nn\u00f6t pit\u00e4\u00e4 sis\u00e4llytt\u00e4\u00e4 Suomen lains\u00e4\u00e4d\u00e4nt\u00f6\u00f6n vuoden 2026 alusta. Kansalliset lis\u00e4vaatimukset tulisivat voimaan vasta 2031 alkaen.<\/p>\n<p class=\"paragraph\">Mukana neuvotteluissa ovat kaikki eduskuntapuolueet, jotta velan taittamiseen sitouduttaisiin tulevista hallituspohjista riippumatta.<\/p>\n<p class=\"paragraph\">Neuvottelut ovat kuitenkin vaikeita ja m\u00e4\u00e4r\u00e4aika lain k\u00e4sittelylle l\u00e4hestyy. Iltalehden tietojen mukaan neuvottelut jatkuvat viel\u00e4 t\u00e4m\u00e4n ja ensi viikon. Sen j\u00e4lkeen tulee kiire, jos hallituksen esitys halutaan k\u00e4sitell\u00e4 eduskunnassa viel\u00e4 syyskaudella.<\/p>\n<p class=\"paragraph\">Alun perin valmista piti olla lokakuun alkuun menness\u00e4.<\/p>\n<p>Kiistan syyt<\/p>\n<p class=\"paragraph\">Tiivistetysti sanottuna kiistassa on kyse siit\u00e4, kuinka kire\u00e4ll\u00e4 tahdilla velkasuhdetta kurotaan umpeen ja mit\u00e4 lakiin kirjataan. Hallituspuolueet haluaisivat, ett\u00e4 velkaa alennettaisiin prosenttiyksik\u00f6ll\u00e4 vuodessa tai v\u00e4hint\u00e4\u00e4n 0,75 prosenttiyksik\u00f6ll\u00e4 vuodessa.<\/p>\n<p class=\"paragraph\">Asia on ehdoton muun muassa kokoomukselle.<\/p>\n<p class=\"paragraph\">Velkajarruneuvotteluista on aiemmin uutisoinut muun muassa <a href=\"https:\/\/www.hs.fi\/politiikka\/art-2000011520776.html\" rel=\"noopener nofollow\" target=\"_blank\">Helsingin Sanomat<\/a>. Lehden mukaan hallituksesta on ehdotettu my\u00f6s vaihtoehtoa, jossa julkisen talouden alij\u00e4\u00e4m\u00e4\u00e4 sopeutettaisiin 0,5 prosenttiyksikk\u00f6\u00e4 vuodessa.<\/p>\n<p class=\"paragraph\">My\u00f6s <a href=\"https:\/\/www.is.fi\/politiikka\/art-2000011524907.html\" rel=\"noopener nofollow\" target=\"_blank\">Ilta-Sanomat<\/a> on kertonut neuvottelujen tilanteesta.<\/p>\n<p class=\"paragraph\">Oppositiossa ajatellaan, ett\u00e4 hallituksen esitt\u00e4m\u00e4t luvut ovat liian kireit\u00e4. Osassa oppositiopuolueista n\u00e4hd\u00e4\u00e4n, ett\u00e4 EU:n finanssipoliittiset tavoitteet ovat jo valmiiksi kire\u00e4t. Velkajarruasiassa keskusta on ollut pitk\u00e4lti muun opposition linjoilla.<\/p>\n<p class=\"paragraph\">Parlamentaarinen ty\u00f6ryhm\u00e4 oli l\u00e4hteiden mukaan erimielinen velan v\u00e4hent\u00e4mistahdista viel\u00e4 keskiviikon kokouksen j\u00e4lkeen.<\/p>\n<p class=\"paragraph\">IL:n tietojen mukaan esill\u00e4 on ollut kompromissiehdotus, jossa velkasuhde asetettaisiin ensin EU:n vaatimaan 60 prosenttiin ja vasta my\u00f6hemmin 40 prosenttiin. Kompromissimallissa ei olisi tavoiteltua vuotta, johon menness\u00e4 velkasuhde pit\u00e4\u00e4 saada taittumaan.<\/p>\n<p class=\"paragraph\">Kompromissina on esitelty my\u00f6s turvamarginaalin muuttamista eli sit\u00e4, kuinka paljon julkisen talouden alij\u00e4\u00e4m\u00e4 saa vuosittain olla. EU:n perussopimuksissa j\u00e4senmaan julkisen talouden alij\u00e4\u00e4m\u00e4 saa olla enint\u00e4\u00e4n kolme prosenttia suhteessa bruttokansantuotteeseen.<\/p>\n<p>Keskeinen ero<\/p>\n<p class=\"paragraph\">Keskeinen n\u00e4kemysero liittyy my\u00f6s itse prosessiin. Oppositiossa painotetaan sen merkityst\u00e4, ett\u00e4 kaikki puolueet tekisiv\u00e4t asiasta yhteisen sitoumuksen. Hallitus taas haluaisi lukuja lakitekstiin.<\/p>\n<p class=\"paragraph\">IL:n l\u00e4hteiden mukaan hallituksessa ajatellaan velkajarrun uskottavuuden tulevan tiukoista ehdoista laista, kun taas opposition mieliss\u00e4 uskottavuus tulisi parlamentaarisesta sovusta.<\/p>\n<p class=\"paragraph\">Esimerkiksi kokoomus haluaisi saada lakiin kirjattua jonkinlaisia sitouttavia elementtej\u00e4 tai painemekanismin, jotta tulevien hallitusten olisi pakko v\u00e4hent\u00e4\u00e4 velkaa sovittujen tavoitteiden mukaisesti.<\/p>\n<p class=\"paragraph\">Kokoomuksessa on ollut esill\u00e4 ajatus, ett\u00e4 tietyille finanssipolitiikkaan liittyville ratkaisuille pit\u00e4isi saada tietty enemmist\u00f6, jolloin pienempi joukko ei l\u00e4htisi eduskunnassa poikkeamaan sovituista tavoitteista.<\/p>\n<p class=\"paragraph\">Kokoomuksessa huolettaa se, ett\u00e4 velkaantumiseen vapaammin suhtautuva hallitus voisi tulevaisuudessa muuttaa lakia mielens\u00e4 mukaan, mik\u00e4 romuttaisi velkajarrun tavoitteen.<\/p>\n<p>Kiivasta ty\u00f6t\u00e4<\/p>\n<p class=\"paragraph\">Parlamentaarinen ty\u00f6ryhm\u00e4 on ty\u00f6skennellyt kiivaasti jo yli kolme viikkoa, mutta yhteisen ratkaisun l\u00f6yt\u00e4minen on viel\u00e4 ep\u00e4varmaa.<\/p>\n<p class=\"paragraph\">Osa l\u00e4hteist\u00e4 katsoo, ett\u00e4 yksimielinen sopu velkajarrusta ei ole mahdottomuus.<\/p>\n<p class=\"paragraph\">Velkajarrusta voidaan kuitenkin sopia ilman kaikkien puolueiden suostumusta. Iltalehdelle arvioidaan, ett\u00e4 nelj\u00e4n suurimman puolueen v\u00e4linen sopu voisi olla reitti eteenp\u00e4in. K \u00e4yt\u00e4nn\u00f6ss\u00e4 t\u00e4m\u00e4 tarkoittaisi kokoomusta, perussuomalaisia, SDP:t\u00e4 ja keskustaa.<\/p>\n<p class=\"paragraph\">Yksi ajatus oppositiossa on se, ett\u00e4 EU-s\u00e4\u00e4nn\u00f6t viet\u00e4isiin lakiin vuoden loppuun menness\u00e4 ja kansalliset tavoitteet neuvoteltaisiin my\u00f6hemmin ajan kanssa.<\/p>\n<p class=\"paragraph\">Oppositiossa ollaan my\u00f6s sit\u00e4 mielt\u00e4, ett\u00e4 hallitus saattaa viime k\u00e4dess\u00e4 ajaa oman esityksens\u00e4 l\u00e4pi, jos sopua ei saada. Asiaa on v\u00e4l\u00e4ytelty my\u00f6s kokoomuksesta, mutta toistaiseksi neuvottelut jatkuvat.<\/p>\n","protected":false},"excerpt":{"rendered":"Iltalehden l\u00e4hteiden mukaan hallitus ja oppositio eiv\u00e4t vaikuta p\u00e4\u00e4sev\u00e4n yhteisymm\u00e4rrykseen velan hillitsemisen tavoista. P\u00e4\u00e4ministeri Petteri Orpo ja valtiovaraiministeri&hellip;\n","protected":false},"author":2,"featured_media":50453,"comment_status":"","ping_status":"","sticky":false,"template":"","format":"standard","meta":{"footnotes":""},"categories":[5],"tags":[35,22,23,26,27,33,31,30,17,24,25,28,29,15,18,21,637,886,888,885,887,32,19,20,16],"class_list":{"0":"post-50452","1":"post","2":"type-post","3":"status-publish","4":"format-standard","5":"has-post-thumbnail","7":"category-otsikot","8":"tag-24h","9":"tag-breaking-news","10":"tag-breakingnews","11":"tag-featured-news","12":"tag-featurednews","13":"tag-fi","14":"tag-finland","15":"tag-finnish","16":"tag-headlines","17":"tag-latest-news","18":"tag-latestnews","19":"tag-main-news","20":"tag-mainnews","21":"tag-news","22":"tag-otsikot","23":"tag-paauutiset","24":"tag-politiikka","25":"tag-puolueet","26":"tag-suomalaiset-poliitikot","27":"tag-suomen-poliittiset-puolueet","28":"tag-suomen-politiikka","29":"tag-suomi","30":"tag-top-stories","31":"tag-topstories","32":"tag-uutiset"},"share_on_mastodon":{"url":"","error":""},"_links":{"self":[{"href":"https:\/\/www.europesays.com\/fi\/wp-json\/wp\/v2\/posts\/50452","targetHints":{"allow":["GET"]}}],"collection":[{"href":"https:\/\/www.europesays.com\/fi\/wp-json\/wp\/v2\/posts"}],"about":[{"href":"https:\/\/www.europesays.com\/fi\/wp-json\/wp\/v2\/types\/post"}],"author":[{"embeddable":true,"href":"https:\/\/www.europesays.com\/fi\/wp-json\/wp\/v2\/users\/2"}],"replies":[{"embeddable":true,"href":"https:\/\/www.europesays.com\/fi\/wp-json\/wp\/v2\/comments?post=50452"}],"version-history":[{"count":0,"href":"https:\/\/www.europesays.com\/fi\/wp-json\/wp\/v2\/posts\/50452\/revisions"}],"wp:featuredmedia":[{"embeddable":true,"href":"https:\/\/www.europesays.com\/fi\/wp-json\/wp\/v2\/media\/50453"}],"wp:attachment":[{"href":"https:\/\/www.europesays.com\/fi\/wp-json\/wp\/v2\/media?parent=50452"}],"wp:term":[{"taxonomy":"category","embeddable":true,"href":"https:\/\/www.europesays.com\/fi\/wp-json\/wp\/v2\/categories?post=50452"},{"taxonomy":"post_tag","embeddable":true,"href":"https:\/\/www.europesays.com\/fi\/wp-json\/wp\/v2\/tags?post=50452"}],"curies":[{"name":"wp","href":"https:\/\/api.w.org\/{rel}","templated":true}]}}