{"id":50456,"date":"2025-10-01T11:08:13","date_gmt":"2025-10-01T11:08:13","guid":{"rendered":"https:\/\/www.europesays.com\/fi\/50456\/"},"modified":"2025-10-01T11:08:13","modified_gmt":"2025-10-01T11:08:13","slug":"renny-ja-johanna-harlin-tallaiset-olivat-ensitreffit","status":"publish","type":"post","link":"https:\/\/www.europesays.com\/fi\/50456\/","title":{"rendered":"Renny ja Johanna Harlin: T\u00e4llaiset olivat ensitreffit"},"content":{"rendered":"<p class=\"ingress\">Renny ja Johanna Harlin n\u00e4ytt\u00e4v\u00e4t siirappisuuden uhallakin onnensa avoimesti. Heid\u00e4n liitossaan ei ole sijaa syyllist\u00e4miselle tai riitelylle.<\/p>\n<p>Kovin pitk\u00e4\u00e4n ei tarvitse istua <strong>Renny Harlinin<\/strong> ja h\u00e4nen vaimonsa <strong>Johanna Harlinin<\/strong> kanssa samassa p\u00f6yd\u00e4ss\u00e4 ennen kuin sukelletaan syviin vesiin. Puheenaiheena on perhe, ja se herkist\u00e4\u00e4 Rennyn.<\/p>\n<p>\u201dEn voi t\u00e4lle mit\u00e4\u00e4n\u201d, h\u00e4n sanoo kyyneli\u00e4\u00e4n pid\u00e4tellen. Johanna silitt\u00e4\u00e4 miehens\u00e4 olkavartta.<\/p>\n<p>\u201dJohannan l\u00f6yt\u00e4minen ja perheen perustaminen on muuttanut arvomaailmani t\u00e4ysin. Ennen tein kaiken vain itselleni. Nyky\u00e4\u00e4n ty\u00f6nteko ja ihan kaikki liittyy siihen, ett\u00e4 rakennan tulevaisuutta meid\u00e4n lapsillemme ja heid\u00e4n lapsilleen.\u201d<\/p>\n<p>J\u00e4lkipolvilleen Renny on rakennuttanut talviasuttavan m\u00f6kin lapsuutensa kesien maisemiin, Haminan edustalle Tammion saareen. H\u00e4n uskoo talon kest\u00e4v\u00e4n ainakin 200\u2013300 vuotta.<\/p>\n<p>\u201dSiit\u00e4 tuli niin iso, ett\u00e4 sinne mahtuvat lastenlapset ja heid\u00e4nkin lapsensa. On ihana tehd\u00e4 jotain muita varten.\u201d<\/p>\n<p>Unelma perheest\u00e4<\/p>\n<p>Kolmevuotias <strong>Coco<\/strong> ja vuoden ik\u00e4inen <strong>Jules<\/strong> p\u00e4\u00e4sev\u00e4t Tammioon aina Suomen-reissuillaan, niin t\u00e4ll\u00e4kin kertaa. Juuri nyt he ovat kummit\u00e4tins\u00e4 luona Espoossa, kun \u00e4iti ja is\u00e4 ovat t\u00f6iss\u00e4.<\/p>\n<p>Rennyn ja Johannan perheen koti sijaitsee Yhdysvalloissa. Sinne parikymppinen Renny Harlin l\u00e4hti luomaan uraa elokuvaohjaajana 1980-luvun puoliv\u00e4liss\u00e4. Perheen perustaminen ei ollut p\u00e4\u00e4llimm\u00e4isen\u00e4 mieless\u00e4, mutta silti h\u00e4n sanoo aina unelmoineensa omasta perheest\u00e4.<\/p>\n<p>Rennyn lapsuudessa is\u00e4 oli paljon poissa kotoa.<\/p>\n<p>\u201dIs\u00e4 oli l\u00e4\u00e4k\u00e4ri, aina kiireinen ja t\u00f6iss\u00e4. Minut ja siskoni kasvatti meid\u00e4n \u00e4iti. Is\u00e4 oli kiltti, ihana ja fiksu, mutta h\u00e4n ei vain ollut l\u00e4sn\u00e4. Tiesin aina, ett\u00e4 annan vaimolleni ja lapsilleni kaikkeni sitten, kun sen aika koittaa.\u201d<\/p>\n<p>Oikeaa hetke\u00e4 ei vain kuulunut, vaikka 1990-luvulla Renny oli naimisissakin. Ero Hollywood-t\u00e4hti <strong>Geena Davisista <\/strong>tuli nelj\u00e4n vuoden j\u00e4lkeen.<\/p>\n<p>\u201dSiin\u00e4 ei ollut en\u00e4\u00e4 sit\u00e4 kipin\u00e4\u00e4, mit\u00e4 etsin. Siksi en miss\u00e4\u00e4n nimess\u00e4 halunnut saada lapsia. Lopulta erosimme yst\u00e4vin\u00e4.\u201d<\/p>\n<p>Luukas teki Rennyst\u00e4 is\u00e4n<\/p>\n<p>Is\u00e4 Rennyst\u00e4 tuli 28 vuotta sitten, mutta perhett\u00e4 h\u00e4n ei saanut silloinkaan. <strong>Luukas<\/strong> syntyi Rennyn mukaan pinnallisesta suhteesta, jolla ei ollut mahdollisuuksia jatkua. H\u00e4n olisi kipe\u00e4sti halunnut olla is\u00e4 pojalleen, mutta ei voinut. Renny sanoo, ett\u00e4 lapsesta eroon joutuminen melkein tuhosi h\u00e4net. <\/p>\n<p>\u201dUskoin siin\u00e4 vaiheessa, ett\u00e4 Jumala tarkoitti t\u00e4m\u00e4n n\u00e4in. Ett\u00e4 n\u00e4in min\u00e4 sitten tulen saamaan el\u00e4m\u00e4ss\u00e4ni lapsen.\u201d<\/p>\n<p>T\u00e4ysi-ik\u00e4isen\u00e4 poika otti is\u00e4\u00e4ns\u00e4 yhteytt\u00e4, ja nyky\u00e4\u00e4n h\u00e4n ty\u00f6skentelee apulaisohjaajana is\u00e4ns\u00e4 elokuvaprojekteissa. Luukas on osa perhett\u00e4.<\/p>\n<p>\u201dOn liikuttavaa, ett\u00e4 tekin olette parhaita yst\u00e4vi\u00e4\u201d, Renny sanoo vieress\u00e4\u00e4n istuvalle vaimolleen.<\/p>\n<p>Perhehaaveita oli my\u00f6s Johannalla, ja niist\u00e4 puhuttiin jo suhteen alkuvaiheessa. Uraankin liittyvi\u00e4 haaveita toki oli, Johanna oli valmistunut kasvatustieteiden maisteriksi muutamaa vuotta aiemmin. Silti suurin haave oli aina ollut \u00e4itiys.<\/p>\n<p>Johanna Harlin: \u201dJo ensitreffeill\u00e4 tiesin, ett\u00e4 t\u00e4m\u00e4 on minun mieheni\u201d<\/p>\n<p>Renny ja Johanna kohtasivat vuonna 2020 Luokkakokous 3 \u2013 Sinkkuristeily -komedian kuvauksissa. Johannalla oli siin\u00e4 pieni rooli, ja Renny ohjasi. H\u00e4n oli palannut hetkeksi Suomeen, koska pandemia riehui maailmalla. Kumpikin oli el\u00e4m\u00e4ss\u00e4\u00e4n vaiheessa, jossa aikoi keskitty\u00e4 vain ty\u00f6h\u00f6n. Toisin k\u00e4vi.<\/p>\n<p>\u201dKun tapasimme, oli selv\u00e4\u00e4, ett\u00e4 tulemme aina olemaan yhdess\u00e4. Jo ensitreffeill\u00e4 tiesin, ett\u00e4 t\u00e4m\u00e4 on minun mieheni\u201d, Johanna sanoo silm\u00e4t hymyss\u00e4.<\/p>\n<p>\u201dKiitos, ett\u00e4 sanot noin\u201d, Renny sanoo lempe\u00e4ll\u00e4 \u00e4\u00e4nell\u00e4 ja ottaa Johannaa k\u00e4dest\u00e4 kiinni.<\/p>\n<p>Ensitreffit olivat Bulgariassa. Renny oli l\u00e4htenyt sinne edist\u00e4m\u00e4\u00e4n er\u00e4st\u00e4 leffaprojektia ja pyysi Johannaa k\u00e4ym\u00e4\u00e4n. Taisi mieless\u00e4 olla muutakin kuin ty\u00f6asiaa, koska h\u00e4n tuli Johannaa vastaan Sofian lentokent\u00e4lle upealla autolla ja ajatteli tekev\u00e4ns\u00e4 vaikutuksen. <\/p>\n<p>Autoon Renny oli hankkinut pient\u00e4 matkaev\u00e4st\u00e4 silt\u00e4 varalta, ett\u00e4 Johannalla olisi n\u00e4lk\u00e4. Edess\u00e4 oli ajomatka Mustallemerelle pitk\u00e4n viikonlopun viettoon.<\/p>\n<p>Kent\u00e4ll\u00e4 Johanna ei kiinnitt\u00e4nyt mit\u00e4\u00e4n huomiota autoon. Nyt h\u00e4nt\u00e4 naurattaa, kun Renny kertoo juttuaan. Ei Johanna viel\u00e4k\u00e4\u00e4n tunnista automerkkej\u00e4.<\/p>\n<p>Hauskinta oli kuitenkin se, ett\u00e4 h\u00e4nell\u00e4 oli todella kova n\u00e4lk\u00e4 lennon j\u00e4lkeen. Ensin Renny tarjosi ranskalaisesta leipomosta ostamiaan rapeita croissantteja. Johanna kielt\u00e4ytyi, koska ei sy\u00f6 gluteenia. Sitten olisi ollut tarjolla erilaisia juustoja, mutta ne eiv\u00e4t sopineet maitoallergian vuoksi. Onneksi Rennyll\u00e4 oli viel\u00e4 yksi valttikortti: espanjalainen kinkku.<\/p>\n<p>\u201dJa sit\u00e4 min\u00e4 s\u00f6in. En ollut kymmeneen vuoteen sy\u00f6nyt lihaa, mutta en kehdannut sanoa sit\u00e4 h\u00e4nelle. Ajattelin, ett\u00e4 murtuu viel\u00e4 koko mies\u201d, Johanna muistelee huvittuneena.<\/p>\n<p>\u201dSiin\u00e4 sitten s\u00f6it kinkkua pienin\u00e4 paloina, ja min\u00e4 kysyin, onko se hyv\u00e4\u00e4. Tosi hyv\u00e4\u00e4, vastasit\u201d, Renny sanoo.<\/p>\n<p>Johannan spontaani p\u00e4\u00e4t\u00f6s<\/p>\n<p>Kolmen tunnin ajomatka Mustallemerelle tuntui vartilta, koska keskustelu ei tauonnut miss\u00e4\u00e4n vaiheessa.<\/p>\n<p>\u201dKertaakaan ei tarvinnut kysell\u00e4 lempiv\u00e4ri\u00e4\u201d, Renny kuvaa.<\/p>\n<p>Viikonlopun j\u00e4lkeen kumpikin tiesi, ettei haluaisi olla erossa toisesta. Ik\u00e4erostakin puhuttiin jo alussa. Renny on Johannaa yli kolmekymment\u00e4 vuotta vanhempi. Johanna sanoo, ett\u00e4 Rennylle ik\u00e4ero oli isompi asia kuin h\u00e4nelle. <\/p>\n<p>\u201dKoko homma vain tuntui oikealta, enk\u00e4 ollut ik\u00e4erosta huolissani. Enemm\u00e4n minua huoletti muiden suhtautuminen siihen\u201d, Johanna kertoo.<\/p>\n<p>H\u00e4n ty\u00f6skenteli silloin opettajana Espoossa. Bulgaria-viikonlopun j\u00e4lkeen h\u00e4n k\u00e4vi irtisanoutumassa, pakkasi kamppeensa ja luopui asunnostaan. Renny oli luvannut h\u00e4nelle t\u00f6it\u00e4.<\/p>\n<p>\u201dEmme tietenk\u00e4\u00e4n tunteneet kovin hyvin, mutta minulla oli todella vahva tunne siit\u00e4, ett\u00e4 nyt on ment\u00e4v\u00e4. L\u00e4hdin Bulgariaan t\u00f6ihin, jotta voisimme tutustua toisiimme. En halunnut menn\u00e4 sinne vain hengailemaan toisen el\u00e4tett\u00e4v\u00e4ksi.\u201d<\/p>\n<p>Se oli hyppy tuntemattomaan. Johanna sanoo, ettei sellainen spontaanius ole h\u00e4nen tapaistaan. H\u00e4n luotti Rennyyn, koska kommunikaatio toimi niin hyvin.<\/p>\n<p>Renny ja Johanna ty\u00f6skentelev\u00e4t yhdess\u00e4<\/p>\n<p>Johanna on suhteen alusta saakka tehnyt monenlaista luovaa ty\u00f6t\u00e4, jota elokuvatuotantoihin kuuluu, muun muassa suunnitellut lavastusta ja puvustusta, n\u00e4ytellytkin.<\/p>\n<p>Nyky\u00e4\u00e4n pariskunta ty\u00f6skentelee yhdess\u00e4 koko ajan. Johannasta on tullut Rennyn luottohenkil\u00f6. Renny hehkuttaa, miten Johanna suunnitteli juuri er\u00e4\u00e4n lennon aikana sisustuksen purjeveneeseen, jota tarvitaan seuraavissa kuvauksissa.<\/p>\n<p>\u201dOlin ihan ett\u00e4 vau. Se n\u00e4ytti juuri sellaiselta, millaiseksi sen kuvittelin.\u201d<\/p>\n<p>Yst\u00e4v\u00e4np\u00e4iv\u00e4n\u00e4 2021, puolen vuoden kuluttua ensitreffeist\u00e4, Renny kosi. Sen j\u00e4lkeen unelma perheest\u00e4 toteutui yll\u00e4tt\u00e4v\u00e4n nopeasti. <\/p>\n<p>Nyt pariskunnalla on kaksi pient\u00e4 lasta ja ty\u00f6n alla kuusi elokuvaa eri tuotantovaiheissa. Mit\u00e4\u00e4n perhevapaita ei ole pidetty, vaan arki on rakennettu niin, ett\u00e4 siihen mahtuvat niin ty\u00f6, perhe kuin kuntoilukin.<\/p>\n<p><strong>Lue my\u00f6s<\/strong>: <a href=\"https:\/\/anna.fi\/ihmiset\/renny-ja-johanna-harlinin-poika-kastettiin-toinen-nimi-tulee-isalta\" rel=\"nofollow noopener\" target=\"_blank\">Renny ja Johanna Harlinin poika kastettiin \u2013 toinen nimi tulee is\u00e4lt\u00e4<\/a><\/p>\n<p>Harlinien arki Miamissa<\/p>\n<p>Harlinit k\u00e4yv\u00e4t viidesti viikossa kuntosalilla. He ostavat palveluita s\u00e4\u00e4st\u00e4\u00e4kseen aikaansa. Assistentti organisoi ja aikatauluttaa menemiset ja tulemiset. Kotona Miamissa k\u00e4y muun muassa siivooja ja puutarhuri. <\/p>\n<p>Renny ja Johanna ovat laskeneet, miten vuorokauden 24 tuntia k\u00e4ytet\u00e4\u00e4n parhaalla mahdollisella tavalla. Tunnit, jotka menisiv\u00e4t vaikkapa siivoamiseen, he k\u00e4ytt\u00e4v\u00e4t lasten kanssa olemiseen. Joka toinen viikonloppu Harlinit j\u00e4rjest\u00e4v\u00e4t aikaa pelk\u00e4st\u00e4\u00e4n toisilleen. <\/p>\n<p>\u201dSiin\u00e4 tarvitaan suunnitelmallisuutta. Muuten lapsiperheess\u00e4 k\u00e4y niin, ettei muistakaan, milloin on jutellut intiimeist\u00e4 asioista tai milloin viimeksi on ollut fyysist\u00e4 kontaktia\u201d, Renny sanoo.<\/p>\n<p>Reissussa heill\u00e4 on mukanaan kokop\u00e4iv\u00e4inen lastenhoitaja. Kotona Miamissa perhe viett\u00e4\u00e4 hieman yli puolet vuodesta. Silloin lastenhoitajaa tarvitaan vain toisinaan. Coco k\u00e4y p\u00e4iv\u00e4kodissa, ja Julesin kanssa Johanna on ollut kotona. Ty\u00f6t ovat hoituneet pojan p\u00e4iv\u00e4unien aikaan sek\u00e4 my\u00f6h\u00e4\u00e4n illalla tai aikaisin aamulla.<\/p>\n<p>Rennyll\u00e4 on tapana her\u00e4t\u00e4 nelj\u00e4n viiden maissa. Vaimo nukkuu viel\u00e4, kun Renny aloittaa aamumeditaationsa s\u00e4ngyss\u00e4, olohuoneessa tai pihalla. H\u00e4n antaa mielens\u00e4 leijailla ja keskittyy olemaan hetkess\u00e4.<\/p>\n<p>Johannan aamurutiineihin kuuluu, ett\u00e4 h\u00e4n katsoo peiliin, hymyilee ja lausuu itselleen joka kerta samat sanat.<\/p>\n<p>\u201dT\u00e4m\u00e4 saattaa kuulostaa naurettavalta, mutta sanon peilin edess\u00e4 \u00e4\u00e4neen, ett\u00e4 olen Johanna Harlin. Muistutan itse\u00e4ni siit\u00e4, miten kannan itseni, mihin pystyn ja mist\u00e4 unelmoin.\u201d<\/p>\n<p>Onnellisuuspuuskia ja parisuhteen ohjenuoria<\/p>\n<p>Optimistisuus yhdist\u00e4\u00e4 Harlineita.<\/p>\n<p>\u201dEmme murjottele tai valita el\u00e4m\u00e4st\u00e4 oikeastaan koskaan\u201d, Renny sanoo.<\/p>\n<p>\u201dOlemme sopineet, ett\u00e4 toista saa muistuttaa, jos tuo unohtuu. Koskaan ei saa selitell\u00e4 tai valitella, vaan pit\u00e4\u00e4 olla kiitollinen siit\u00e4, mit\u00e4 on\u201d, Johanna lis\u00e4\u00e4. <\/p>\n<p>Kysymykseen, mik\u00e4 toisessa \u00e4rsytt\u00e4\u00e4, kumpikaan ei osaa vastata. \u00c4rsytt\u00e4minen ei kuulu heid\u00e4n sanavarastoonsa.<\/p>\n<p>Joskus el\u00e4m\u00e4 tuntuu ylitsevuotavan ihanalta. Renny paljastaa, ett\u00e4 heill\u00e4 on er\u00e4s juttu, jota he sanovat toisilleen, vaikka se saattaa kuulostaa lapselliselta. H\u00e4n k\u00e4\u00e4ntyy sohvalla Johannaa kohti, katsoo silmiin hymyillen ja ottaa molemmista k\u00e4sist\u00e4 kiinni.<\/p>\n<p>\u201dMulla on onnellisuuspuuska!\u201d<\/p>\n<p>Johanna yritt\u00e4\u00e4 kuvailla, milt\u00e4 puuska tuntuu. Se on jonkinlaista onnenv\u00e4rin\u00e4\u00e4, joka vain tulee jostain. Ja kun sellaisen tuntee, siit\u00e4 haluaa kertoa toiselle.<\/p>\n<p>Muutenkin Harlinit puhuvat toisilleen kauniisti. Riitely ei ole heid\u00e4n juttunsa. <\/p>\n<p>\u201dKommunikaatio on t\u00e4rkeint\u00e4. Puhumme paljon ja analysoimme toistemme fiiliksi\u00e4. Jos rakastat jotakuta, miksi et olisi h\u00e4nelle ihana ja tukisi h\u00e4nt\u00e4? Miksi haluaisit toisella pahan olon? Jos on vaikka stressi\u00e4 ja itsell\u00e4 paha olo, totta kai v\u00e4lill\u00e4 tulee ik\u00e4v\u00e4mpi\u00e4 tilanteita. Mutta yrit\u00e4mme keskustella niist\u00e4 mahdollisimman fiksusti ja olla syyllist\u00e4m\u00e4tt\u00e4 toista. Otamme toisen tunteet vakavasti\u201d, Johanna kertoo.<\/p>\n<p>Nuo parisuhteen ohjenuorat voisivat olla my\u00f6s terapeutin suusta. Terapiassa Harlinit eiv\u00e4t kuitenkaan ole k\u00e4yneet vaan sanovat oppien kumpuavan el\u00e4m\u00e4nkokemuksesta ja toisen kunnioittamisesta.<\/p>\n<p><strong>Lue my\u00f6s Kotiliesi.fi:<\/strong> <a href=\"https:\/\/kotiliesi.fi\/hyvinvointi\/suhteet\/jatkuva-riitely-parisuhteessa\/\" rel=\"nofollow noopener\" target=\"_blank\">Jatkuva riitely parisuhteessa voi tarkoittaa \u201dhuomaa minut\u201d \u2013 n\u00e4in tulehtunut tilanne puretaan<\/a><\/p>\n<p>Renny Johannasta<\/p>\n<p><strong>Parasta h\u00e4ness\u00e4 on\u2026<\/strong><\/p>\n<p>rajaton rakkaus. Johanna tukee minua joka tilanteessa ja hyv\u00e4ksyy minut sellaisena kuin olen.<\/p>\n<p><strong>Yll\u00e4tt\u00e4v\u00e4\u00e4 on\u2026<\/strong><\/p>\n<p>sisukkuus ja periksiantamattomuus. Jos h\u00e4n haluaa saada jotain aikaiseksi, h\u00e4n my\u00f6s saa.<\/p>\n<p><strong>Kunpa h\u00e4n oppisi,<\/strong><\/p>\n<p>ett\u00e4 on ihan okei olla itsek\u00e4s ja sanoa ei. Olemme molemmat kilttej\u00e4 ja meilt\u00e4 pyydet\u00e4\u00e4n vaikka mit\u00e4. Kielt\u00e4yty\u00e4 voi my\u00f6s ilman selityksi\u00e4.<\/p>\n<p>Johanna Rennyst\u00e4<\/p>\n<p><strong>Parasta h\u00e4ness\u00e4 on\u2026<\/strong><\/p>\n<p>herkkyys ja valovoimaisuus.<\/p>\n<p><strong>Yll\u00e4tt\u00e4v\u00e4\u00e4 on\u2026<\/strong><\/p>\n<p>introverttius. Moni luulee, ett\u00e4 Renny on luontaisesti aina esiintym\u00e4ss\u00e4, mutta h\u00e4n tarvitsee paljon omaa tilaa.<\/p>\n<p><strong>Kunpa h\u00e4n oppisi<\/strong><\/p>\n<p>armollisuutta itse\u00e4\u00e4n kohtaan. Vapaaillan j\u00e4lkeen h\u00e4n her\u00e4\u00e4 aamulla tavallistakin aikaisemmin tekem\u00e4\u00e4n t\u00f6it\u00e4.<\/p>\n<p>Rennyn herkkyys on Johannasta ihanaa<\/p>\n<p>Viime jouluna kuusen ymp\u00e4rill\u00e4 oli kaksi aikuista ja kaksi lasta, onnellinen perhe. Ehk\u00e4 klisee, kuin kuva postikortissa.<\/p>\n<p>\u201dSe oli postikortti, josta olin unelmoinut koko el\u00e4m\u00e4ni. Ennen olin vain min\u00e4, yksin\u00e4inen saari. Ja nyt teen kaiken teit\u00e4 varten\u201d, Renny sanoo vaimolleen, ja samalla h\u00e4nt\u00e4 alkaa itkett\u00e4\u00e4.<\/p>\n<p>Sit\u00e4 ei pid\u00e4 pel\u00e4sty\u00e4, koska Rennyll\u00e4 on tapana herkisty\u00e4 haastatteluissa. Ty\u00f6ss\u00e4\u00e4n elokuvaohjaajana h\u00e4nen tulee olla j\u00e4m\u00e4kk\u00e4 ja vahva johtaja, mutta t\u00e4llaisissa tilanteissa h\u00e4nen herkkyytens\u00e4 pyrkii esiin. Johanna paljastaa, ett\u00e4 aamulla Renny oli luvannut itselleen, ett\u00e4 ei herkistyisi haastatteluissa, joita p\u00e4iv\u00e4n mittaan oli tiedossa. <\/p>\n<p>Johannaa herkistely ei haittaa, h\u00e4nest\u00e4 se on vain ihanaa. T\u00e4ss\u00e4 haastattelussa k\u00e4y lopulta niin, ett\u00e4 my\u00f6s Johanna herkistyy kyyneliin kuvaillessaan, mit\u00e4 Renny h\u00e4nelle merkitsee. <\/p>\n<p>\u201dRenny on minulle turvasatama. Voin aina turvautua h\u00e4neen. H\u00e4nen el\u00e4m\u00e4nviisautensa on saanut minut l\u00f6yt\u00e4m\u00e4\u00e4n rauhan itseni kanssa, itseluottamuksen ja omanarvontunteen.\u201d<\/p>\n<p>H\u00e4n k\u00e4\u00e4ntyy miehens\u00e4 puoleen.<\/p>\n<p>\u201dSe kaikki tulee siit\u00e4, ett\u00e4 rakastat minua t\u00e4llaisena kuin olen.\u201d<\/p>\n<p>Kyyneleet kumpuavat onnesta, Johanna vakuuttelee silm\u00e4kulmia pyyhkiess\u00e4\u00e4n. Ei ole itsest\u00e4\u00e4n selv\u00e4\u00e4, ett\u00e4 saa rinnalleen kumppanin, jonka kanssa voi tavoitella unelmiaan. Er\u00e4s haaveista on j\u00e4tt\u00e4\u00e4 kaikki muu puoleksi vuodeksi ja l\u00e4hte\u00e4 purjehtimaan perheen kesken. Sen aika lienee sitten, kun lapset ovat isompia.<\/p>\n<p>Ty\u00f6tahdin rauhoittaminen on ollut Rennyn mieless\u00e4. H\u00e4n ei halua jatkaa is\u00e4ns\u00e4 jalanj\u00e4ljiss\u00e4 vaan pyrkii olemaan l\u00e4sn\u00e4 lapsilleen. Voisi ty\u00f6st\u00e4\u00e4 vain yht\u00e4 elokuvaa vuodessa viiden sijaan, h\u00e4n pohtii. J\u00e4isi nykyist\u00e4 enemm\u00e4n aikaa perheelle. <\/p>\n<p>Mutta ei Rennyst\u00e4 olisi pelk\u00e4st\u00e4\u00e4n kotona istuskelemaan, ei miss\u00e4\u00e4n nimess\u00e4. El\u00e4m\u00e4ss\u00e4 pit\u00e4\u00e4 olla actionia. <\/p>\n<p>Renny Harlin, 66<\/p>\n<p><strong>Ty\u00f6<\/strong>:\u00a0Elokuvaohjaaja, joka on ohjannut kymmeni\u00e4 kansainv\u00e4lisi\u00e4 toimintaelokuvia. Kauhuelokuva The Strangers \u2013 chapter 2 sai juuri ensi-iltansa Yhdysvalloissa.<\/p>\n<p><strong>Asuu<\/strong>: Miamissa Yhdysvalloissa. Kotoisin Riihim\u00e4elt\u00e4.<\/p>\n<p><strong>Perhe<\/strong>: Puoliso Johanna, tyt\u00e4r Coco,\u00a03, ja poika Jules, 1, sek\u00e4 aikuinen poika Luukas, joka asuu tytt\u00f6yst\u00e4v\u00e4ns\u00e4 kanssa Bulgariassa.<\/p>\n<p><strong>Ajankohtaista<\/strong>: The Harlin Show -podcast Podme-palvelussa.<\/p>\n<p>Johanna Harlin, 31<\/p>\n<p><strong>Ty\u00f6<\/strong>:\u00a0Elokuvatuottaja. Ty\u00f6skennellyt aiemmin opettajana ja tehnyt uraa bikini fitness -kilpailijana.<\/p>\n<p><strong>Asuu<\/strong>: Miamissa, kotoisin Porista.<\/p>\n<p><strong>Perhe<\/strong>: Puoliso Renny ja kaksi lasta. Perheeseen kuuluu my\u00f6s Myy-koira, joka kulkee mukana matkoilla.<\/p>\n<p>Juttu on julkaistu Annassa 40\/2025.<\/p>\n<p>    Sinua voi kiinnostaa my\u00f6s:<\/p>\n<ol class=\"read-also__list\">\n<li>\n<p>            <img loading=\"lazy\" decoding=\"async\" class=\"card__image awpo-lqip awpo-lazy\" width=\"2560\" height=\"1440\" src=\"https:\/\/www.europesays.com\/fi\/wp-content\/uploads\/2025\/10\/renny_ja_johanna_tammio-scaled.jpeg\"\/>                <a href=\"https:\/\/anna.fi\/kategoria\/ihmiset\" class=\"card__vignette\" rel=\"nofollow noopener\" target=\"_blank\"><br \/>\n            Ihmiset          <\/a><\/p>\n<p>      <a href=\"https:\/\/anna.fi\/ihmiset\/johanna-ja-renny-harlinin-saari-idylli\" class=\"card__link-overlay\" rel=\"nofollow noopener\" target=\"_blank\">Johanna ja Renny Harlinin lapset rakastavat perheen alkeellista saari-idylli\u00e4 Suomessa \u2013 Coco-tytt\u00e4relt\u00e4 hupaisa kommentti<\/a><\/p>\n<\/li>\n<li>\n<p>            <img loading=\"lazy\" decoding=\"async\" class=\"card__image awpo-lqip awpo-lazy\" width=\"2045\" height=\"1299\" src=\"https:\/\/www.europesays.com\/fi\/wp-content\/uploads\/2025\/10\/ikaero-parisuhteessa.jpg\"\/>                <a href=\"https:\/\/anna.fi\/kategoria\/ihmiset\/suhteet\" class=\"card__vignette\" rel=\"nofollow noopener\" target=\"_blank\"><br \/>\n            Suhteet          <\/a><\/p>\n<p>      <a href=\"https:\/\/anna.fi\/ihmiset\/suhteet\/miten-ikaero-vaikuttaa-parisuhteeseen-listasimme-5-tutkittua-asiaa\" class=\"card__link-overlay\" rel=\"nofollow noopener\" target=\"_blank\">Miten ik\u00e4ero vaikuttaa parisuhteeseen? Listasimme 5 tutkittua asiaa<\/a><\/p>\n<\/li>\n<li>\n<p>            <img loading=\"lazy\" decoding=\"async\" class=\"card__image awpo-lqip awpo-lazy\" width=\"2560\" height=\"1600\" src=\"https:\/\/www.europesays.com\/fi\/wp-content\/uploads\/2025\/10\/wass1.jpg\"\/>                <a href=\"https:\/\/anna.fi\/kategoria\/ihmiset\" class=\"card__vignette\" rel=\"nofollow noopener\" target=\"_blank\"><br \/>\n            Ihmiset          <\/a><\/p>\n<p>      <a href=\"https:\/\/anna.fi\/ihmiset\/hanna-wass-ja-pete-kallionpaa-menivat-kihloihin\" class=\"card__link-overlay\" rel=\"nofollow noopener\" target=\"_blank\">Hanna Wass meni kihloihin sairauden keskell\u00e4 \u2013 \u201dPete on upea ihminen ja jaksanut tukea minua ihanasti\u201d<\/a><\/p>\n<\/li>\n<\/ol>\n","protected":false},"excerpt":{"rendered":"Renny ja Johanna Harlin n\u00e4ytt\u00e4v\u00e4t siirappisuuden uhallakin onnensa avoimesti. Heid\u00e4n liitossaan ei ole sijaa syyllist\u00e4miselle tai riitelylle. Kovin&hellip;\n","protected":false},"author":2,"featured_media":50457,"comment_status":"","ping_status":"","sticky":false,"template":"","format":"standard","meta":{"footnotes":""},"categories":[133],"tags":[137,33,31,30,1460,1496,7678,2304,32,206,156,109],"class_list":{"0":"post-50456","1":"post","2":"type-post","3":"status-publish","4":"format-standard","5":"has-post-thumbnail","7":"category-televisiot","8":"tag-entertainment","9":"tag-fi","10":"tag-finland","11":"tag-finnish","12":"tag-ikaero","13":"tag-parisuhde","14":"tag-rakastuminen","15":"tag-renny-harlin","16":"tag-suomi","17":"tag-televisiot","18":"tag-tv","19":"tag-viihde"},"share_on_mastodon":{"url":"","error":""},"_links":{"self":[{"href":"https:\/\/www.europesays.com\/fi\/wp-json\/wp\/v2\/posts\/50456","targetHints":{"allow":["GET"]}}],"collection":[{"href":"https:\/\/www.europesays.com\/fi\/wp-json\/wp\/v2\/posts"}],"about":[{"href":"https:\/\/www.europesays.com\/fi\/wp-json\/wp\/v2\/types\/post"}],"author":[{"embeddable":true,"href":"https:\/\/www.europesays.com\/fi\/wp-json\/wp\/v2\/users\/2"}],"replies":[{"embeddable":true,"href":"https:\/\/www.europesays.com\/fi\/wp-json\/wp\/v2\/comments?post=50456"}],"version-history":[{"count":0,"href":"https:\/\/www.europesays.com\/fi\/wp-json\/wp\/v2\/posts\/50456\/revisions"}],"wp:featuredmedia":[{"embeddable":true,"href":"https:\/\/www.europesays.com\/fi\/wp-json\/wp\/v2\/media\/50457"}],"wp:attachment":[{"href":"https:\/\/www.europesays.com\/fi\/wp-json\/wp\/v2\/media?parent=50456"}],"wp:term":[{"taxonomy":"category","embeddable":true,"href":"https:\/\/www.europesays.com\/fi\/wp-json\/wp\/v2\/categories?post=50456"},{"taxonomy":"post_tag","embeddable":true,"href":"https:\/\/www.europesays.com\/fi\/wp-json\/wp\/v2\/tags?post=50456"}],"curies":[{"name":"wp","href":"https:\/\/api.w.org\/{rel}","templated":true}]}}