{"id":50458,"date":"2025-10-01T11:09:11","date_gmt":"2025-10-01T11:09:11","guid":{"rendered":"https:\/\/www.europesays.com\/fi\/50458\/"},"modified":"2025-10-01T11:09:11","modified_gmt":"2025-10-01T11:09:11","slug":"sick-of-it-all-laulaja-kertoo-aarimmaisen-karuja-uutisia-syopa-on-palannut-ja-tuonut-ystavia-mukanaan","status":"publish","type":"post","link":"https:\/\/www.europesays.com\/fi\/50458\/","title":{"rendered":"Sick of it All -laulaja kertoo \u00e4\u00e4rimm\u00e4isen karuja uutisia: &#8221;Sy\u00f6p\u00e4 on palannut ja tuonut yst\u00e4vi\u00e4 mukanaan&#8221;"},"content":{"rendered":"<p>Sick of it All -yhtyeen laulajalla ja perustajaj\u00e4sell\u00e4 Lou Kollerilla kerrottavanaan hyvin huonoja uutisia kannattajilleen. Muusikon sairastama ruokatorven sy\u00f6p\u00e4 on nimitt\u00e4in uusiutunut.<\/p>\n<p>Koller ehti jo nelisen kuukautta sitten juhlia kuinka sy\u00f6v\u00e4st\u00e4 ei n\u00e4kynyt en\u00e4\u00e4 j\u00e4lke\u00e4k\u00e4\u00e4n kemoterapiahoitojen my\u00f6t\u00e4.<\/p>\n<p>\u201dEn tied\u00e4 tunnistatteko minua luurankomaiselta olemukseltani\u201d, Koller tervehtii yleis\u00f6\u00e4 tuoreessa videop\u00e4ivityksess\u00e4\u00e4n. \u201dT\u00e4ss\u00e4 on viimeisin p\u00e4ivitys: se ei ole sellainen mink\u00e4 haluaisin tehd\u00e4, mutta valitettavasti sy\u00f6p\u00e4 on palannut, ja tuonut yst\u00e4vi\u00e4 mukanaan.\u201d<\/p>\n<p>\u201dToipumiseni eteni huonosti. Minulla oli vaikeuksia saada painoa ja pit\u00e4\u00e4 ruokaa sis\u00e4ll\u00e4ni, joten asiaa tutkittiin ja sy\u00f6v\u00e4n huomattiin palanneen. Aiomme edet\u00e4 p\u00e4iv\u00e4n kerrallaan ja katsoa mit\u00e4 tapahtuu. Haluan kiitt\u00e4\u00e4 kaikkia tuesta. Se miten olette ottaneet minuun yhteytt\u00e4\u2026 kiitos todella paljon. Pid\u00e4n teid\u00e4t ajan tasalla ja kerron kuinka asiat sujuvat. N\u00e4hd\u00e4\u00e4n pian.\u201d<\/p>\n<p>Alla Kollerin p\u00e4ivitys.<\/p>\n<p>Lue my\u00f6s: <a href=\"https:\/\/www.soundi.fi\/uutiset\/hardcore-legenda-sick-of-it-all-perui-euroopan-kiertueensa-yhtyeen-keulakuva-sai-huonoja-uutisia-laakariltaan\/\" title=\"Hardcore-legenda Sick of it All perui Euroopan-kiertueensa \u2013 yhtyeen keulakuva sai huonoja uutisia l\u00e4\u00e4k\u00e4rilt\u00e4\u00e4n\" class=\"underline-custom !font-montserrat !font-bold !underline-offset-4 !decoration-4 !decoration-tilt-light\" rel=\"nofollow noopener\" target=\"_blank\">Hardcore-legenda Sick of it All perui Euroopan-kiertueensa \u2013 yhtyeen keulakuva sai huonoja uutisia l\u00e4\u00e4k\u00e4rilt\u00e4\u00e4n<\/a><\/p>\n","protected":false},"excerpt":{"rendered":"Sick of it All -yhtyeen laulajalla ja perustajaj\u00e4sell\u00e4 Lou Kollerilla kerrottavanaan hyvin huonoja uutisia kannattajilleen. Muusikon sairastama ruokatorven&hellip;\n","protected":false},"author":2,"featured_media":50459,"comment_status":"","ping_status":"","sticky":false,"template":"","format":"standard","meta":{"footnotes":""},"categories":[132],"tags":[137,33,31,30,195,47,32,109],"class_list":{"0":"post-50458","1":"post","2":"type-post","3":"status-publish","4":"format-standard","5":"has-post-thumbnail","7":"category-musiikki","8":"tag-entertainment","9":"tag-fi","10":"tag-finland","11":"tag-finnish","12":"tag-music","13":"tag-musiikki","14":"tag-suomi","15":"tag-viihde"},"share_on_mastodon":{"url":"","error":""},"_links":{"self":[{"href":"https:\/\/www.europesays.com\/fi\/wp-json\/wp\/v2\/posts\/50458","targetHints":{"allow":["GET"]}}],"collection":[{"href":"https:\/\/www.europesays.com\/fi\/wp-json\/wp\/v2\/posts"}],"about":[{"href":"https:\/\/www.europesays.com\/fi\/wp-json\/wp\/v2\/types\/post"}],"author":[{"embeddable":true,"href":"https:\/\/www.europesays.com\/fi\/wp-json\/wp\/v2\/users\/2"}],"replies":[{"embeddable":true,"href":"https:\/\/www.europesays.com\/fi\/wp-json\/wp\/v2\/comments?post=50458"}],"version-history":[{"count":0,"href":"https:\/\/www.europesays.com\/fi\/wp-json\/wp\/v2\/posts\/50458\/revisions"}],"wp:featuredmedia":[{"embeddable":true,"href":"https:\/\/www.europesays.com\/fi\/wp-json\/wp\/v2\/media\/50459"}],"wp:attachment":[{"href":"https:\/\/www.europesays.com\/fi\/wp-json\/wp\/v2\/media?parent=50458"}],"wp:term":[{"taxonomy":"category","embeddable":true,"href":"https:\/\/www.europesays.com\/fi\/wp-json\/wp\/v2\/categories?post=50458"},{"taxonomy":"post_tag","embeddable":true,"href":"https:\/\/www.europesays.com\/fi\/wp-json\/wp\/v2\/tags?post=50458"}],"curies":[{"name":"wp","href":"https:\/\/api.w.org\/{rel}","templated":true}]}}