{"id":50462,"date":"2025-10-01T11:11:07","date_gmt":"2025-10-01T11:11:07","guid":{"rendered":"https:\/\/www.europesays.com\/fi\/50462\/"},"modified":"2025-10-01T11:11:07","modified_gmt":"2025-10-01T11:11:07","slug":"eloisa-aloittaa-influenssa-ja-koronarokotukset-paikalliset","status":"publish","type":"post","link":"https:\/\/www.europesays.com\/fi\/50462\/","title":{"rendered":"Eloisa aloittaa influenssa- ja koronarokotukset | Paikalliset"},"content":{"rendered":"<p>Syksyn influenssa- ja koronarokotukset k\u00e4ynnistyv\u00e4t Etel\u00e4-Savon hyvinvointialueella maanantaina 13. lokakuuta. Ajanvaraus rokotuksiin on avoinna Eloisan verkkosivuilla osoitteessa etelasavonha.fi\/kausirokotus sek\u00e4 puhelimitse.<\/p>\n<p>Rokotuksia annetaan kaikissa sote-keskuksissa ja sote-asemilla. Alle 7-vuotiaat ja heid\u00e4n perheenj\u00e4senens\u00e4 voidaan rokottaa neuvolassa. Hoivakodeissa asuvat ja s\u00e4\u00e4nn\u00f6llisen kotihoidon piiriin kuuluvat rokotetaan kyseisiss\u00e4 palveluissa ilman ajanvarausta.<\/p>\n<p>Kausirokotus on maksuton 65 vuotta t\u00e4ytt\u00e4neille, alle 7-vuotiaille, raskaana oleville, sairauden tai hoidon vuoksi riskiryhmiin kuuluville sek\u00e4 asepalveluksen aloittaville.<\/p>\n<p>\u2013 Toivomme mahdollisimman monen n\u00e4ihin kohderyhmiin kuuluvien ottavan rokotteen t\u00e4n\u00e4 syksyn\u00e4. Rokottautumalla suojaa hyvin sek\u00e4 omaa ett\u00e4 muiden terveytt\u00e4, ylil\u00e4\u00e4k\u00e4ri <strong>Hans G\u00e4rdstr\u00f6m<\/strong> muistuttaa.<\/p>\n<p>Koronarokotteen tehosteannoksen suositusta on tarkennettu aiemmista vuosista. Terveyden ja hyvinvoinnin laitos ei suosittele koronarokotteen tehosteannosta en\u00e4\u00e4 alle 75-vuotiaille perusterveille.<\/p>\n<p>\u2013 Uuden linjauksen johdosta saamme koronarokotetta k\u00e4ytt\u00f6\u00f6n hieman v\u00e4hemm\u00e4n kuin viime vuonna, koska se ei koske en\u00e4\u00e4 niin montaa henkil\u00f6\u00e4 kuin ennen, G\u00e4rdstr\u00f6m kertoo.<\/p>\n<p>Nettiajanvaraus ei edellyt\u00e4 tunnistautumista verkkopankkitunnuksilla, joten tarvittaessa toisen henkil\u00f6n avustaminen ajan varaamisessa on mahdollista.<\/p>\n","protected":false},"excerpt":{"rendered":"Syksyn influenssa- ja koronarokotukset k\u00e4ynnistyv\u00e4t Etel\u00e4-Savon hyvinvointialueella maanantaina 13. lokakuuta. Ajanvaraus rokotuksiin on avoinna Eloisan verkkosivuilla osoitteessa etelasavonha.fi\/kausirokotus&hellip;\n","protected":false},"author":2,"featured_media":50463,"comment_status":"","ping_status":"","sticky":false,"template":"","format":"standard","meta":{"footnotes":""},"categories":[165],"tags":[6315,3104,33,31,30,166,6313,6314,768,11006,32,679,167],"class_list":{"0":"post-50462","1":"post","2":"type-post","3":"status-publish","4":"format-standard","5":"has-post-thumbnail","7":"category-terveys","8":"tag-aktiivi-immunisaatio","9":"tag-eloisa","10":"tag-fi","11":"tag-finland","12":"tag-finnish","13":"tag-health","14":"tag-influenssa","15":"tag-injektio-laaketiede","16":"tag-rokotteet","17":"tag-rokotukset","18":"tag-suomi","19":"tag-terveydenhuollon-toimintalaitokset","20":"tag-terveys"},"share_on_mastodon":{"url":"","error":""},"_links":{"self":[{"href":"https:\/\/www.europesays.com\/fi\/wp-json\/wp\/v2\/posts\/50462","targetHints":{"allow":["GET"]}}],"collection":[{"href":"https:\/\/www.europesays.com\/fi\/wp-json\/wp\/v2\/posts"}],"about":[{"href":"https:\/\/www.europesays.com\/fi\/wp-json\/wp\/v2\/types\/post"}],"author":[{"embeddable":true,"href":"https:\/\/www.europesays.com\/fi\/wp-json\/wp\/v2\/users\/2"}],"replies":[{"embeddable":true,"href":"https:\/\/www.europesays.com\/fi\/wp-json\/wp\/v2\/comments?post=50462"}],"version-history":[{"count":0,"href":"https:\/\/www.europesays.com\/fi\/wp-json\/wp\/v2\/posts\/50462\/revisions"}],"wp:featuredmedia":[{"embeddable":true,"href":"https:\/\/www.europesays.com\/fi\/wp-json\/wp\/v2\/media\/50463"}],"wp:attachment":[{"href":"https:\/\/www.europesays.com\/fi\/wp-json\/wp\/v2\/media?parent=50462"}],"wp:term":[{"taxonomy":"category","embeddable":true,"href":"https:\/\/www.europesays.com\/fi\/wp-json\/wp\/v2\/categories?post=50462"},{"taxonomy":"post_tag","embeddable":true,"href":"https:\/\/www.europesays.com\/fi\/wp-json\/wp\/v2\/tags?post=50462"}],"curies":[{"name":"wp","href":"https:\/\/api.w.org\/{rel}","templated":true}]}}