{"id":50470,"date":"2025-10-01T11:18:08","date_gmt":"2025-10-01T11:18:08","guid":{"rendered":"https:\/\/www.europesays.com\/fi\/50470\/"},"modified":"2025-10-01T11:18:08","modified_gmt":"2025-10-01T11:18:08","slug":"hs-todisti-fsbn-ja-nato-norjan-tapaamista-olisi-suomessa-skandaali","status":"publish","type":"post","link":"https:\/\/www.europesays.com\/fi\/50470\/","title":{"rendered":"HS todisti FSB:n ja Nato-Norjan tapaamista: \u201dOlisi Suomessa skandaali\u201d"},"content":{"rendered":"<p>HS Kirkkoniemess\u00e4|HS todisti Ven\u00e4j\u00e4n delegaation vierailua Norjassa. Ulkopoliittisen instituutin ohjelmajohtaja Arkady Moshes pit\u00e4\u00e4 julkista tapaamista ongelmallisena.<\/p>\n<p>Lue tiivistelm\u00e4<\/p>\n<p>Tiivistelm\u00e4 on teko\u00e4lyn tekem\u00e4 ja ihmisen tarkistama.<\/p>\n<p class=\"article-body mb-nof-24 px-nof-16 sndp-summary-bullet-point-font\">Norjan Puolustusvoimat tapasi tiistaina Ven\u00e4j\u00e4n rajavartioston delegaation Kirkkoniemess\u00e4 norjalaisella vartiolaivalla.<\/p>\n<p class=\"article-body mb-nof-24 px-nof-16 sndp-summary-bullet-point-font\">Ulkopoliittisen instituutin ohjelmajohtaja Arkady Moshes pit\u00e4\u00e4 julkista tapaamista ongelmallisena ja ep\u00e4johdonmukaisena Nato-maalle.<\/p>\n<p class=\"article-body mb-nof-24 px-nof-16 sndp-summary-bullet-point-font\">Norjan mukaan kyseess\u00e4 oli vakituinen tapaaminen, jossa k\u00e4siteltiin rajayhteisty\u00f6t\u00e4 ja Barentsinmeren asioita.<\/p>\n<p class=\"article-body mb-nof-24 px-nof-16 sndp-summary-bullet-point-font\">Moshesin mukaan julkinen tapaaminen voidaan tulkita Kremliss\u00e4 merkkin\u00e4 Euroopan pehmenemisest\u00e4 Ven\u00e4j\u00e4n suhteen.<\/p>\n<p class=\"article-body mb-nof-24 px-nof-16\">Norjan Puolustusvoimat tapasi tiistaina Ven\u00e4j\u00e4n rajavartioston delegaation Kirkkoniemess\u00e4. Tapaaminen j\u00e4rjestettiin KV Barentshav -nimisell\u00e4 norjalaisella vartiolaivalla.<\/p>\n<p class=\"article-body mb-nof-24 px-nof-16\">Ven\u00e4j\u00e4n rajavartiosto on osa Ven\u00e4j\u00e4n turvallisuuspalvelu FSB:t\u00e4.<\/p>\n<p class=\"article-body mb-nof-24 px-nof-16\">HS oli paikalla, kun sodanharmaa alus palasi Kirkkoniemen satamaan liikuttuaan tunteja Barentsinmerell\u00e4. Alus rantautui satamaan nelj\u00e4n maissa iltap\u00e4iv\u00e4ll\u00e4 Norjan aikaa.<\/p>\n<p><img decoding=\"async\" src=\"https:\/\/www.europesays.com\/fi\/wp-content\/uploads\/2025\/10\/1759317488_637_468.jpg\" alt=\"KV Barentshav -alus saapui Kirkkoniemen satamaan.\" class=\"_Img_1rerz_1\" style=\"aspect-ratio:1.5\" loading=\"eager\"\/><\/p>\n<p class=\"article-picture-caption\">KV Barentshav -alus saapui Kirkkoniemen satamaan. Kuva:\u00a0Juha Salminen \/ HS<\/p>\n<p class=\"article-body mb-nof-24 px-nof-16\">Noin puoli tuntia my\u00f6hemmin aluksesta poistuivat Ven\u00e4j\u00e4n rajavartiopalvelun L\u00e4nsi-arktisen alueen rajavartiopalvelun johtaja <a class=\"article-personlink\" href=\"https:\/\/www.hs.fi\/haku\/?query=Andrei%20Kudimov\" rel=\"nofollow noopener\" target=\"_blank\">Andrei Kudimov<\/a> ja Norjan p\u00e4\u00e4esikunnan vara-amiraali <a class=\"article-personlink\" href=\"https:\/\/www.hs.fi\/haku\/?query=Rune%20Andersen\" rel=\"nofollow noopener\" target=\"_blank\">Rune Andersen<\/a> delegaatioineen.<\/p>\n<p class=\"article-body mb-nof-24 px-nof-16\">Edustajat siirtyiv\u00e4t laivasta henkil\u00f6autoon ja pikkubussiin. Seurueessa oli kymmenkunta ihmist\u00e4, sek\u00e4 Norjan ett\u00e4 Ven\u00e4j\u00e4n edustajia.<\/p>\n<p class=\"article-body mb-nof-24 px-nof-16\">\u201dJos Suomessa korkean tason rajavartijat tapaisivat julkisesti laivassa tai muualla, sanoisin, ett\u00e4 se olisi skandaali\u201d, Ulkopoliittisen instituutin ohjelmajohtaja <a class=\"article-personlink\" href=\"https:\/\/www.hs.fi\/haku\/?query=Arkady%20Moshes\" rel=\"nofollow noopener\" target=\"_blank\">Arkady Moshes<\/a> toteaa.<\/p>\n<p class=\"article-body mb-nof-24 px-nof-16\">Suomen it\u00e4raja on ollut suljettuna kohta kaksi vuotta. Suomessakin Rajavartiolaitos keskustelee Ven\u00e4j\u00e4n rajavartiopalvelun kanssa rajaturvallisuuteen liittyvist\u00e4 asioista. Tapaamiset eiv\u00e4t kuitenkaan tapahdu vastaavalla tavalla julkisesti, ja asiat ovat varsin suppeita verrattuna aikaan ennen Ven\u00e4j\u00e4n hy\u00f6kk\u00e4yst\u00e4 Ukrainaan vuonna 2022.<\/p>\n<p><img decoding=\"async\" src=\"https:\/\/www.europesays.com\/fi\/wp-content\/uploads\/2025\/10\/1759317488_899_468.jpg\" alt=\"Andrei Kudimov k\u00e4tteli norjalaiset ennen poistumistaan laivasta.\" class=\"_Img_1rerz_1\" style=\"aspect-ratio:1.5\" loading=\"eager\"\/><\/p>\n<p class=\"article-picture-caption\">Andrei Kudimov k\u00e4tteli norjalaiset ennen poistumistaan laivasta. Kuva:\u00a0Juha Salminen \/ HS<\/p>\n<p><img decoding=\"async\" src=\"https:\/\/www.europesays.com\/fi\/wp-content\/uploads\/2025\/10\/1759317488_731_468.jpg\" alt=\"Vara-amiraali Rune Andersen poistui laivasta Kudimovin j\u00e4lkeen.\" class=\"_Img_1rerz_1\" style=\"aspect-ratio:1.5\" loading=\"eager\"\/><\/p>\n<p class=\"article-picture-caption\">Vara-amiraali Rune Andersen poistui laivasta Kudimovin j\u00e4lkeen. Kuva:\u00a0Juha Salminen \/ HS<\/p>\n<p class=\"article-body mb-nof-24 px-nof-16\">HS kysyi Norjan puolustusvoimilta kommenttia tapaamisesta. Vastauksena viestinn\u00e4n s\u00e4hk\u00f6postiosoitteesta l\u00e4hetettiin pelkk\u00e4 linkki tiistai-iltana julkaistuun tiedotteeseen. Ennakkotietoa tapaamisesta ei julkisuuteen kerrottu.<\/p>\n<p class=\"article-body mb-nof-24 px-nof-16\">Sen mukaan kyse oli vakituisen kokousrakenteen mukaisesta tapaamisesta. Norjan valtuuskuntaan kuuluivat p\u00e4\u00e4esikunnan edustuksen lis\u00e4ksi esimerkiksi rannikkovartioston edustajat. Ven\u00e4j\u00e4n valtuuskunta saapui norjaan Storskogin rajanylityspaikan kautta. Kokouksen asialistalla olivat rajayhteisty\u00f6, Barentsinmeren yhteisty\u00f6 sek\u00e4 etsint\u00e4- ja pelastustoiminta.<\/p>\n<p class=\"article-body mb-nof-24 px-nof-16\"><a class=\"article-genericlink\" href=\"https:\/\/www.thebarentsobserver.com\/security\/big-smiles-when-fsb-major-general-andrei-kudimov-came-to-talk-cooperation-with-norway\/438101\" rel=\"nofollow noopener\" target=\"_blank\">The Barents observer -lehden<\/a> mukaan kokouksessa puhuttiin my\u00f6s kalastuksen valvonnasta, mik\u00e4 oli syy tapaamiseen merell\u00e4.<\/p>\n<p class=\"article-body mb-nof-24 px-nof-16\">Kansainv\u00e4linen tilanne on viime aikoina ollut erityisen j\u00e4nnitteinen. Norjan viranomaiset tiedottivat syyskuussa, ett\u00e4 ven\u00e4l\u00e4iskoneet ovat loukanneet Norjan ilmatilaa kolmesti t\u00e4n\u00e4 vuonna. Tapaukset ovat Norjan ja Ven\u00e4j\u00e4n rajaseudulta.<\/p>\n<p class=\"article-body mb-nof-24 px-nof-16\">Moshesin mukaan Norjalla on pitk\u00e4t perinteet arktisen alueen yhteisty\u00f6st\u00e4 Ven\u00e4j\u00e4n kanssa. Maa ei kuulu Euroopan unioniin.<\/p>\n<p class=\"article-body mb-nof-24 px-nof-16\">H\u00e4n n\u00e4kee tilanteen samantyyppisen\u00e4 kuin muualla Euroopassa sen j\u00e4lkeen, kun Ven\u00e4j\u00e4 miehitti Krimin. Tuolloin Euroopassa asetettiin samaan aikaan Ven\u00e4j\u00e4-pakotteita ja pidettiin yll\u00e4 maiden v\u00e4list\u00e4 vuoropuhelua, ja se oli jopa virallinen EU:n linja.<\/p>\n<p class=\"article-body mb-nof-24 px-nof-16\">Moshesin arvion mukaan t\u00e4m\u00e4nkaltainen toimintamalli on ongelmallinen.<\/p>\n<p class=\"article-body mb-nof-24 px-nof-16\">\u201dTotta kai Norjan kohdalla on kiinnitett\u00e4v\u00e4 huomiota ep\u00e4johdonmukaisuuteen. Et voi hyv\u00e4ksy\u00e4 yht\u00e4 k\u00e4yt\u00e4nt\u00f6\u00e4 Naton j\u00e4senen\u00e4 ja toista matalammalla tasolla.\u201d<\/p>\n<p class=\"article-body mb-nof-24 px-nof-16\">H\u00e4nen mukaansa verrokkimaina tapauksessa voisi pit\u00e4\u00e4 Ven\u00e4j\u00e4n Natoon kuuluvia rajanaapureita. Suomen lis\u00e4ksi n\u00e4it\u00e4 ovat Baltian maat ja Puola.<\/p>\n<p class=\"article-body mb-nof-24 px-nof-16\">\u201dMik\u00e4\u00e4n n\u00e4ist\u00e4 maista ei toimisi n\u00e4in t\u00e4ll\u00e4 hetkell\u00e4.\u201d<\/p>\n<p class=\"article-body mb-nof-24 px-nof-16\">Moshes huomauttaa, ett\u00e4 julkinen tapaaminen l\u00e4hett\u00e4\u00e4 aina viestin. H\u00e4nen mukaansa se tulkitaan Kremliss\u00e4 todenn\u00e4k\u00f6isesti merkkin\u00e4 Euroopan pehmenemisest\u00e4.<\/p>\n<p class=\"article-body mb-nof-24 px-nof-16\">\u201dJoka kerta, kun Euroopassa tapahtuu jotain t\u00e4llaista, Kreml alkaa odottaa, ett\u00e4 eurooppalaiset luovuttavat.\u201d<\/p>\n<p><img decoding=\"async\" src=\"https:\/\/www.europesays.com\/fi\/wp-content\/uploads\/2025\/10\/1759317488_830_468.jpg\" alt=\"Miehist\u00f6 laski lipun, ja laiva j\u00e4i satamaan.\" class=\"_Img_1rerz_1\" style=\"aspect-ratio:0.6661458333333333\" loading=\"eager\"\/><\/p>\n<p class=\"article-picture-caption\">Miehist\u00f6 laski lipun, ja laiva j\u00e4i satamaan. Kuva:\u00a0Juha Salminen \/ HS<\/p>\n","protected":false},"excerpt":{"rendered":"HS Kirkkoniemess\u00e4|HS todisti Ven\u00e4j\u00e4n delegaation vierailua Norjassa. Ulkopoliittisen instituutin ohjelmajohtaja Arkady Moshes pit\u00e4\u00e4 julkista tapaamista ongelmallisena. Lue tiivistelm\u00e4&hellip;\n","protected":false},"author":2,"featured_media":50471,"comment_status":"","ping_status":"","sticky":false,"template":"","format":"standard","meta":{"footnotes":""},"categories":[14],"tags":[22,23,26,27,33,31,30,17,46,24,25,28,29,15,18,21,32,19,20,56,16,59,60,61],"class_list":{"0":"post-50470","1":"post","2":"type-post","3":"status-publish","4":"format-standard","5":"has-post-thumbnail","7":"category-ulkomaat","8":"tag-breaking-news","9":"tag-breakingnews","10":"tag-featured-news","11":"tag-featurednews","12":"tag-fi","13":"tag-finland","14":"tag-finnish","15":"tag-headlines","16":"tag-helsingin-sanomat","17":"tag-latest-news","18":"tag-latestnews","19":"tag-main-news","20":"tag-mainnews","21":"tag-news","22":"tag-otsikot","23":"tag-paauutiset","24":"tag-suomi","25":"tag-top-stories","26":"tag-topstories","27":"tag-ulkomaat","28":"tag-uutiset","29":"tag-world","30":"tag-world-news","31":"tag-worldnews"},"share_on_mastodon":{"url":"","error":""},"_links":{"self":[{"href":"https:\/\/www.europesays.com\/fi\/wp-json\/wp\/v2\/posts\/50470","targetHints":{"allow":["GET"]}}],"collection":[{"href":"https:\/\/www.europesays.com\/fi\/wp-json\/wp\/v2\/posts"}],"about":[{"href":"https:\/\/www.europesays.com\/fi\/wp-json\/wp\/v2\/types\/post"}],"author":[{"embeddable":true,"href":"https:\/\/www.europesays.com\/fi\/wp-json\/wp\/v2\/users\/2"}],"replies":[{"embeddable":true,"href":"https:\/\/www.europesays.com\/fi\/wp-json\/wp\/v2\/comments?post=50470"}],"version-history":[{"count":0,"href":"https:\/\/www.europesays.com\/fi\/wp-json\/wp\/v2\/posts\/50470\/revisions"}],"wp:featuredmedia":[{"embeddable":true,"href":"https:\/\/www.europesays.com\/fi\/wp-json\/wp\/v2\/media\/50471"}],"wp:attachment":[{"href":"https:\/\/www.europesays.com\/fi\/wp-json\/wp\/v2\/media?parent=50470"}],"wp:term":[{"taxonomy":"category","embeddable":true,"href":"https:\/\/www.europesays.com\/fi\/wp-json\/wp\/v2\/categories?post=50470"},{"taxonomy":"post_tag","embeddable":true,"href":"https:\/\/www.europesays.com\/fi\/wp-json\/wp\/v2\/tags?post=50470"}],"curies":[{"name":"wp","href":"https:\/\/api.w.org\/{rel}","templated":true}]}}