{"id":50472,"date":"2025-10-01T11:19:08","date_gmt":"2025-10-01T11:19:08","guid":{"rendered":"https:\/\/www.europesays.com\/fi\/50472\/"},"modified":"2025-10-01T11:19:08","modified_gmt":"2025-10-01T11:19:08","slug":"hannu-korpi-valittomasti-kieltoon","status":"publish","type":"post","link":"https:\/\/www.europesays.com\/fi\/50472\/","title":{"rendered":"Hannu Korpi v\u00e4litt\u00f6m\u00e4sti kieltoon"},"content":{"rendered":"<p>Hannu Korpi asetettiin kilpailukieltoon.<\/p>\n<p><img decoding=\"async\" class=\"image image-show image-preview\" src=\"https:\/\/www.europesays.com\/fi\/wp-content\/uploads\/2025\/10\/00a8df49c44fb79bd1432faa0a0d2490227351b389dfdf587451edc7b07487b8.png\" alt=\"\"\/><img decoding=\"async\" class=\"image image-show\" src=\"https:\/\/www.europesays.com\/fi\/wp-content\/uploads\/2025\/10\/1759317548_30_00a8df49c44fb79bd1432faa0a0d2490227351b389dfdf587451edc7b07487b8.png\" alt=\"\"\/><\/p>\n<p>Hannu Korven tilannetta k\u00e4sitell\u00e4\u00e4n. Juha Veli  Jokinen<\/p>\n<p class=\"paragraph\">Suomen Hippos on langettanut ravivalmentaja ja -ohjastaja <strong>Hannu Korven<\/strong> v\u00e4liaikaiseen kilpailukieltoon, joka astuu voimaan v\u00e4litt\u00f6m\u00e4sti.<\/p>\n<p class=\"paragraph\">Organisaatio p\u00e4\u00e4tti asiasta hallituksen ylim\u00e4\u00e4r\u00e4isess\u00e4 kokouksessa keskiviikkona. Hippoksen tiedotteessa kerrotaan, ett\u00e4 hallitus k\u00e4sitteli Korven saamaa tuomiota Pirkanmaan k\u00e4r\u00e4j\u00e4oikeudessa.<\/p>\n<p class=\"paragraph\">Korven kilpailukiellon syyksi Hippos kertoo \u201draviurheilun maineen vahingoittamisen\u201d.<\/p>\n<p class=\"paragraph\">Kilpailupannan lopullisen pituuden Hippoksen hallitus p\u00e4\u00e4tt\u00e4\u00e4 lokakuun aikana.<\/p>\n<p class=\"paragraph\">Korpi tuomittiin tiistaina 30. syyskuuta vuoden ja kolmen kuukauden ehdolliseen vankeuteen pakottamisesta seksuaaliseen tekoon sek\u00e4 oikeudenk\u00e4yt\u00f6ss\u00e4 kuultavan uhkaamisesta.<\/p>\n","protected":false},"excerpt":{"rendered":"Hannu Korpi asetettiin kilpailukieltoon. Hannu Korven tilannetta k\u00e4sitell\u00e4\u00e4n. Juha Veli Jokinen Suomen Hippos on langettanut ravivalmentaja ja -ohjastaja&hellip;\n","protected":false},"author":2,"featured_media":50473,"comment_status":"","ping_status":"","sticky":false,"template":"","format":"standard","meta":{"footnotes":""},"categories":[12],"tags":[35,22,23,7262,26,27,33,31,30,17,7259,7261,24,25,41,28,29,15,18,21,32,19,20,12524,16],"class_list":{"0":"post-50472","1":"post","2":"type-post","3":"status-publish","4":"format-standard","5":"has-post-thumbnail","7":"category-suomi","8":"tag-24h","9":"tag-breaking-news","10":"tag-breakingnews","11":"tag-elainurheilu","12":"tag-featured-news","13":"tag-featurednews","14":"tag-fi","15":"tag-finland","16":"tag-finnish","17":"tag-headlines","18":"tag-hevoselaimet","19":"tag-kavioelaimet","20":"tag-latest-news","21":"tag-latestnews","22":"tag-liikunta-ja-urheilu","23":"tag-main-news","24":"tag-mainnews","25":"tag-news","26":"tag-otsikot","27":"tag-paauutiset","28":"tag-suomi","29":"tag-top-stories","30":"tag-topstories","31":"tag-tuotantoelaimet","32":"tag-uutiset"},"share_on_mastodon":{"url":"","error":""},"_links":{"self":[{"href":"https:\/\/www.europesays.com\/fi\/wp-json\/wp\/v2\/posts\/50472","targetHints":{"allow":["GET"]}}],"collection":[{"href":"https:\/\/www.europesays.com\/fi\/wp-json\/wp\/v2\/posts"}],"about":[{"href":"https:\/\/www.europesays.com\/fi\/wp-json\/wp\/v2\/types\/post"}],"author":[{"embeddable":true,"href":"https:\/\/www.europesays.com\/fi\/wp-json\/wp\/v2\/users\/2"}],"replies":[{"embeddable":true,"href":"https:\/\/www.europesays.com\/fi\/wp-json\/wp\/v2\/comments?post=50472"}],"version-history":[{"count":0,"href":"https:\/\/www.europesays.com\/fi\/wp-json\/wp\/v2\/posts\/50472\/revisions"}],"wp:featuredmedia":[{"embeddable":true,"href":"https:\/\/www.europesays.com\/fi\/wp-json\/wp\/v2\/media\/50473"}],"wp:attachment":[{"href":"https:\/\/www.europesays.com\/fi\/wp-json\/wp\/v2\/media?parent=50472"}],"wp:term":[{"taxonomy":"category","embeddable":true,"href":"https:\/\/www.europesays.com\/fi\/wp-json\/wp\/v2\/categories?post=50472"},{"taxonomy":"post_tag","embeddable":true,"href":"https:\/\/www.europesays.com\/fi\/wp-json\/wp\/v2\/tags?post=50472"}],"curies":[{"name":"wp","href":"https:\/\/api.w.org\/{rel}","templated":true}]}}