{"id":50474,"date":"2025-10-01T11:20:11","date_gmt":"2025-10-01T11:20:11","guid":{"rendered":"https:\/\/www.europesays.com\/fi\/50474\/"},"modified":"2025-10-01T11:20:11","modified_gmt":"2025-10-01T11:20:11","slug":"outokumpu-kaynnistaa-neuvottelut-tyopaikkojen-vahentamisesta-vaikutuksia-suomeen-ei-viela-tiedeta","status":"publish","type":"post","link":"https:\/\/www.europesays.com\/fi\/50474\/","title":{"rendered":"Outokumpu k\u00e4ynnist\u00e4\u00e4 neuvottelut ty\u00f6paikkojen v\u00e4hent\u00e4misest\u00e4 \u2013 vaikutuksia Suomeen ei viel\u00e4 tiedet\u00e4"},"content":{"rendered":"<p>    <img decoding=\"async\" class=\"responsive-image article__image-image lozad\"   src=\"https:\/\/www.europesays.com\/fi\/wp-content\/uploads\/2025\/10\/7gK8CNrXGDDCg-IoI-sDG3ZdNJx2CaacMkQ9SrEUgtNS5epKYMcfopi2LNmt1EkbmizlvL_deshzMA8wqtybEKF9wtA9yldCVI52.jpeg\" alt=\"Ter\u00e4syhti\u00f6 Outokumpu aloittaa laajat muutosneuvottelut, joiden tavoitteena on v\u00e4hent\u00e4\u00e4 henkil\u00f6st\u00f6\u00e4.\"\/><\/p>\n<p>\n                Ter\u00e4syhti\u00f6 Outokumpu aloittaa laajat muutosneuvottelut, joiden tavoitteena on v\u00e4hent\u00e4\u00e4 henkil\u00f6st\u00f6\u00e4.\n              <\/p>\n<p>\n                Kuva: Anssi Jokiranta\n              <\/p>\n<p class=\"article__paragraph\">\n      Ter\u00e4syhti\u00f6 Outokumpu ilmoittaa k\u00e4ynnist\u00e4v\u00e4ns\u00e4 l\u00e4hiviikkoina neuvottelut ty\u00f6paikkojen v\u00e4hent\u00e4misest\u00e4. Yhti\u00f6 kertoo <a href=\"https:\/\/www.outokumpu.com\/fi-fi\/news\/2025\/sisapiiritieto,-c-,-outokumpu-etenee-suunnitellun-uudelleenjarjestelyohjelmansa-kanssa-3664296\" rel=\"nofollow noopener\" target=\"_blank\">tiedotteessaan<\/a>, ett\u00e4 ne voivat vaikuttaa enint\u00e4\u00e4n 450 ty\u00f6ntekij\u00e4\u00e4n eri maissa.\n    <\/p>\n<p class=\"article__paragraph\">\n      Viel\u00e4 ei ole tiedossa, miten suuri osa v\u00e4hennyksest\u00e4 tulee kohdistumaan Suomeen.\n    <\/p>\n<p class=\"article__paragraph\">\n      Muutos liittyy Outokummun uudelleenj\u00e4rjestelyohjelmaan, jonka tavoitteena ovat sadan miljoonan euron vuosittaiset rakenteelliset kustannuss\u00e4\u00e4st\u00f6t vuoden 2027 loppuun menness\u00e4. Siihen liittyvien toimenpiteiden odotetaan vaikuttavan kaikkiaan noin 650 ty\u00f6paikkaan. Aiemmin on jo sovittu vajaan sadan ty\u00f6paikan v\u00e4hent\u00e4misest\u00e4. Lis\u00e4ksi noin 120 ty\u00f6paikan odotetaan v\u00e4henev\u00e4n esimerkiksi el\u00e4k\u00f6itymisten kautta.\n    <\/p>\n<p>      Kysynn\u00e4ss\u00e4 jatkuvia \u00a0haasteita<\/p>\n<p class=\"article__paragraph\">\n      Outokummun toimitusjohtaja Kati ter Horst sanoo, ett\u00e4 Euroopassa ruostumattoman ter\u00e4ksen kysynn\u00e4ss\u00e4 on edelleen jatkuvia haasteita, joita pahentavat edullisesti hinnoiteltu aasialainen tuontiter\u00e4s ja t\u00e4m\u00e4nhetkisten suojatoimenpiteiden tehottomuus.\n    <\/p>\n<p class=\"article__paragraph\">\n      \u2013\u2009Nykyinen kannattavuustasomme on kest\u00e4m\u00e4t\u00f6n, ja meid\u00e4n on Outokummussa kiihdytett\u00e4v\u00e4 muutosvauhtia. T\u00e4m\u00e4n seurauksena Outokummun on pakko jatkaa suunniteltuja, vankkoja rakenteellisia kustannuss\u00e4\u00e4st\u00f6toimenpiteit\u00e4. Valitettavasti n\u00e4m\u00e4 toimet tulevat vaikuttamaan henkil\u00f6st\u00f6\u00f6mme ja olemme sitoutuneet tukemaan ty\u00f6ntekij\u00f6it\u00e4mme l\u00e4pi t\u00e4m\u00e4n siirtym\u00e4n, h\u00e4n sanoo tiedotteessa.\n    <\/p>\n<p class=\"article__paragraph\">\n      Uudelleenj\u00e4rjestelyohjelman kerrotaan vaikuttavan p\u00e4\u00e4osin Europe-liiketoiminta-alueeseen ja globaaleihin konsernitoimintoihin.\n    <\/p>\n<p class=\"article__paragraph\">\n      Outokummulla on noin 9\u2009000 ty\u00f6ntekij\u00e4\u00e4 yli 30 maassa.\n    <\/p>\n","protected":false},"excerpt":{"rendered":"Ter\u00e4syhti\u00f6 Outokumpu aloittaa laajat muutosneuvottelut, joiden tavoitteena on v\u00e4hent\u00e4\u00e4 henkil\u00f6st\u00f6\u00e4. Kuva: Anssi Jokiranta Ter\u00e4syhti\u00f6 Outokumpu ilmoittaa k\u00e4ynnist\u00e4v\u00e4ns\u00e4 l\u00e4hiviikkoina&hellip;\n","protected":false},"author":2,"featured_media":50475,"comment_status":"","ping_status":"","sticky":false,"template":"","format":"standard","meta":{"footnotes":""},"categories":[5],"tags":[22,23,26,27,33,31,30,17,24,25,28,29,15,18,21,32,19,20,16],"class_list":{"0":"post-50474","1":"post","2":"type-post","3":"status-publish","4":"format-standard","5":"has-post-thumbnail","7":"category-otsikot","8":"tag-breaking-news","9":"tag-breakingnews","10":"tag-featured-news","11":"tag-featurednews","12":"tag-fi","13":"tag-finland","14":"tag-finnish","15":"tag-headlines","16":"tag-latest-news","17":"tag-latestnews","18":"tag-main-news","19":"tag-mainnews","20":"tag-news","21":"tag-otsikot","22":"tag-paauutiset","23":"tag-suomi","24":"tag-top-stories","25":"tag-topstories","26":"tag-uutiset"},"share_on_mastodon":{"url":"","error":""},"_links":{"self":[{"href":"https:\/\/www.europesays.com\/fi\/wp-json\/wp\/v2\/posts\/50474","targetHints":{"allow":["GET"]}}],"collection":[{"href":"https:\/\/www.europesays.com\/fi\/wp-json\/wp\/v2\/posts"}],"about":[{"href":"https:\/\/www.europesays.com\/fi\/wp-json\/wp\/v2\/types\/post"}],"author":[{"embeddable":true,"href":"https:\/\/www.europesays.com\/fi\/wp-json\/wp\/v2\/users\/2"}],"replies":[{"embeddable":true,"href":"https:\/\/www.europesays.com\/fi\/wp-json\/wp\/v2\/comments?post=50474"}],"version-history":[{"count":0,"href":"https:\/\/www.europesays.com\/fi\/wp-json\/wp\/v2\/posts\/50474\/revisions"}],"wp:featuredmedia":[{"embeddable":true,"href":"https:\/\/www.europesays.com\/fi\/wp-json\/wp\/v2\/media\/50475"}],"wp:attachment":[{"href":"https:\/\/www.europesays.com\/fi\/wp-json\/wp\/v2\/media?parent=50474"}],"wp:term":[{"taxonomy":"category","embeddable":true,"href":"https:\/\/www.europesays.com\/fi\/wp-json\/wp\/v2\/categories?post=50474"},{"taxonomy":"post_tag","embeddable":true,"href":"https:\/\/www.europesays.com\/fi\/wp-json\/wp\/v2\/tags?post=50474"}],"curies":[{"name":"wp","href":"https:\/\/api.w.org\/{rel}","templated":true}]}}