{"id":50478,"date":"2025-10-01T11:32:11","date_gmt":"2025-10-01T11:32:11","guid":{"rendered":"https:\/\/www.europesays.com\/fi\/50478\/"},"modified":"2025-10-01T11:32:11","modified_gmt":"2025-10-01T11:32:11","slug":"tuukka-temonen-uuden-edessa-kommentoi-milta-tuntuu-tehda-toita-ilman-olga-vaimoa","status":"publish","type":"post","link":"https:\/\/www.europesays.com\/fi\/50478\/","title":{"rendered":"Tuukka Temonen uuden edess\u00e4 \u2013 kommentoi, milt\u00e4 tuntuu tehd\u00e4 t\u00f6it\u00e4 ilman Olga-vaimoa"},"content":{"rendered":"<p class=\"article-content article-content-width !bg-background\"> on ohjaaja, joka tunnetaan.\u00a0Mies on tehnyt omin p\u00e4in useita elokuvia, kunnes helmikuussa h\u00e4n ilmoitti lopettavansa elokuvatuotantojen kuvaamisen omaan piikkiins\u00e4. <\/p>\n<p class=\"article-content article-content-width !bg-background\">Aiempia t\u00f6it\u00e4 ovat muun muassa Apulannasta kertova Teit meist\u00e4 kauniin sek\u00e4  kertova Valmentaja.<\/p>\n<p class=\"article-content article-content-width !bg-background\">Nyt Tuukka on ollut ainakin jossain m\u00e4\u00e4rin uuden edess\u00e4, sill\u00e4 Cancel-elokuva saa ensi-iltansa 8. lokakuuta.<\/p>\n<p class=\"article-content article-content-width !bg-background\">Kyseess\u00e4 ei ole ensimm\u00e4inen elokuva, jonka Tuukka on tehnyt Solar Filmsille, sill\u00e4 h\u00e4nelt\u00e4 on tullut Vares X sek\u00e4 Vares-sarja, jota ei ole viel\u00e4 julkaistu.<\/p>\n<p>                <img decoding=\"async\" src=\"https:\/\/www.europesays.com\/fi\/wp-content\/uploads\/2025\/10\/1946628.webp\" width=\"576\" height=\"274\" alt=\"Cancel-elokuvassa n\u00e4hd\u00e4\u00e4n nuoremman polven suosikkeja.\" loading=\"lazy\" \/>            <\/p>\n<p>\n            Cancel-elokuvassa n\u00e4hd\u00e4\u00e4n nuoremman polven suosikkeja.<br \/>\n            Solar Films\n        <\/p>\n<p>Uuden edess\u00e4<\/p>\n<p class=\"article-content article-content-width !bg-background\">Tuukan aiemmista elokuvista Cancel\u00a0eroaa monella tavalla.\u00a0P\u00e4\u00e4t\u00e4hdet ja\u00a0 ovat kaikki vanhemmalle v\u00e4elle tuntemattomia, mutta nuorten keskuudessa supersuosittuja.<\/p>\n<p class=\"article-content article-content-width !bg-background\">Somet\u00e4htien osallistumisella lasketaan varmasti sen varaan, ett\u00e4 t\u00e4htitieteelliset seuraajam\u00e4\u00e4r\u00e4t lihallistuisivat katsojiksi ja lipputuloiksi.<\/p>\n<p class=\"article-content article-content-width !bg-background\">Tuukka kertoo, ettei ota asiasta stressi\u00e4, vaikka takana onkin  iso markkinointikoneisto.<\/p>\n<p class=\"article-content article-content-width !bg-background\">\u2013 Nyth\u00e4n t\u00e4ss\u00e4 tullaan n\u00e4kem\u00e4\u00e4n sekin, kuinka suosittuja pojat oikeasti ovat, Tuukka naurahtaa viitaten tuleviin katsojalukuihin.<\/p>\n<p class=\"article-content article-content-width !bg-background\">\u2013 Puhutaan 200 000 katsojasta, mutta min\u00e4 olen aina tyytyv\u00e4inen, jos elokuva ylitt\u00e4\u00e4 60 000 katsojan rajan, Tuukka toteaa ep\u00e4itsekk\u00e4\u00e4sti \u2013 jopa v\u00e4h\u00e4tellen.<\/p>\n<p>        <a itemprop=\"url\" href=\"https:\/\/www.seiska.fi\/katso\/tuukka-temonen-lataa-tayslaidallisen-elokuvasaatiota-kohtaan\/1599902\" rel=\"nofollow noopener\" target=\"_blank\"><\/p>\n<p>\n&#8221;En ole katkera&#8221;\n<\/p>\n<p class=\"section-date\">\n        <strong class=\"article-section\" data-section=\"katso\"><br \/>\n            katso<br \/>\n        <\/strong><br \/>\n        1.2. 15:24\n    <\/p>\n<p>Tuukka Temonen lataa t\u00e4yslaidallisen elokuvas\u00e4\u00e4ti\u00f6t\u00e4 kohtaan!\n    <\/p>\n<p itemprop=\"description\" class=\"subtitle \">\n    Tuukka laskeskelee, ett\u00e4 on joutunut vuosien varrella ottamaan lainaa yli puoli miljoonaa euroa.\n<\/p>\n<p>        <\/a><\/p>\n<p>                <img decoding=\"async\" src=\"https:\/\/www.europesays.com\/fi\/wp-content\/uploads\/2025\/10\/1946643.webp\" width=\"576\" height=\"322\" alt=\"Cancel on Tuukka Temoselle j\u00e4rjestyksess\u00e4\u00e4n kolmas ty\u00f6 Solar Filmsille.\" loading=\"lazy\" \/>            <\/p>\n<p>\n            Cancel on Tuukka Temoselle j\u00e4rjestyksess\u00e4\u00e4n kolmas ty\u00f6 Solar Filmsille.<br \/>\n            Solar Films\n        <\/p>\n<p>Olga ei ole elokuvassa<\/p>\n<p class=\"article-content article-content-width !bg-background\">Tuukan ohjauksista katsotuin on juuri Teit meist\u00e4 kauniin, jonka katsojam\u00e4\u00e4r\u00e4n Tuukka muistelee olleen kaikkiaan py\u00f6re\u00e4sti 115 000 katsojaa.<\/p>\n<p class=\"article-content article-content-width !bg-background\">Yht\u00e4 kaikki, elokuva eroaa aiemmista muillakin tavoilla.<\/p>\n<p class=\"article-content article-content-width !bg-background\">Tuukan elokuvissa on totuttu n\u00e4kem\u00e4\u00e4n h\u00e4nen vaimonsa , v\u00e4lill\u00e4 isommissa, v\u00e4lill\u00e4 pienemmiss\u00e4 rooleissa.<\/p>\n<p class=\"no_italic m-no_italic article-content article-content-width !bg-background\">Tammikuussa ilmestyi Meduusalla ei ole syd\u00e4nt\u00e4, jossa Olga n\u00e4ytteli vahvan p\u00e4\u00e4roolin.<\/p>\n<p class=\"article-content article-content-width !bg-background\">Nyt Olga ei ole mukana. H\u00e4nelt\u00e4 todettiin syksyll\u00e4 2023 aivosy\u00f6p\u00e4, joka n\u00e4ytti alkuvuodesta jo l\u00e4hes voitetulta.<\/p>\n<p>                <img decoding=\"async\" src=\"https:\/\/www.europesays.com\/fi\/wp-content\/uploads\/2025\/10\/1946687.webp\" width=\"576\" height=\"274\" alt=\"Olga Temonen teki Tuukan viimeisimm\u00e4ss\u00e4 elokuvassa vahvan roolin alkoholisoituneena \u00e4itin\u00e4. Elokuva sai ensi-iltansa tammikuussa 2025.\" loading=\"lazy\" \/>            <\/p>\n<p>\n            Olga Temonen teki Tuukan viimeisimm\u00e4ss\u00e4 elokuvassa vahvan roolin alkoholisoituneena \u00e4itin\u00e4. Elokuva sai ensi-iltansa tammikuussa 2025.<br \/>\n            Optipari.\n        <\/p>\n<p>&#8221;Harmittaa&#8221;<\/p>\n<p class=\"article-content article-content-width !bg-background\">Takapakkia on kuitenkin sen j\u00e4lkeen tullut, ja t\u00e4ll\u00e4 hetkell\u00e4 tilanne vaikuttaa melko toivottomalta.<\/p>\n<p class=\"article-content article-content-width !bg-background\">Tuukka hiljentyy sen suhteen, ett\u00e4 on uuden edess\u00e4, kun rakas vaimo ei ole elokuvassa mukana.<\/p>\n<p class=\"article-content article-content-width !bg-background\">\u2013 Aina on ollut edes joku pieni rooli, mutta nyt ei ole, niin kyll\u00e4h\u00e4n se harmittaa, Tuukka viittaa vaimonsa huonontuneeseen tilanteeseen.<\/p>\n<p class=\"article-content article-content-width !bg-background\">\u2013 Onneksi  on kuitenkin pieness\u00e4 roolissa, niin h\u00e4n jatkaa \u00e4itins\u00e4 jalanj\u00e4ljiss\u00e4, Tuukka viittaa 15-vuotiaaseen tytt\u00e4reens\u00e4.<\/p>\n<p>        <a itemprop=\"url\" href=\"https:\/\/www.seiska.fi\/kotimaa\/tuukka-temoselta-synkka-paljastus-olgan-voinnista\/1946290\" rel=\"nofollow noopener\" target=\"_blank\"><\/p>\n<p>\nTuukka Temonen murheellisena\n<\/p>\n<p class=\"section-date\">\n        <strong class=\"article-section\" data-section=\"kotimaa\"><br \/>\n            kotimaa<br \/>\n        <\/strong><br \/>\n        30.9. 15:16\n    <\/p>\n<p>Tuukka Temoselta synkk\u00e4 paljastus Olgan voinnista\n    <\/p>\n<p itemprop=\"description\" class=\"subtitle \">\n    Tuukka kertoo rehellisesti vaimonsa t\u00e4m\u00e4nhetkisest\u00e4 tilanteesta.\n<\/p>\n<p>        <\/a><\/p>\n<p>                <img decoding=\"async\" src=\"https:\/\/www.europesays.com\/fi\/wp-content\/uploads\/2025\/10\/1946231.webp\" width=\"576\" height=\"720\" alt=\"Temoset osallistuivat yhdess\u00e4 maaliskuiseen Jussi-gaalaan.\" loading=\"lazy\" \/>            <\/p>\n<p>\n            Temoset osallistuivat yhdess\u00e4 maaliskuiseen Jussi-gaalaan.<br \/>\n            Matti Matikainen\n        <\/p>\n<p>&#8221;Tosi raskasta itsekseen&#8221;<\/p>\n<p class=\"article-content article-content-width !bg-background\">Apulannan ex-basisti kertoo viett\u00e4neens\u00e4 30-vuotistaiteilijauraansa, mik\u00e4 saa h\u00e4net pohtimaan ohjaamista ja elokuva-alaa.<\/p>\n<p class=\"article-content article-content-width !bg-background\">\u2013 Jos miettii omakustanne-elokuvia, niin se on kuin demojen tekemist\u00e4 musiikissa, kun taas nykyist\u00e4 tilannetta voi verrata levytyssopimukseen, Tuukka viittaa yhteisty\u00f6h\u00f6n Solar Filmsin kanssa.<\/p>\n<p class=\"article-content article-content-width !bg-background\">\u2013 30 vuoden j\u00e4lkeen on ihan hyv\u00e4 p\u00e4\u00e4st\u00e4 tekem\u00e4\u00e4n jollekin toiselle.<\/p>\n<p class=\"article-content article-content-width !bg-background\">Samalla h\u00e4n kuvaa tilannetta merkitt\u00e4v\u00e4ksi k\u00e4\u00e4nteeksi urallaan positiivisessa mieless\u00e4.<\/p>\n<p class=\"article-content article-content-width !bg-background\">\u2013 En sano, ett\u00e4 siin\u00e4 vanhassakaan mit\u00e4\u00e4n vikaa oli, mutta sellainen yksin tekeminen ja p\u00e4\u00e4n sein\u00e4\u00e4n hakkaaminen, ylip\u00e4\u00e4t\u00e4\u00e4n kamppailu omasta paikastaan on tosi raskasta itsekseen.<\/p>\n<p>                <img decoding=\"async\" src=\"https:\/\/www.europesays.com\/fi\/wp-content\/uploads\/2025\/10\/1946721.webp\" width=\"576\" height=\"274\" alt=\"Tuukka on uuden edess\u00e4 monella tapaa.\" loading=\"lazy\" \/>            <\/p>\n<p>\n            Tuukka on uuden edess\u00e4 monella tapaa.<br \/>\n            Timo Korhonen\n        <\/p>\n<p>&#8221;Liian helppo ja liian tyls\u00e4&#8221;<\/p>\n<p class=\"article-content article-content-width !bg-background\">Kaikesta huolimatta Tuukka hym\u00e4ht\u00e4\u00e4 my\u00f6s kaipaavansa kokonaisvaltaista tekemist\u00e4, sill\u00e4 omakustanne-elokuvissa on luultavasti enemm\u00e4n liikkuvia osia.<\/p>\n<p class=\"article-content article-content-width !bg-background\">\u2013 Ei koira karvoistaan p\u00e4\u00e4se eli kyll\u00e4 min\u00e4 my\u00f6s autan tuotantoa miettim\u00e4\u00e4n kokonaisuutta paremmaksi ja toimivammaksi omalla kokemuksellani.<\/p>\n<p class=\"article-content article-content-width !bg-background\">T\u00e4t\u00e4 kautta isommat tuotantoyhti\u00f6t saavat Tuukan n\u00e4kemyksen ja tekotavat tietoonsa.<\/p>\n<p class=\"article-content article-content-width !bg-background\">\u2013 Se sulautuu todella hyvin yhteen. Minusta saa paljon s\u00e4\u00e4st\u00f6\u00e4 ja samalla my\u00f6s ratkaisuja, Tuukka py\u00f6rittelee.<\/p>\n<p class=\"article-content article-content-width !bg-background\">\u2013 Ylip\u00e4\u00e4t\u00e4\u00e4n ohjaaminen pelk\u00e4st\u00e4\u00e4n ohjaajanty\u00f6n\u00e4 on liian helppo ja liian tyls\u00e4. Pit\u00e4\u00e4 pysty\u00e4 tekem\u00e4\u00e4n laajemmin.<\/p>\n<p>                <img decoding=\"async\" src=\"https:\/\/www.europesays.com\/fi\/wp-content\/uploads\/2025\/10\/1946723.webp\" width=\"576\" height=\"274\" alt=\"Tuukan Vares X sai ensi-iltansa lokakuussa 2024. Elokuvassa uutena Jussi Vareksena n\u00e4hd\u00e4\u00e4n Leo Sj\u00f6man (oik). Vareksen vanha tuttu Kyypakkaus (Jasper P\u00e4\u00e4kk\u00f6nen) on edelleen kuvioissa mukana.\" loading=\"lazy\" \/>            <\/p>\n<p>\n            Tuukan Vares X sai ensi-iltansa lokakuussa 2024. Elokuvassa uutena Jussi Vareksena n\u00e4hd\u00e4\u00e4n Leo Sj\u00f6man (oik). Vareksen vanha tuttu Kyypakkaus (Jasper P\u00e4\u00e4kk\u00f6nen) on edelleen kuvioissa mukana.<\/p>\n<p>Lopetusp\u00e4\u00e4t\u00f6s pysyy\u00a0\u2013 toistaiseksi<\/p>\n<p class=\"article-content article-content-width !bg-background\">Kaikesta kuultaa, ettei lupaus omakustanne-elokuvien lopettamisesta v\u00e4ltt\u00e4m\u00e4tt\u00e4 tule t\u00e4ysin pit\u00e4m\u00e4\u00e4n.<\/p>\n<p class=\"article-content article-content-width !bg-background\">\u2013 Heh, se onkin toistaiseksi.<\/p>\n<p class=\"article-content article-content-width !bg-background\">Cancel eroaa Tuukan kaikista aiemmista ohjauksista melkoisesti my\u00f6s tyylillisesti.<\/p>\n<p class=\"article-content article-content-width !bg-background\">\u2013 T\u00e4ss\u00e4 on k\u00e4ytetty v\u00e4h\u00e4n sekatekniikkaa, tulee v\u00e4lill\u00e4 animaatiota ja v\u00e4lill\u00e4 grafiikkaa. Se koittaa olla uskollinen Youtube-alustalle ja ilmaisulle.<\/p>\n<p class=\"article-content article-content-width !bg-background\">\u2013 Vaikka siin\u00e4 on elokuvallisia kohtia, niin se pit\u00e4\u00e4 samalla kiinni siit\u00e4 maailmasta, josta nuo tulevat, Tuukka viittaa tubettamisella tunnetuksi tulleisiin somet\u00e4htiin.<\/p>\n<p>                <img decoding=\"async\" src=\"https:\/\/www.europesays.com\/fi\/wp-content\/uploads\/2025\/10\/1946746.webp\" width=\"576\" height=\"639\" alt=\"Olga siisti Tuukan pukua Venla-gaalan punaisella matolla tammikuussa. Pariskunta on saanut kiitosta monilta siit\u00e4, kuinka avoimesti molemmat ovat Olgan aivosy\u00f6v\u00e4st\u00e4 puhuneet.\" loading=\"lazy\" \/>            <\/p>\n<p>\n            Olga siisti Tuukan pukua Venla-gaalan punaisella matolla tammikuussa. Pariskunta on saanut kiitosta monilta siit\u00e4, kuinka avoimesti molemmat ovat Olgan aivosy\u00f6v\u00e4st\u00e4 puhuneet.<br \/>\n            Miikka Kaskinen\n        <\/p>\n<p>        <a itemprop=\"url\" href=\"https:\/\/www.seiska.fi\/kotimaa\/tuukka-temonen-selventaa-olgan-yllatyskaannetta\/1946384\" rel=\"nofollow noopener\" target=\"_blank\"><\/p>\n<p>\nOlga Temosen kirja\n<\/p>\n<p class=\"section-date\">\n        <strong class=\"article-section\" data-section=\"kotimaa\"><br \/>\n            kotimaa<br \/>\n        <\/strong><br \/>\n        06:30\n    <\/p>\n<p>Tuukka Temonen selvent\u00e4\u00e4 Olgan yll\u00e4tysk\u00e4\u00e4nnett\u00e4\n    <\/p>\n<p itemprop=\"description\" class=\"subtitle \">\n    Olgan huonontuneella voinnilla on vaikutuksensa my\u00f6s kirjaprojektiin.\n<\/p>\n<p>        <\/a><\/p>\n<p>Sis\u00e4lt\u00e4\u00e4 &#8221;kikkailua&#8221;<\/p>\n<p class=\"article-content article-content-width !bg-background\">Elokuva haastaa my\u00f6s katsojia, sill\u00e4 siin\u00e4 n\u00e4hd\u00e4\u00e4n muun muassa sek\u00e4 pysty- ett\u00e4 vaakakuvaa.<\/p>\n<p class=\"article-content article-content-width !bg-background\">Lopputuloksesta huolimatta monet asiat ovat syntyneet vasta \u201deditiss\u00e4\u201d \u2013 leikkausp\u00f6yd\u00e4ll\u00e4.<\/p>\n<p class=\"article-content article-content-width !bg-background\">\u2013 Ne kikkailut eiv\u00e4t ole olleet k\u00e4sikirjoitusvaiheessa.<\/p>\n<p class=\"article-content article-content-width !bg-background\">\u2013 Elokuva leikattiin ensin normaalisti, mutta sitten me mietimme, ett\u00e4 t\u00e4m\u00e4 materiaali mahdollistaa jonkinlaisia lis\u00e4kierroksia.<\/p>\n<p class=\"article-content article-content-width !bg-background\">Tuukka sanookin, ett\u00e4 kaikki kuvakikkailuihin perustuvat vitsit ovat syntyneet j\u00e4lkeenp\u00e4in.<\/p>\n<p>                <img decoding=\"async\" src=\"https:\/\/www.europesays.com\/fi\/wp-content\/uploads\/2025\/10\/1946745.webp\" width=\"576\" height=\"720\" alt=\"Tuukka kertoo jo aloittaneensa seuraavaa projektia, joskaan ei voi hiiskua viel\u00e4 asiasta tarkemmin.\" loading=\"lazy\" \/>            <\/p>\n<p>\n            Tuukka kertoo jo aloittaneensa seuraavaa projektia, joskaan ei voi hiiskua viel\u00e4 asiasta tarkemmin.<br \/>\n            Timo Korhonen\n        <\/p>\n<p>Uusia projekteja?<\/p>\n<p class=\"article-content article-content-width !bg-background\">Tuukalla vaikuttaa pit\u00e4v\u00e4n kiirett\u00e4 jatkossakin, sill\u00e4 h\u00e4n kertoo olevansa jatkuvasti suunnittelemassa projekteja.<\/p>\n<p class=\"article-content article-content-width !bg-background\">Vastik\u00e4\u00e4n h\u00e4n kertoo aloittaneensa kirjoittamaan er\u00e4st\u00e4 projektia, josta ei voi kuitenkaan viel\u00e4 t\u00e4ss\u00e4 kohtaa hiiskua.<\/p>\n<p class=\"article-content article-content-width !bg-background\">\u2013 Se on\u2026 ei viel\u00e4 voi kertoa, kun ei viel\u00e4 tied\u00e4, Tuukka hym\u00e4ht\u00e4\u00e4 ja vaikuttaa silt\u00e4, ett\u00e4 haluaisi kyll\u00e4 kertoa enemm\u00e4nkin.<\/p>\n<p class=\"article-content article-content-width !bg-background\">\u2013 Mutta katsotaan, jos ihmiset Cancelin k\u00e4yv\u00e4t katsomassa ja haluavat seikkailulle jatkoa, niin onhan nekin aina mahdollisia, Tuukka p\u00e4\u00e4tt\u00e4\u00e4 vinkaten.<\/p>\n<p class=\"italic m-italic article-content article-content-width !bg-background\">Cancel ensi-illassa elokuvateattereissa 8. lokakuuta.<\/p>\n","protected":false},"excerpt":{"rendered":"on ohjaaja, joka tunnetaan.\u00a0Mies on tehnyt omin p\u00e4in useita elokuvia, kunnes helmikuussa h\u00e4n ilmoitti lopettavansa elokuvatuotantojen kuvaamisen omaan&hellip;\n","protected":false},"author":2,"featured_media":50479,"comment_status":"","ping_status":"","sticky":false,"template":"","format":"standard","meta":{"footnotes":""},"categories":[136],"tags":[12527,407,137,33,31,30,408,3411,12526,12525,32,2721,109],"class_list":{"0":"post-50478","1":"post","2":"type-post","3":"status-publish","4":"format-standard","5":"has-post-thumbnail","7":"category-julkkikset","8":"tag-cancel","9":"tag-celebrities","10":"tag-entertainment","11":"tag-fi","12":"tag-finland","13":"tag-finnish","14":"tag-julkkikset","15":"tag-olga-temonen","16":"tag-solar-films","17":"tag-sometahdet","18":"tag-suomi","19":"tag-tuukka-temonen","20":"tag-viihde"},"share_on_mastodon":{"url":"","error":""},"_links":{"self":[{"href":"https:\/\/www.europesays.com\/fi\/wp-json\/wp\/v2\/posts\/50478","targetHints":{"allow":["GET"]}}],"collection":[{"href":"https:\/\/www.europesays.com\/fi\/wp-json\/wp\/v2\/posts"}],"about":[{"href":"https:\/\/www.europesays.com\/fi\/wp-json\/wp\/v2\/types\/post"}],"author":[{"embeddable":true,"href":"https:\/\/www.europesays.com\/fi\/wp-json\/wp\/v2\/users\/2"}],"replies":[{"embeddable":true,"href":"https:\/\/www.europesays.com\/fi\/wp-json\/wp\/v2\/comments?post=50478"}],"version-history":[{"count":0,"href":"https:\/\/www.europesays.com\/fi\/wp-json\/wp\/v2\/posts\/50478\/revisions"}],"wp:featuredmedia":[{"embeddable":true,"href":"https:\/\/www.europesays.com\/fi\/wp-json\/wp\/v2\/media\/50479"}],"wp:attachment":[{"href":"https:\/\/www.europesays.com\/fi\/wp-json\/wp\/v2\/media?parent=50478"}],"wp:term":[{"taxonomy":"category","embeddable":true,"href":"https:\/\/www.europesays.com\/fi\/wp-json\/wp\/v2\/categories?post=50478"},{"taxonomy":"post_tag","embeddable":true,"href":"https:\/\/www.europesays.com\/fi\/wp-json\/wp\/v2\/tags?post=50478"}],"curies":[{"name":"wp","href":"https:\/\/api.w.org\/{rel}","templated":true}]}}