{"id":5048,"date":"2025-08-14T01:37:10","date_gmt":"2025-08-14T01:37:10","guid":{"rendered":"https:\/\/www.europesays.com\/fi\/5048\/"},"modified":"2025-08-14T01:37:10","modified_gmt":"2025-08-14T01:37:10","slug":"ulkoasiainvaliokunta-kutsuttu-koolle-ensi-keskiviikoksi-uutisia-lyhyesti-2","status":"publish","type":"post","link":"https:\/\/www.europesays.com\/fi\/5048\/","title":{"rendered":"Ulkoasiainvaliokunta kutsuttu koolle ensi keskiviikoksi | Uutisia lyhyesti"},"content":{"rendered":"<p class=\"sc-jYczwO sc-dNFkOE bUKqJd eiHPxO yle__article__paragraph\">Syyn\u00e4 kokoontumiselle ovat ajankohtaiset asiat Ukrainan ja Gazan tilanteisiin liittyen.<\/p>\n<p><img decoding=\"async\" alt=\"Ulkoasiainvaliokunnan ulkopuolella on elektroniikan s\u00e4ilytykseen tarkoitettu lokerikko.\" src=\"https:\/\/www.europesays.com\/fi\/wp-content\/uploads\/2025\/08\/1755135430_939_39-922759621f7ce333b4f.jpeg\" class=\"sc-dntSTA iywpZY\"\/><\/p>\n<p>Avaa kuvien katselu<\/p>\n<p>Ulkoasiainvaliokunta on kutsuttu koolle ensi keskiviikoksi kesken eduskunnan istuntotauon. Kuva: Silja Viitala \/ Yle<\/p>\n<p>13.8. 8:45\u2022P\u00e4ivitetty 13.8. 8:57<\/p>\n<p class=\"sc-jYczwO sc-ciCoXh bUKqJd cIOueB yle__article__paragraph\">Ulkoasiainvaliokunta on kutsuttu koolle ensi keskiviikoksi kesken eduskunnan istuntotauon.<\/p>\n<p class=\"sc-jYczwO sc-ciCoXh bUKqJd cIOueB yle__article__paragraph\">Asiasta kertoo Ylelle valiokunnan puheenjohtaja <strong class=\"sc-eEHciv gtNhAX yle__article__strong\">Johannes Koskinen<\/strong> (sd.). Koskisen mukaan kokoontumisen syyn\u00e4 ovat merkitt\u00e4v\u00e4ss\u00e4 vaiheessa olevat tunnustelut Ukrainan tulitauon ja mahdollisen rauhan rakentamiseksi, sek\u00e4 Gazan k\u00e4rjistynyt tilanne.<\/p>\n<p class=\"sc-jYczwO sc-ciCoXh bUKqJd cIOueB yle__article__paragraph\">\u2013 Vaikka Suomi ei kummassakaan ole avaintekij\u00e4, Suomen kautta pystyt\u00e4\u00e4n vaikuttamaan siihen, mit\u00e4 EU tekee ja miten kummassakin kriisiss\u00e4 tulisi toimia, jotta p\u00e4\u00e4st\u00e4isiin kohti rahaa ja sotien lopettamista, Koskinen sanoi keskiviikkona <a class=\"sc-jDJeIs gotUgl yle__article__link\" href=\"https:\/\/areena.yle.fi\/1-2227354\" role=\"link\" rel=\"nofollow noopener\" target=\"_blank\">Ykk\u00f6saamun haastattelussa<\/a>.<\/p>\n<p class=\"sc-jYczwO sc-ciCoXh bUKqJd cIOueB yle__article__paragraph\">Koskisen mukaan ulkoasiainvaliokunnan ty\u00f6j\u00e4rjestyksess\u00e4 on otettu huomioon, ett\u00e4 se voi kokoontua istuntotaukojen aikana.<\/p>\n<p class=\"sc-jYczwO sc-ciCoXh bUKqJd cIOueB yle__article__paragraph\">\u2013 Viikon p\u00e4\u00e4st\u00e4 keskiviikkona saamme ulkoministerin raportit molemmista kriisitilanteista ja miten Suomi on toimimassa.<\/p>\n<p class=\"sc-jYczwO sc-ciCoXh bUKqJd cIOueB yle__article__paragraph\">Koskinen toteaa, ett\u00e4 kokouksessa keskustellaan todenn\u00e4k\u00f6isesti my\u00f6s Palestiinan mahdollisesta tunnustamisesta.<\/p>\n<p class=\"sc-jYczwO sc-ciCoXh bUKqJd cIOueB yle__article__paragraph\">\u2013 T\u00e4ss\u00e4h\u00e4n on se ongelma tiedossakin, ett\u00e4 hallituksen sis\u00e4ll\u00e4 on erimielisyytt\u00e4, mihin suuntaan Suomen pit\u00e4isi toimia.<\/p>\n","protected":false},"excerpt":{"rendered":"Syyn\u00e4 kokoontumiselle ovat ajankohtaiset asiat Ukrainan ja Gazan tilanteisiin liittyen. Avaa kuvien katselu Ulkoasiainvaliokunta on kutsuttu koolle ensi&hellip;\n","protected":false},"author":2,"featured_media":4361,"comment_status":"","ping_status":"","sticky":false,"template":"","format":"standard","meta":{"footnotes":""},"categories":[14],"tags":[22,23,26,27,33,31,30,17,71,992,24,25,28,29,15,18,21,637,32,19,20,1303,56,16,59,60,61],"class_list":{"0":"post-5048","1":"post","2":"type-post","3":"status-publish","4":"format-standard","5":"has-post-thumbnail","7":"category-ulkomaat","8":"tag-breaking-news","9":"tag-breakingnews","10":"tag-featured-news","11":"tag-featurednews","12":"tag-fi","13":"tag-finland","14":"tag-finnish","15":"tag-headlines","16":"tag-kotimaa","17":"tag-lahi-ita","18":"tag-latest-news","19":"tag-latestnews","20":"tag-main-news","21":"tag-mainnews","22":"tag-news","23":"tag-otsikot","24":"tag-paauutiset","25":"tag-politiikka","26":"tag-suomi","27":"tag-top-stories","28":"tag-topstories","29":"tag-ukraina","30":"tag-ulkomaat","31":"tag-uutiset","32":"tag-world","33":"tag-world-news","34":"tag-worldnews"},"share_on_mastodon":{"url":"","error":""},"_links":{"self":[{"href":"https:\/\/www.europesays.com\/fi\/wp-json\/wp\/v2\/posts\/5048","targetHints":{"allow":["GET"]}}],"collection":[{"href":"https:\/\/www.europesays.com\/fi\/wp-json\/wp\/v2\/posts"}],"about":[{"href":"https:\/\/www.europesays.com\/fi\/wp-json\/wp\/v2\/types\/post"}],"author":[{"embeddable":true,"href":"https:\/\/www.europesays.com\/fi\/wp-json\/wp\/v2\/users\/2"}],"replies":[{"embeddable":true,"href":"https:\/\/www.europesays.com\/fi\/wp-json\/wp\/v2\/comments?post=5048"}],"version-history":[{"count":0,"href":"https:\/\/www.europesays.com\/fi\/wp-json\/wp\/v2\/posts\/5048\/revisions"}],"wp:featuredmedia":[{"embeddable":true,"href":"https:\/\/www.europesays.com\/fi\/wp-json\/wp\/v2\/media\/4361"}],"wp:attachment":[{"href":"https:\/\/www.europesays.com\/fi\/wp-json\/wp\/v2\/media?parent=5048"}],"wp:term":[{"taxonomy":"category","embeddable":true,"href":"https:\/\/www.europesays.com\/fi\/wp-json\/wp\/v2\/categories?post=5048"},{"taxonomy":"post_tag","embeddable":true,"href":"https:\/\/www.europesays.com\/fi\/wp-json\/wp\/v2\/tags?post=5048"}],"curies":[{"name":"wp","href":"https:\/\/api.w.org\/{rel}","templated":true}]}}