{"id":50482,"date":"2025-10-01T11:37:08","date_gmt":"2025-10-01T11:37:08","guid":{"rendered":"https:\/\/www.europesays.com\/fi\/50482\/"},"modified":"2025-10-01T11:37:08","modified_gmt":"2025-10-01T11:37:08","slug":"kaipaatko-sisua-elamaasi-voit-nahda-jatko-osan-ennakkoon","status":"publish","type":"post","link":"https:\/\/www.europesays.com\/fi\/50482\/","title":{"rendered":"Kaipaatko Sisua el\u00e4m\u00e4\u00e4si? \u2013 Voit n\u00e4hd\u00e4 jatko-osan ennakkoon"},"content":{"rendered":"<p>Keskiviikkona 22. lokakuuta ensi-iltansa saava <strong>Jalmari Helanderin <\/strong>Sisu 2 on ker\u00e4nnyt jo melkoisia hehkutuksia niin maailmalla kuin my\u00f6s <a href=\"https:\/\/www.episodi.fi\/uutiset\/ra-loyto-sisu-2-on-rautainen-toimintaelokuva-joka-ylittaa-ensimmaisen-jokaisella-asteikolla\/\" target=\"_blank\" rel=\"noreferrer noopener nofollow\">Episodin toimituksessa<\/a>.<\/p>\n<p>Ennakkolipunmyynti k\u00e4ynnistyi t\u00e4n\u00e4\u00e4n, ja leffasta j\u00e4rjestet\u00e4\u00e4n my\u00f6s ennakkon\u00e4yt\u00f6s Helsingin Tennispalatsissa 21. lokakuuta.<\/p>\n<p>Lue my\u00f6s: <a href=\"https:\/\/www.episodi.fi\/uutiset\/ra-loyto-upeat-cannesissakin-menestyneet-gaalaelokuvat-tarjosivat-tanakin-vuonna-festarin-parhaita-kokemuksia\/\" title=\"R&amp;A -l\u00f6yt\u00f6: Upeat Cannesissakin menestyneet gaalaelokuvat tarjosivat t\u00e4n\u00e4kin vuonna festarin parhaita kokemuksia\" class=\"underline-custom !font-montserrat !font-bold !underline-offset-4 !decoration-4 !decoration-episodi-blue !text-md\" rel=\"nofollow noopener\" target=\"_blank\">R&amp;A -l\u00f6yt\u00f6: Upeat Cannesissakin menestyneet gaalaelokuvat tarjosivat t\u00e4n\u00e4kin vuonna festarin parhaita kokemuksia<\/a><\/p>\n<p>Lue my\u00f6s: <a href=\"https:\/\/www.episodi.fi\/uutiset\/ra-loyto-sisu-2-on-rautainen-toimintaelokuva-joka-ylittaa-ensimmaisen-jokaisella-asteikolla\/\" title=\"R&amp;A-l\u00f6yt\u00f6: Sisu 2 on rautainen toimintaelokuva, joka ylitt\u00e4\u00e4 ensimm\u00e4isen jokaisella asteikolla\" class=\"underline-custom !font-montserrat !font-bold !underline-offset-4 !decoration-4 !decoration-episodi-blue !text-md\" rel=\"nofollow noopener\" target=\"_blank\">R&amp;A-l\u00f6yt\u00f6: Sisu 2 on rautainen toimintaelokuva, joka ylitt\u00e4\u00e4 ensimm\u00e4isen jokaisella asteikolla<\/a><\/p>\n<p>Sisu 2:n Rotten Tomatoes -tuoreusarvo on edelleen t\u00e4ydet sata prosenttia, mutta sivustolla on vasta 16 kriitikon arviot. Lukema tulee luultavasti muuttumaan.<\/p>\n<p><strong>Jorma Tommilan<\/strong> ja <strong>Stephen Langin<\/strong> yhteenotosta povataan loppuvuoden suurimpia hittej\u00e4 Suomessa.<\/p>\n<p>Tsekkaa traileri alta.<\/p>\n<p><img loading=\"lazy\" decoding=\"async\" alt=\"YouTube video\" width=\"480\" height=\"360\" data-pin-nopin=\"true\" nopin=\"nopin\" class=\"perfmatters-lazy\" src=\"https:\/\/www.europesays.com\/fi\/wp-content\/uploads\/2025\/10\/1759318628_418_hqdefault.jpg\"\/><\/p>\n<p>Lue my\u00f6s: <a href=\"https:\/\/www.episodi.fi\/uutiskirje\/?uutiskirjemainos=tekstilinkkimainos\" title=\"Tilaa Episodin uutiskirje ja voit voittaa leffalippuja! Nappaa tv-vinkit suoraan s\u00e4hk\u00f6postiin t\u00e4st\u00e4.\" class=\"underline-custom !font-montserrat !font-bold !underline-offset-4 !decoration-4 !decoration-episodi-blue !text-md\" rel=\"nofollow noopener\" target=\"_blank\">Tilaa Episodin uutiskirje ja voit voittaa leffalippuja! Nappaa katseluvinkit suoraan s\u00e4hk\u00f6postiin t\u00e4st\u00e4.<\/a><\/p>\n","protected":false},"excerpt":{"rendered":"Keskiviikkona 22. lokakuuta ensi-iltansa saava Jalmari Helanderin Sisu 2 on ker\u00e4nnyt jo melkoisia hehkutuksia niin maailmalla kuin my\u00f6s&hellip;\n","protected":false},"author":2,"featured_media":50483,"comment_status":"","ping_status":"","sticky":false,"template":"","format":"standard","meta":{"footnotes":""},"categories":[131],"tags":[155,137,33,173,31,30,1487,3296,172,3298,32,1491,109],"class_list":{"0":"post-50482","1":"post","2":"type-post","3":"status-publish","4":"format-standard","5":"has-post-thumbnail","7":"category-elokuvat","8":"tag-elokuvat","9":"tag-entertainment","10":"tag-fi","11":"tag-film","12":"tag-finland","13":"tag-finnish","14":"tag-jalmari-helander","15":"tag-jorma-tommila","16":"tag-movies","17":"tag-sisu-2","18":"tag-suomi","19":"tag-toiminta","20":"tag-viihde"},"share_on_mastodon":{"url":"","error":""},"_links":{"self":[{"href":"https:\/\/www.europesays.com\/fi\/wp-json\/wp\/v2\/posts\/50482","targetHints":{"allow":["GET"]}}],"collection":[{"href":"https:\/\/www.europesays.com\/fi\/wp-json\/wp\/v2\/posts"}],"about":[{"href":"https:\/\/www.europesays.com\/fi\/wp-json\/wp\/v2\/types\/post"}],"author":[{"embeddable":true,"href":"https:\/\/www.europesays.com\/fi\/wp-json\/wp\/v2\/users\/2"}],"replies":[{"embeddable":true,"href":"https:\/\/www.europesays.com\/fi\/wp-json\/wp\/v2\/comments?post=50482"}],"version-history":[{"count":0,"href":"https:\/\/www.europesays.com\/fi\/wp-json\/wp\/v2\/posts\/50482\/revisions"}],"wp:featuredmedia":[{"embeddable":true,"href":"https:\/\/www.europesays.com\/fi\/wp-json\/wp\/v2\/media\/50483"}],"wp:attachment":[{"href":"https:\/\/www.europesays.com\/fi\/wp-json\/wp\/v2\/media?parent=50482"}],"wp:term":[{"taxonomy":"category","embeddable":true,"href":"https:\/\/www.europesays.com\/fi\/wp-json\/wp\/v2\/categories?post=50482"},{"taxonomy":"post_tag","embeddable":true,"href":"https:\/\/www.europesays.com\/fi\/wp-json\/wp\/v2\/tags?post=50482"}],"curies":[{"name":"wp","href":"https:\/\/api.w.org\/{rel}","templated":true}]}}