{"id":50489,"date":"2025-10-01T11:44:10","date_gmt":"2025-10-01T11:44:10","guid":{"rendered":"https:\/\/www.europesays.com\/fi\/50489\/"},"modified":"2025-10-01T11:44:10","modified_gmt":"2025-10-01T11:44:10","slug":"turkin-opposition-chpn-edustaja-emme-suostu-erdoganin-kesytettavaksi","status":"publish","type":"post","link":"https:\/\/www.europesays.com\/fi\/50489\/","title":{"rendered":"Turkin opposition CHP:n edustaja: Emme suostu Erdoganin kesytett\u00e4v\u00e4ksi"},"content":{"rendered":"<p>Turkin suurimmaksi puolueeksi noussut oppositiopuolue CHP aikoo yritt\u00e4\u00e4 suurta mullistusta presidentinvaaleissa.<\/p>\n<p class=\"article-body mb-nof-24 px-nof-16\">Viel\u00e4 viime vuonna Turkin p\u00e4\u00e4oppositiopuolue CHP tuuletti historiallista vaalivoittoa Turkin paikallisvaaleissa, kun se nousi ykk\u00f6spuolueeksi itsevaltaisen presidentin <a class=\"article-personlink\" href=\"https:\/\/www.is.fi\/haku\/?query=Recep%20Tayyip%20Erdoganin\" rel=\"nofollow noopener\" target=\"_blank\">Recep Tayyip Erdoganin<\/a> AK-puolueen ohi. Nyt oppositio on ajettu nurkkaan oppositio\u00adpormestarien vangitsemisilla sek\u00e4 jatkuvilla oikeudenk\u00e4ynneill\u00e4.<\/p>\n<p class=\"article-body mb-nof-24 px-nof-16\">CHP ei suostu Erdoganin kesytett\u00e4v\u00e4ksi, sanoi varapuheenjohtaja <a class=\"article-personlink\" href=\"https:\/\/www.is.fi\/haku\/?query=G%C3%B6kce%20G%C3%B6kcen\" rel=\"nofollow noopener\" target=\"_blank\">G\u00f6kce G\u00f6kcen<\/a> STT:n haastattelussa.<\/p>\n<p class=\"article-body mb-nof-24 px-nof-16\">\u2013\u2009Meit\u00e4 vastaan tehdyt operaatiot osoittavat, kuinka hallinto kipuilee demokraattisesti tapahtuneen muutoksen takia, G\u00f6kcen sanoi puhelimitse Turkin p\u00e4\u00e4kaupungista Ankarasta.<\/p>\n<p class=\"article-body mb-nof-24 px-nof-16\">\u2013\u2009Hallinto haluaa, ett\u00e4 me tekisimme politiikkaa Erdoganin piirt\u00e4mien rajojen sis\u00e4ll\u00e4. Me sanomme t\u00e4lle \u201dei\u201d, G\u00f6kcen sanoi.<\/p>\n<p class=\"article-body mb-nof-24 px-nof-16\">CHP eli Tasavaltalainen kansanpuolue oli onnistunut syrj\u00e4ytt\u00e4m\u00e4\u00e4n AK-puolueen ker\u00e4\u00e4m\u00e4ll\u00e4 valtakunnallisesti eniten \u00e4\u00e4ni\u00e4 ensimm\u00e4ist\u00e4 kertaa yli 20 vuoteen. T\u00e4m\u00e4 vahvisti sen asemia ennen vuoden 2028 presidentin- ja parlamenttivaaleja, uhaten Erdoganin ja islamilaiskonservatiivien valtakauden jatkumista.<\/p>\n<p class=\"article-body mb-nof-24 px-nof-16\">Istanbulin pormestarin sek\u00e4 CHP:n presidenttiehdokkaan <a class=\"article-personlink\" href=\"https:\/\/www.is.fi\/haku\/?query=Ekrem%20Imamoglun\" rel=\"nofollow noopener\" target=\"_blank\">Ekrem Imamoglun<\/a> vangitsemisesta tuli syyskuussa kuluneeksi puoli vuotta.<\/p>\n<p class=\"article-body mb-nof-24 px-nof-16\">EU:ssa on <a class=\"article-genericlink\" href=\"https:\/\/cor.europa.eu\/en\/news\/european-committee-regions-calls-immediate-release-turkish-mayors\" rel=\"nofollow noopener\" target=\"_blank\">tuomittu <\/a>Imamoglun ja muiden virkahenkil\u00f6iden vangitsemiset. Tuen osoituksena syyskuussa my\u00f6s Suomen suurl\u00e4hettil\u00e4s osallistui CHP:n puheenjohtajan <a class=\"article-personlink\" href=\"https:\/\/www.is.fi\/haku\/?query=%C3%96zg%C3%BCr%20%C3%96zelin\" rel=\"nofollow noopener\" target=\"_blank\">\u00d6zg\u00fcr \u00d6zelin<\/a> kanssa Ankarassa illalliselle, jossa paikalla oli Pohjoismaiden ja Baltian maiden suurl\u00e4hettil\u00e4it\u00e4.<\/p>\n<p class=\"article-body mb-nof-24 px-nof-16\">Virastaan pid\u00e4tetty\u00e4 Imamoglua on syytetty useammassa oikeudenk\u00e4ynniss\u00e4 muun muassa lahjusten vastaanottamisesta, rikollisj\u00e4rjest\u00f6n perustamisesta sek\u00e4 asiakirjan v\u00e4\u00e4rent\u00e4misest\u00e4.<\/p>\n<p class=\"article-body mb-nof-24 px-nof-16\">Imamoglu itse syytti <a class=\"article-genericlink\" href=\"https:\/\/www.theguardian.com\/commentisfree\/2025\/sep\/24\/mayor-istanbul-jail-ekrem-imamoglu-turkey-democracy\" rel=\"nofollow noopener\" target=\"_blank\">Guardian-lehdess\u00e4 julkaistussa kirjeess\u00e4\u00e4n<\/a> Erdogania oikeuslaitoksen k\u00e4ytt\u00e4misest\u00e4 aseena demokraattisesti valittua oppositiota vastaan.<\/p>\n<p class=\"article-body mb-nof-24 px-nof-16\">G\u00f6kcenin mukaan my\u00f6s 15 muuta CHP:n pormestaria tai kaupungin aluehallinnon johtajaa on otettu kiinni. <a class=\"article-genericlink\" href=\"https:\/\/www.reuters.com\/world\/middle-east\/turkey-detains-hundreds-erdogan-opponents-pursuit-octopus-corruption-2025-07-10\" rel=\"nofollow noopener\" target=\"_blank\">Reutersin laskujen mukaan <\/a>kes\u00e4\u00e4n menness\u00e4 oli otettu kiinni jo satoja ihmisi\u00e4 yhdeks\u00e4n kuukauden aikana.<\/p>\n<p><img decoding=\"async\" src=\"https:\/\/www.europesays.com\/fi\/wp-content\/uploads\/2025\/10\/1759319050_203_468.jpg\" alt=\"Turkin oppositiopuolue CHP:n varapuheenjohtaja G\u00f6kce G\u00f6kcen tiedotustilaisuudessa Ankarassa, Turkissa 18. syyskuuta 2025.\" class=\"_Img_1rerz_1\" style=\"aspect-ratio:1.5\" loading=\"eager\"\/><\/p>\n<p class=\"article-picture-caption\">Turkin oppositiopuolue CHP:n varapuheenjohtaja G\u00f6kce G\u00f6kcen tiedotustilaisuudessa Ankarassa, Turkissa 18. syyskuuta 2025. Kuva:\u00a0Dogusan Ozer \/ CUMHURIYET HALK PARTISI \/ Lehtikuva<\/p>\n<p class=\"article-body mb-nof-24 px-nof-16\">Hallinto ei uskaltaisi silti kielt\u00e4\u00e4 \u201dAtat\u00fcrkin puoluetta\u201d, monet uskovat.<\/p>\n<p class=\"article-body mb-nof-24 px-nof-16\">Lokakuun lopulla odotetaan kuitenkin tuomioistuimen p\u00e4\u00e4t\u00f6st\u00e4 oikeusjutussa, jossa haetaan muun muassa CHP:n puheenjohtajan \u00d6zg\u00fcr \u00d6zelin valinnan kumoamista kaksi vuotta sitten j\u00e4rjestetyss\u00e4 puoluekokouksessa.<\/p>\n<p class=\"article-body mb-nof-24 px-nof-16\">Kanteen nosti paikkansa menett\u00e4nyt CHP:n entinen pormestari, mutta oikeudenk\u00e4ynti\u00e4 pidet\u00e4\u00e4n laajasti poliittisesti motivoituneena.<\/p>\n<p class=\"article-body mb-nof-24 px-nof-16\">51-vuotias suorasanainen \u00d6zel joutui t\u00e4ht\u00e4imeen, sill\u00e4 h\u00e4n energisoi puoluetta, G\u00f6kcen uskoi.<\/p>\n<p class=\"article-body mb-nof-24 px-nof-16\">Takavuosina Erdogan pilkkasi Turkin maallistamista ajanutta CHP:t\u00e4 eliitin puolueeksi. Arvostelijoiden mukaan nyky-Turkin \u201dis\u00e4n\u201d <a class=\"article-personlink\" href=\"https:\/\/www.is.fi\/haku\/?query=Mustafa%20Kemal%20Atat%C3%BCrkin\" rel=\"nofollow noopener\" target=\"_blank\">Mustafa Kemal Atat\u00fcrkin<\/a> yli sata vuotta sitten perustama puolue oli vieraantunut p\u00e4\u00e4osin islaminuskoisesta kansasta.<\/p>\n<p class=\"article-body mb-nof-24 px-nof-16\">\u2013\u2009En\u00e4\u00e4 AKP:ll\u00e4 ei ole omia linnakkeitaan. Ei ole mit\u00e4\u00e4n paikkakuntaa, mihin CHP ei voisi jalkautua tai saada kannatusta, G\u00f6kcen sanoi.<\/p>\n<p class=\"article-body mb-nof-24 px-nof-16\">Imamoglun vangitsemisesta l\u00e4htien \u00d6zel on kutsunut koolle laajoja mielenosoituksia kahdesti viikossa jossain p\u00e4in Turkkia.<\/p>\n<p class=\"article-body mb-nof-24 px-nof-16\">G\u00f6kcenin mukaan puolue on toiveikas: valmistelut vuoden 2028 vaaleihin on jo k\u00e4ynnistetty yksityiskohtaisen hallitusohjelman laatimisella. CHP:n varjohallituksessa ministeripaikoista puolet menisi naisille, h\u00e4n sanoi.<\/p>\n<p class=\"article-body mb-nof-24 px-nof-16\">T\u00e4ll\u00e4 hetkell\u00e4 Turkin 17 ministerist\u00e4 vain yksi eli perheministeri on nainen.<\/p>\n<p class=\"article-body mb-nof-24 px-nof-16\">\u2013\u2009Lupasimme muutosta puolueessamme, mutta se oli vain yksi askel. Seuraava askel olisi muuttaa Turkkia, G\u00f6kcen sanoi.<\/p>\n","protected":false},"excerpt":{"rendered":"Turkin suurimmaksi puolueeksi noussut oppositiopuolue CHP aikoo yritt\u00e4\u00e4 suurta mullistusta presidentinvaaleissa. Viel\u00e4 viime vuonna Turkin p\u00e4\u00e4oppositiopuolue CHP tuuletti&hellip;\n","protected":false},"author":2,"featured_media":50490,"comment_status":"","ping_status":"","sticky":false,"template":"","format":"standard","meta":{"footnotes":""},"categories":[14],"tags":[22,23,26,27,33,31,30,17,34,24,25,28,29,15,18,21,32,19,20,56,16,59,60,61],"class_list":{"0":"post-50489","1":"post","2":"type-post","3":"status-publish","4":"format-standard","5":"has-post-thumbnail","7":"category-ulkomaat","8":"tag-breaking-news","9":"tag-breakingnews","10":"tag-featured-news","11":"tag-featurednews","12":"tag-fi","13":"tag-finland","14":"tag-finnish","15":"tag-headlines","16":"tag-ilta-sanomat","17":"tag-latest-news","18":"tag-latestnews","19":"tag-main-news","20":"tag-mainnews","21":"tag-news","22":"tag-otsikot","23":"tag-paauutiset","24":"tag-suomi","25":"tag-top-stories","26":"tag-topstories","27":"tag-ulkomaat","28":"tag-uutiset","29":"tag-world","30":"tag-world-news","31":"tag-worldnews"},"share_on_mastodon":{"url":"","error":""},"_links":{"self":[{"href":"https:\/\/www.europesays.com\/fi\/wp-json\/wp\/v2\/posts\/50489","targetHints":{"allow":["GET"]}}],"collection":[{"href":"https:\/\/www.europesays.com\/fi\/wp-json\/wp\/v2\/posts"}],"about":[{"href":"https:\/\/www.europesays.com\/fi\/wp-json\/wp\/v2\/types\/post"}],"author":[{"embeddable":true,"href":"https:\/\/www.europesays.com\/fi\/wp-json\/wp\/v2\/users\/2"}],"replies":[{"embeddable":true,"href":"https:\/\/www.europesays.com\/fi\/wp-json\/wp\/v2\/comments?post=50489"}],"version-history":[{"count":0,"href":"https:\/\/www.europesays.com\/fi\/wp-json\/wp\/v2\/posts\/50489\/revisions"}],"wp:featuredmedia":[{"embeddable":true,"href":"https:\/\/www.europesays.com\/fi\/wp-json\/wp\/v2\/media\/50490"}],"wp:attachment":[{"href":"https:\/\/www.europesays.com\/fi\/wp-json\/wp\/v2\/media?parent=50489"}],"wp:term":[{"taxonomy":"category","embeddable":true,"href":"https:\/\/www.europesays.com\/fi\/wp-json\/wp\/v2\/categories?post=50489"},{"taxonomy":"post_tag","embeddable":true,"href":"https:\/\/www.europesays.com\/fi\/wp-json\/wp\/v2\/tags?post=50489"}],"curies":[{"name":"wp","href":"https:\/\/api.w.org\/{rel}","templated":true}]}}