{"id":5049,"date":"2025-08-14T01:38:08","date_gmt":"2025-08-14T01:38:08","guid":{"rendered":"https:\/\/www.europesays.com\/fi\/5049\/"},"modified":"2025-08-14T01:38:08","modified_gmt":"2025-08-14T01:38:08","slug":"uusi-tutkimus-kesan-pitka-hellejakso-olisi-ollut-lahes-mahdoton-ilman-ilmastonmuutosta-kotimaa","status":"publish","type":"post","link":"https:\/\/www.europesays.com\/fi\/5049\/","title":{"rendered":"Uusi tutkimus: Kes\u00e4n pitk\u00e4 hellejakso olisi ollut l\u00e4hes mahdoton ilman ilmastonmuutosta | Kotimaa"},"content":{"rendered":"<p class=\"sc-jYczwO sc-dNFkOE bUKqJd eiHPxO yle__article__paragraph\">Kansainv\u00e4linen tutkijaryhm\u00e4 selvitti, mill\u00e4 tavalla ilmastonmuutos vaikutti hein\u00e4kuun yli 30 asteen hellejaksoon Suomessa.<\/p>\n<p><img decoding=\"async\" alt=\"Poroja Ranuantiell\u00e4 Rovaniemell\u00e4.\" src=\"https:\/\/www.europesays.com\/fi\/wp-content\/uploads\/2025\/08\/39-14996486887679f358e8.jpeg\" class=\"sc-dntSTA iywpZY\"\/><\/p>\n<p>Avaa kuvien katselu<\/p>\n<p>Rovaniemell\u00e4 hein\u00e4kuun helle sai porot hakeutumaan kaupunkialueelle varjoon. Kuva: Vesa-Pekka Hiltunen \/ YleJuttu tiivistettyn\u00e4<\/p>\n<ul class=\"sc-dMmcxd iwejNa yle__article__list yle__article__list--ul\">\n<li class=\"sc-fGqoZs ftBuqH\">Ilmastonmuutos nosti hein\u00e4kuun helleaallon l\u00e4mp\u00f6tiloja noin kaksi astetta ja teki sen v\u00e4hint\u00e4\u00e4n kymmenen kertaa todenn\u00e4k\u00f6isemm\u00e4ksi.<\/li>\n<li class=\"sc-fGqoZs ftBuqH\">Tutkimuksessa arvioitiin, ett\u00e4 ilman ilmastonmuutosta hellejakso olisi ollut l\u00e4hes mahdoton tapahtuma.<\/li>\n<li class=\"sc-fGqoZs ftBuqH\">Kes\u00e4ll\u00e4 Suomessa mitattiin 22 per\u00e4kk\u00e4ist\u00e4 p\u00e4iv\u00e4\u00e4, jolloin l\u00e4mp\u00f6tila ylitti 30 astetta, rikkoen aiemman enn\u00e4tyksen.<\/li>\n<li class=\"sc-fGqoZs ftBuqH\">Tutkijat varoittavat, ett\u00e4 voimakkaisiin helteisiin on varauduttava aiempaa paremmin Pohjoismaissa.<\/li>\n<\/ul>\n<p class=\"sc-jYczwO sc-ciCoXh bUKqJd cIOueB yle__article__paragraph\">T\u00e4m\u00e4 on teko\u00e4lyn avulla tuotettu, toimittajan tarkistama tiivistelm\u00e4.<\/p>\n<p class=\"sc-jYczwO sc-ciCoXh bUKqJd cIOueB yle__article__paragraph\">Ilmastonmuutos teki hein\u00e4kuun helleaallosta noin kaksi astetta kuumemman ja v\u00e4hint\u00e4\u00e4n kymmenen kertaa todenn\u00e4k\u00f6isemm\u00e4n kuin ilman sit\u00e4, uusi kansainv\u00e4linen tutkimus kertoo.<\/p>\n<p class=\"sc-jYczwO sc-ciCoXh bUKqJd cIOueB yle__article__paragraph\">Ilman ilmastonmuutosta hein\u00e4kuussa koettu kahden viikon hellejakso olisi ollut tutkijoiden mukaan l\u00e4hes mahdoton tapahtuma.<\/p>\n<p class=\"sc-jYczwO sc-ciCoXh bUKqJd cIOueB yle__article__paragraph\">\u2013 Arvion mukaan hellejakso oli v\u00e4hint\u00e4\u00e4n kymmenen kertaa todenn\u00e4k\u00f6isempi ilmastonmuutoksen seurauksena. Todellinen luku on todenn\u00e4k\u00f6isesti t\u00e4t\u00e4 suurempi, sill\u00e4 esiteollisessa ilmastossa n\u00e4in korkeat l\u00e4mp\u00f6tilat olisivat olleet k\u00e4yt\u00e4nn\u00f6ss\u00e4 mahdottomia, Ilmatieteen laitoksen tutkija <strong class=\"sc-eEHciv gtNhAX yle__article__strong\">Mika Rantanen<\/strong> kertoo tiedotteessa.<\/p>\n<p class=\"sc-jYczwO sc-ciCoXh bUKqJd cIOueB yle__article__paragraph\">Ilmatieteen laitos oli mukana tutkimuksen toteuttaneessa World Weather Attribution -ryhm\u00e4ss\u00e4, johon osallistui 24 tutkijaa eri puolilta maailmaa. Tutkijaryhm\u00e4 selvitti ilmastonmuutoksen vaikutusta kahden viikon poikkeukselliseen hellejaksoon Suomessa, Norjassa ja Ruotsissa.<\/p>\n<p>Pitk\u00e4 helleputki rikkoi enn\u00e4tyksi\u00e4<\/p>\n<p class=\"sc-jYczwO sc-ciCoXh bUKqJd cIOueB yle__article__paragraph\">Hein\u00e4kuun poikkeuksellisen helteen aikana l\u00e4mp\u00f6tilat nousivat monin paikoin yli 30 asteeseen. Suomessa mitattiin hein\u00e4kuun 12. p\u00e4iv\u00e4st\u00e4 alkaen 22 per\u00e4kk\u00e4ist\u00e4 p\u00e4iv\u00e4\u00e4, jolloin koko maan ylin l\u00e4mp\u00f6tila ylitti 30 astetta.<\/p>\n<p class=\"sc-jYczwO sc-ciCoXh bUKqJd cIOueB yle__article__paragraph\">Mittaushistorian edellinen yli 30 asteen helle-enn\u00e4tys oli 13 p\u00e4iv\u00e4n putki vuodelta 1972.<\/p>\n<p class=\"sc-jYczwO sc-ciCoXh bUKqJd cIOueB yle__article__paragraph\">Suomen kes\u00e4iset l\u00e4mp\u00f6enn\u00e4tykset ovat siirtym\u00e4ss\u00e4 tutkijan mukaan luonnollisen vaihtelun ulkopuolelle.<\/p>\n<p class=\"sc-jYczwO sc-ciCoXh bUKqJd cIOueB yle__article__paragraph\">\u2013 Kes\u00e4 2024 oli l\u00e4mpimin kahteen tuhanteen vuoteen, ja t\u00e4n\u00e4 vuonna koimme <a class=\"sc-jDJeIs gotUgl yle__article__link\" href=\"https:\/\/yle.fi\/a\/74-20175972\" role=\"link\" rel=\"nofollow noopener\" target=\"_blank\">Lapin mittaushistorian pisimm\u00e4n helleaallon<\/a>, Rantanen kertoo.<\/p>\n<p class=\"sc-jYczwO sc-ciCoXh bUKqJd cIOueB yle__article__paragraph\">My\u00f6s pohjoisessa oli poikkeuksellinen kuuma kes\u00e4. Lapissa Ylitorniolla l\u00e4mp\u00f6tila ylitti 25 astetta per\u00e4ti 26 p\u00e4iv\u00e4n\u00e4 putkeen, ja Norjan puolella Namsskoganissa ja Gartlandissa l\u00e4mp\u00f6tila kohosi 30 asteeseen jopa 13 p\u00e4iv\u00e4n ajaksi per\u00e4kk\u00e4in.<\/p>\n<p>Jatkossa pit\u00e4\u00e4 varautua voimakkaisiin helteisiin<\/p>\n<p class=\"sc-jYczwO sc-ciCoXh bUKqJd cIOueB yle__article__paragraph\">L\u00e4mpim\u00e4ss\u00e4 vedess\u00e4 on mukava uida, mutta pitkittyviin helteisiin liittyy my\u00f6s vakavia ongelmia.<\/p>\n<p class=\"sc-jYczwO sc-ciCoXh bUKqJd cIOueB yle__article__paragraph\">Hein\u00e4kuun hellejakso kuormitti terveydenhuoltoa ja <a class=\"sc-jDJeIs gotUgl yle__article__link\" href=\"https:\/\/yle.fi\/a\/74-20173476\" role=\"link\" rel=\"nofollow noopener\" target=\"_blank\">lis\u00e4si hukkumisia<\/a>. Kuumuus my\u00f6s synnytti sinilev\u00e4kukintoja ja lis\u00e4si maastopalojen riski\u00e4. Lapissa helle sai <a class=\"sc-jDJeIs gotUgl yle__article__link\" href=\"https:\/\/yle.fi\/a\/74-20175126\" role=\"link\" rel=\"nofollow noopener\" target=\"_blank\">porot hakeutumaan kaupunkialueille varjoon<\/a>.<\/p>\n<p class=\"sc-jYczwO sc-ciCoXh bUKqJd cIOueB yle__article__paragraph\">Kuumuus uhkaa my\u00f6s ekosysteemej\u00e4: se voi aiheuttaa lev\u00e4kukintoja, muuttaa lajien levinneisyysalueita, kiihdytt\u00e4\u00e4 mets\u00e4palojen riski\u00e4 ja sulattaa ikiroutaa, jolloin vapautuu metaania.<\/p>\n<p class=\"sc-jYczwO sc-ciCoXh bUKqJd cIOueB yle__article__paragraph\">Tutkijat korostavat, ett\u00e4 Pohjoismaissa tarvitaan lis\u00e4\u00e4 varautumista voimakkaisiin helteisiin.<\/p>\n","protected":false},"excerpt":{"rendered":"Kansainv\u00e4linen tutkijaryhm\u00e4 selvitti, mill\u00e4 tavalla ilmastonmuutos vaikutti hein\u00e4kuun yli 30 asteen hellejaksoon Suomessa. Avaa kuvien katselu Rovaniemell\u00e4 hein\u00e4kuun&hellip;\n","protected":false},"author":2,"featured_media":5050,"comment_status":"","ping_status":"","sticky":false,"template":"","format":"standard","meta":{"footnotes":""},"categories":[12],"tags":[22,23,26,27,33,31,30,17,1709,1096,1776,2578,71,24,25,28,29,15,18,21,710,32,119,19,20,16],"class_list":{"0":"post-5049","1":"post","2":"type-post","3":"status-publish","4":"format-standard","5":"has-post-thumbnail","7":"category-suomi","8":"tag-breaking-news","9":"tag-breakingnews","10":"tag-featured-news","11":"tag-featurednews","12":"tag-fi","13":"tag-finland","14":"tag-finnish","15":"tag-headlines","16":"tag-helle","17":"tag-ilmasto","18":"tag-ilmastonmuutos","19":"tag-ilmatieteen-laitos","20":"tag-kotimaa","21":"tag-latest-news","22":"tag-latestnews","23":"tag-main-news","24":"tag-mainnews","25":"tag-news","26":"tag-otsikot","27":"tag-paauutiset","28":"tag-saa","29":"tag-suomi","30":"tag-tiede","31":"tag-top-stories","32":"tag-topstories","33":"tag-uutiset"},"share_on_mastodon":{"url":"","error":""},"_links":{"self":[{"href":"https:\/\/www.europesays.com\/fi\/wp-json\/wp\/v2\/posts\/5049","targetHints":{"allow":["GET"]}}],"collection":[{"href":"https:\/\/www.europesays.com\/fi\/wp-json\/wp\/v2\/posts"}],"about":[{"href":"https:\/\/www.europesays.com\/fi\/wp-json\/wp\/v2\/types\/post"}],"author":[{"embeddable":true,"href":"https:\/\/www.europesays.com\/fi\/wp-json\/wp\/v2\/users\/2"}],"replies":[{"embeddable":true,"href":"https:\/\/www.europesays.com\/fi\/wp-json\/wp\/v2\/comments?post=5049"}],"version-history":[{"count":0,"href":"https:\/\/www.europesays.com\/fi\/wp-json\/wp\/v2\/posts\/5049\/revisions"}],"wp:featuredmedia":[{"embeddable":true,"href":"https:\/\/www.europesays.com\/fi\/wp-json\/wp\/v2\/media\/5050"}],"wp:attachment":[{"href":"https:\/\/www.europesays.com\/fi\/wp-json\/wp\/v2\/media?parent=5049"}],"wp:term":[{"taxonomy":"category","embeddable":true,"href":"https:\/\/www.europesays.com\/fi\/wp-json\/wp\/v2\/categories?post=5049"},{"taxonomy":"post_tag","embeddable":true,"href":"https:\/\/www.europesays.com\/fi\/wp-json\/wp\/v2\/tags?post=5049"}],"curies":[{"name":"wp","href":"https:\/\/api.w.org\/{rel}","templated":true}]}}