{"id":50491,"date":"2025-10-01T11:45:07","date_gmt":"2025-10-01T11:45:07","guid":{"rendered":"https:\/\/www.europesays.com\/fi\/50491\/"},"modified":"2025-10-01T11:45:07","modified_gmt":"2025-10-01T11:45:07","slug":"wetterin-muutosneuvottelut-ovat-paattyneet-uutisia-lyhyesti","status":"publish","type":"post","link":"https:\/\/www.europesays.com\/fi\/50491\/","title":{"rendered":"Wetterin muutosneuvottelut ovat p\u00e4\u00e4ttyneet | Uutisia lyhyesti"},"content":{"rendered":"<p class=\"aw-1gybjub aw-5vja16 cmIuaG zKETg yle__article__paragraph\">Neuvotteluissa p\u00e4\u00e4dyttiin yli viidenkymmenen henkil\u00f6ty\u00f6vuoden henkil\u00f6st\u00f6v\u00e4hennyksiin. <\/p>\n<p class=\"aw-1gybjub aw-1p7kakr cmIuaG fmSRng yle__article__paragraph\">Autoalalla toimivan Wetterin muutosneuvottelut ovat p\u00e4\u00e4ttyneet.<\/p>\n<p class=\"aw-1gybjub aw-1p7kakr cmIuaG fmSRng yle__article__paragraph\">Yhti\u00f6n tiedotteen mukaan neuvotteluissa p\u00e4\u00e4dyttiin 52:n henkil\u00f6ty\u00f6vuoden henkil\u00f6st\u00f6v\u00e4hennyksiin sek\u00e4 44:\u00e4\u00e4n olennaiseen teht\u00e4v\u00e4muutokseen.<\/p>\n<p class=\"aw-1gybjub aw-1p7kakr cmIuaG fmSRng yle__article__paragraph\">Yhti\u00f6n mukaan henkil\u00f6st\u00f6v\u00e4hennyksien ja uudelleenorganisoinnin tavoitteena on sopeuttaa yhti\u00f6n kustannuksia.<\/p>\n<p class=\"aw-1gybjub aw-1p7kakr cmIuaG fmSRng yle__article__paragraph\">Wetteri kertoo, ett\u00e4 sopeuttamistoimenpiteiden vuotuiset s\u00e4\u00e4st\u00f6t ovat arviolta noin nelj\u00e4 miljoonaa euroa.<\/p>\n<p class=\"aw-1gybjub aw-1p7kakr cmIuaG fmSRng yle__article__paragraph\">Wetterin toimitusjohtajan <strong class=\"aw-ak79eh KyCXm yle__article__strong\">Pietu Parikan<\/strong> mukaan uusi organisaatio aloittaa t\u00e4st\u00e4 p\u00e4iv\u00e4st\u00e4 alkaen.<\/p>\n<p class=\"aw-1gybjub aw-1p7kakr cmIuaG fmSRng yle__article__paragraph\">\u2013 Wetterin uuden organisaation tavoitteena on tehostaa yhti\u00f6n toimintaa, rakentaa kannattavaa kasvua sek\u00e4 vauhdittaa pian julkaistavan strategian toteuttamista, toteaa Parikka tiedotteessa.<\/p>\n<p class=\"aw-1gybjub aw-1p7kakr cmIuaG fmSRng yle__article__paragraph\">Neuvotteluiden piiriss\u00e4 oli 775 ty\u00f6ntekij\u00e4st\u00e4 noin 410 ty\u00f6ntekij\u00e4\u00e4.<\/p>\n<p class=\"aw-1gybjub aw-1p7kakr cmIuaG fmSRng yle__article__paragraph\"><a class=\"aw-iao6s4 iHOxEa yle__article__link\" href=\"https:\/\/yle.fi\/a\/74-20179565\" role=\"link\" rel=\"nofollow noopener\" target=\"_blank\">Elokuussa yhti\u00f6 kertoi<\/a>, ett\u00e4 arvion mukaan v\u00e4hennystarve olisi 55 henkil\u00f6ty\u00f6vuotta.<\/p>\n","protected":false},"excerpt":{"rendered":"Neuvotteluissa p\u00e4\u00e4dyttiin yli viidenkymmenen henkil\u00f6ty\u00f6vuoden henkil\u00f6st\u00f6v\u00e4hennyksiin. Autoalalla toimivan Wetterin muutosneuvottelut ovat p\u00e4\u00e4ttyneet. Yhti\u00f6n tiedotteen mukaan neuvotteluissa p\u00e4\u00e4dyttiin 52:n&hellip;\n","protected":false},"author":2,"featured_media":74,"comment_status":"","ping_status":"","sticky":false,"template":"","format":"standard","meta":{"footnotes":""},"categories":[12],"tags":[22,23,26,27,33,31,30,17,71,24,25,28,29,15,18,21,728,32,78,19,20,16],"class_list":{"0":"post-50491","1":"post","2":"type-post","3":"status-publish","4":"format-standard","5":"has-post-thumbnail","7":"category-suomi","8":"tag-breaking-news","9":"tag-breakingnews","10":"tag-featured-news","11":"tag-featurednews","12":"tag-fi","13":"tag-finland","14":"tag-finnish","15":"tag-headlines","16":"tag-kotimaa","17":"tag-latest-news","18":"tag-latestnews","19":"tag-main-news","20":"tag-mainnews","21":"tag-news","22":"tag-otsikot","23":"tag-paauutiset","24":"tag-pohjois-pohjanmaa","25":"tag-suomi","26":"tag-talous","27":"tag-top-stories","28":"tag-topstories","29":"tag-uutiset"},"share_on_mastodon":{"url":"","error":""},"_links":{"self":[{"href":"https:\/\/www.europesays.com\/fi\/wp-json\/wp\/v2\/posts\/50491","targetHints":{"allow":["GET"]}}],"collection":[{"href":"https:\/\/www.europesays.com\/fi\/wp-json\/wp\/v2\/posts"}],"about":[{"href":"https:\/\/www.europesays.com\/fi\/wp-json\/wp\/v2\/types\/post"}],"author":[{"embeddable":true,"href":"https:\/\/www.europesays.com\/fi\/wp-json\/wp\/v2\/users\/2"}],"replies":[{"embeddable":true,"href":"https:\/\/www.europesays.com\/fi\/wp-json\/wp\/v2\/comments?post=50491"}],"version-history":[{"count":0,"href":"https:\/\/www.europesays.com\/fi\/wp-json\/wp\/v2\/posts\/50491\/revisions"}],"wp:featuredmedia":[{"embeddable":true,"href":"https:\/\/www.europesays.com\/fi\/wp-json\/wp\/v2\/media\/74"}],"wp:attachment":[{"href":"https:\/\/www.europesays.com\/fi\/wp-json\/wp\/v2\/media?parent=50491"}],"wp:term":[{"taxonomy":"category","embeddable":true,"href":"https:\/\/www.europesays.com\/fi\/wp-json\/wp\/v2\/categories?post=50491"},{"taxonomy":"post_tag","embeddable":true,"href":"https:\/\/www.europesays.com\/fi\/wp-json\/wp\/v2\/tags?post=50491"}],"curies":[{"name":"wp","href":"https:\/\/api.w.org\/{rel}","templated":true}]}}