{"id":50494,"date":"2025-10-01T11:51:20","date_gmt":"2025-10-01T11:51:20","guid":{"rendered":"https:\/\/www.europesays.com\/fi\/50494\/"},"modified":"2025-10-01T11:51:20","modified_gmt":"2025-10-01T11:51:20","slug":"nasin-puistosilta-tampereen-kaupunki-luonto-ja-ymparisto","status":"publish","type":"post","link":"https:\/\/www.europesays.com\/fi\/50494\/","title":{"rendered":"N\u00e4sin puistosilta [Tampereen kaupunki &#8211; Luonto ja ymp\u00e4rist\u00f6"},"content":{"rendered":"<p>                                                                  Millainen puisto on?<\/p>\n<p>N\u00e4sij\u00e4rven puoleinen entinen ajoneuvosilta palvelee uudistettuna vapaa-ajan ja virkistyksen alueena sek\u00e4 k\u00e4velyreittin\u00e4. Tammerkosken l\u00e4nsipuolella Ranta-Tampellan ja S\u00e4rk\u00e4nniemen v\u00e4liss\u00e4 sijaitseva puistosilta on osa N\u00e4sij\u00e4rve\u00e4, Pyh\u00e4j\u00e4rve\u00e4 ja Tammerkoskea my\u00f6t\u00e4ilev\u00e4\u00e4 rantareitist\u00f6\u00e4.<\/p>\n<p>Kaikkiaan 225 metri\u00e4 pitk\u00e4 ja reilut 14 metri\u00e4 leve\u00e4 silta on jaettu erilaisiin liikkumisen- ja oleskelun alueisiin. Tekemist\u00e4 tarjoavat muun muassa isot keinut ja kumpuileva asfalttireitti, jossa voi skuuttailla tai ottaa vaikka juoksuspurtteja valmiiksi merkattujen metrim\u00e4\u00e4rien mukaan.<\/p>\n<p>Viihtyisyytt\u00e4 lis\u00e4\u00e4 puistomaiseksi rakennettu ymp\u00e4rist\u00f6 v\u00e4rikk\u00e4ine asfalttimaalauksineen, piknik-p\u00f6ytineen, puuterasseineen ja istutuksineen, jotka kasvaessaan tuovat vehreytt\u00e4 rantamaisemaan.<\/p>\n<p>Milt\u00e4 puistossa n\u00e4ytt\u00e4\u00e4?<\/p>\n","protected":false},"excerpt":{"rendered":"Millainen puisto on? N\u00e4sij\u00e4rven puoleinen entinen ajoneuvosilta palvelee uudistettuna vapaa-ajan ja virkistyksen alueena sek\u00e4 k\u00e4velyreittin\u00e4. Tammerkosken l\u00e4nsipuolella Ranta-Tampellan&hellip;\n","protected":false},"author":2,"featured_media":50495,"comment_status":"","ping_status":"","sticky":false,"template":"","format":"standard","meta":{"footnotes":""},"categories":[113],"tags":[446,33,31,30,118,32,119,447],"class_list":{"0":"post-50494","1":"post","2":"type-post","3":"status-publish","4":"format-standard","5":"has-post-thumbnail","7":"category-ymparisto","8":"tag-environment","9":"tag-fi","10":"tag-finland","11":"tag-finnish","12":"tag-science","13":"tag-suomi","14":"tag-tiede","15":"tag-ymparisto"},"share_on_mastodon":{"url":"","error":""},"_links":{"self":[{"href":"https:\/\/www.europesays.com\/fi\/wp-json\/wp\/v2\/posts\/50494","targetHints":{"allow":["GET"]}}],"collection":[{"href":"https:\/\/www.europesays.com\/fi\/wp-json\/wp\/v2\/posts"}],"about":[{"href":"https:\/\/www.europesays.com\/fi\/wp-json\/wp\/v2\/types\/post"}],"author":[{"embeddable":true,"href":"https:\/\/www.europesays.com\/fi\/wp-json\/wp\/v2\/users\/2"}],"replies":[{"embeddable":true,"href":"https:\/\/www.europesays.com\/fi\/wp-json\/wp\/v2\/comments?post=50494"}],"version-history":[{"count":0,"href":"https:\/\/www.europesays.com\/fi\/wp-json\/wp\/v2\/posts\/50494\/revisions"}],"wp:featuredmedia":[{"embeddable":true,"href":"https:\/\/www.europesays.com\/fi\/wp-json\/wp\/v2\/media\/50495"}],"wp:attachment":[{"href":"https:\/\/www.europesays.com\/fi\/wp-json\/wp\/v2\/media?parent=50494"}],"wp:term":[{"taxonomy":"category","embeddable":true,"href":"https:\/\/www.europesays.com\/fi\/wp-json\/wp\/v2\/categories?post=50494"},{"taxonomy":"post_tag","embeddable":true,"href":"https:\/\/www.europesays.com\/fi\/wp-json\/wp\/v2\/tags?post=50494"}],"curies":[{"name":"wp","href":"https:\/\/api.w.org\/{rel}","templated":true}]}}