{"id":50498,"date":"2025-10-01T12:00:09","date_gmt":"2025-10-01T12:00:09","guid":{"rendered":"https:\/\/www.europesays.com\/fi\/50498\/"},"modified":"2025-10-01T12:00:09","modified_gmt":"2025-10-01T12:00:09","slug":"laskelmoitko-aihevalinnassa-palkittu-kirjailija-iida-turpeinen","status":"publish","type":"post","link":"https:\/\/www.europesays.com\/fi\/50498\/","title":{"rendered":"Laskelmoitko aihevalinnassa, palkittu kirjailija Iida Turpeinen?"},"content":{"rendered":"<p><b>K\u00e4sittelet kirjassasi <\/b><b>Elolliset <\/b><b>luontokatoa ja teet v\u00e4it\u00f6skirjaa luonnontieteiden ja kirjallisuuden risteymist\u00e4. Kerro meille, miten luontokadosta pit\u00e4isi puhua.<\/b><\/p>\n<p>Hirve\u00e4 kysymys, en tied\u00e4! Jos tiet\u00e4isin, olisin huutamassa vastausta toreilla ja turuilla. Halusin v\u00e4ltt\u00e4\u00e4 l\u00e4hestymistapaa, jossa urbaani milleniaali ahdistuu kaupassa, kun ei tied\u00e4, pit\u00e4isik\u00f6 ostaa kaura- vai soijamaitoa. L\u00e4hdin katsomaan historiasta k\u00e4sin, kuinka olemme p\u00e4\u00e4tyneet nykyiseen pisteeseen. Se oli avartavaa. En tiennyt aloittaessani, ett\u00e4 vasta 1800-luvulla tajuttiin, ett\u00e4 sukupuutto on ylip\u00e4\u00e4t\u00e4\u00e4n mahdollinen.<\/p>\n<p><b>Ymp\u00e4rist\u00f6 on muotiaihe. Laskelmoitko aiheenvalinnassa?<\/b><\/p>\n<p>Kun kirjoitin, kukaan ei sanonut, ett\u00e4 ai vitsi, oletpa keksinyt tosi mediaseksikk\u00e4\u00e4n aiheen, 1700-luvulla sukupuuttoon kuolleen merinis\u00e4kk\u00e4\u00e4n. Kun \u00e4itini kertoi ymp\u00e4rist\u00f6tutkimuksen alan kollegoilleen aiheestani, he sanoivat, ett\u00e4 kirjan tulee lukemaan noin kolme ihmist\u00e4. Markkinointipuolella on mietitty, miten Elollisia voisi markkinoida mainitsematta sukupuuttoa tai luontokatoa, koska kuka haluaa lukea n\u00e4in masentavista aiheista.\u00a0Jos olisin laskelmoinut, olisin yritt\u00e4nyt kirjoittaa vet\u00e4v\u00e4n dekkarin luontokadosta. Se olisikin ollut hyv\u00e4 idea, olisi pit\u00e4nyt tajuta!<\/p>\n<p>MAINOS. Juttu jatkuu mainoksen j\u00e4lkeen.<\/p>\n<p><a data-no-instant=\"1\" href=\"https:\/\/serlachius.fi\/nayttely\/viljami-heinonen\/\" class=\"adv-link external\" aria-label=\"Heinonen_1000x650_serlachius\" rel=\"nofollow noopener\" target=\"_blank\"><img loading=\"lazy\" decoding=\"async\" data-lazyloaded=\"1\" src=\"https:\/\/www.europesays.com\/fi\/wp-content\/uploads\/2025\/10\/heinonen-1000x650-serlachius.jpg\" alt=\"\"  data- width=\"1000\" height=\"650\"\/><\/a><\/p>\n<p><b>Kirjallisuutta ei lue Suomessa en\u00e4\u00e4 kukaan. T\u00e4n\u00e4 syksyn\u00e4<\/b><b> Elolliset<\/b><b> ilmestyy kuitenkin yli kymmenen\u00e4 uutena k\u00e4\u00e4nn\u00f6ksen\u00e4. Ollaanko muualla maailmassa valveutuneempia?<\/b><\/p>\n<p>Kirjallisuutta on oltu kuoppaamassa aina. Radion ja telkkarin piti tappaa kirjallisuus, ja nyt kirjallisuus voidaan kuopata, kun meill\u00e4 on teko\u00e4ly. Suomessa kirjailija kiinnostaa paljon, Saksassa ei ket\u00e4\u00e4n. Siell\u00e4 minulta kysyt\u00e4\u00e4n kysymys tai kaksi, ja sitten saksankielinen n\u00e4yttelij\u00e4 lukee kirjaani, ja istun lavalla kuuntelemassa. Erilaisuuteen meni hetki tottua, mutta se on mahtavaa.<\/p>\n<p><a class=\"authoravatar\" href=\"https:\/\/voima.fi\/author\/venlavalikangas\/\" title=\"Venla V\u00e4likangas\" rel=\"nofollow noopener\" target=\"_blank\"><img loading=\"lazy\" decoding=\"async\" data-lazyloaded=\"1\" alt=\"\" src=\"https:\/\/www.europesays.com\/fi\/wp-content\/uploads\/2025\/09\/tyhjalogo-160x160.png\"  class=\"avatar avatar-128 photo\" height=\"128\" width=\"128\"\/><\/a><\/p>\n","protected":false},"excerpt":{"rendered":"K\u00e4sittelet kirjassasi Elolliset luontokatoa ja teet v\u00e4it\u00f6skirjaa luonnontieteiden ja kirjallisuuden risteymist\u00e4. Kerro meille, miten luontokadosta pit\u00e4isi puhua. Hirve\u00e4&hellip;\n","protected":false},"author":2,"featured_media":50499,"comment_status":"","ping_status":"","sticky":false,"template":"","format":"standard","meta":{"footnotes":""},"categories":[134],"tags":[377,137,33,31,30,378,32,109],"class_list":{"0":"post-50498","1":"post","2":"type-post","3":"status-publish","4":"format-standard","5":"has-post-thumbnail","7":"category-kirjat","8":"tag-books","9":"tag-entertainment","10":"tag-fi","11":"tag-finland","12":"tag-finnish","13":"tag-kirjat","14":"tag-suomi","15":"tag-viihde"},"share_on_mastodon":{"url":"","error":""},"_links":{"self":[{"href":"https:\/\/www.europesays.com\/fi\/wp-json\/wp\/v2\/posts\/50498","targetHints":{"allow":["GET"]}}],"collection":[{"href":"https:\/\/www.europesays.com\/fi\/wp-json\/wp\/v2\/posts"}],"about":[{"href":"https:\/\/www.europesays.com\/fi\/wp-json\/wp\/v2\/types\/post"}],"author":[{"embeddable":true,"href":"https:\/\/www.europesays.com\/fi\/wp-json\/wp\/v2\/users\/2"}],"replies":[{"embeddable":true,"href":"https:\/\/www.europesays.com\/fi\/wp-json\/wp\/v2\/comments?post=50498"}],"version-history":[{"count":0,"href":"https:\/\/www.europesays.com\/fi\/wp-json\/wp\/v2\/posts\/50498\/revisions"}],"wp:featuredmedia":[{"embeddable":true,"href":"https:\/\/www.europesays.com\/fi\/wp-json\/wp\/v2\/media\/50499"}],"wp:attachment":[{"href":"https:\/\/www.europesays.com\/fi\/wp-json\/wp\/v2\/media?parent=50498"}],"wp:term":[{"taxonomy":"category","embeddable":true,"href":"https:\/\/www.europesays.com\/fi\/wp-json\/wp\/v2\/categories?post=50498"},{"taxonomy":"post_tag","embeddable":true,"href":"https:\/\/www.europesays.com\/fi\/wp-json\/wp\/v2\/tags?post=50498"}],"curies":[{"name":"wp","href":"https:\/\/api.w.org\/{rel}","templated":true}]}}