{"id":50500,"date":"2025-10-01T12:02:10","date_gmt":"2025-10-01T12:02:10","guid":{"rendered":"https:\/\/www.europesays.com\/fi\/50500\/"},"modified":"2025-10-01T12:02:10","modified_gmt":"2025-10-01T12:02:10","slug":"yle-paljasti-ensimmaiset-tiedot-tulevista-umk-kisaajista-rumba-fi","status":"publish","type":"post","link":"https:\/\/www.europesays.com\/fi\/50500\/","title":{"rendered":"Yle paljasti ensimm\u00e4iset tiedot tulevista UMK-kisaajista &#8211; Rumba.fi"},"content":{"rendered":"<ol>\n<li><a href=\"https:\/\/news.google.com\/rss\/articles\/CBMijwFBVV95cUxON053QjFwX095UTVCQjZuemdVb01IcXB4MXVNYlAxT1dtT3ZMWk1NaDBFcDl5MU9OU25GU0JyaHdfc0dsdEFXblBiUW5CZHI1UmZqWTRfdVJrc2xYOGFIZlZDQXBHUWRzVzJlbmU3cG54VUlKLWIyV1Jxc3dpWm1vWVIzUW0wTGd5bEE5cmxfZw?oc=5\" target=\"_blank\" rel=\"nofollow noopener\">Yle paljasti ensimm\u00e4iset tiedot tulevista UMK-kisaajista<\/a>&nbsp;&nbsp;Rumba.fi<\/li>\n<li><a href=\"https:\/\/news.google.com\/rss\/articles\/CBMiQkFVX3lxTE9fVWJGSG1hWDdEZGdxNl91V29CVmdiTF83SDU1WmRWQkZKaE5BcFJXVVZKOEdvNnpiMEx4V0padEZsZw?oc=5\" target=\"_blank\" rel=\"nofollow noopener\">Paikasta UMK:ssa kisasi j\u00e4lleen enn\u00e4tysm\u00e4\u00e4r\u00e4 biisej\u00e4<\/a>&nbsp;&nbsp;Yle<\/li>\n<li><a href=\"https:\/\/news.google.com\/rss\/articles\/CBMiZ0FVX3lxTE1EWUpURHh5c3JuVmh3YXUtWGVuVktWWmIwaFc0V1Y4ZGdDWlRRVE1YZkRtT0U1TDRDVFF3QUtBRGVnSjZ6SlgxWWtpbHpyYjJ3MVR6V0FjdURyNEc5R1pZYVZPM3FvY3M?oc=5\" target=\"_blank\" rel=\"nofollow noopener\">Kommentti | Yksi vihje UMK-artisteista her\u00e4tt\u00e4\u00e4 suurta toivoa<\/a>&nbsp;&nbsp;Aamulehti<\/li>\n<li><a href=\"https:\/\/news.google.com\/rss\/articles\/CBMifEFVX3lxTFAtcEpQLXhwNWFuZ1NESmU1YjBnUmttTFBSMks5dXVEbHRYMXNmZ2lTMERsYXRFUDk3cUNBeFdMbjNIMVF3cUdWZkdjblhjS1JSSUtLelBXLVo3YXVQclcyN3NGdkQ3VGVlZUxRSzdtLUstSTJlMzl1NmRzd0k?oc=5\" target=\"_blank\" rel=\"nofollow noopener\">T\u00e4llaisia artisteja n\u00e4hd\u00e4\u00e4n UMK:ssa<\/a>&nbsp;&nbsp;Iltalehti<\/li>\n<li><a href=\"https:\/\/news.google.com\/rss\/articles\/CBMiVkFVX3lxTFBnUjNVbjBmSl9zRVByWWFnejRTMENucTF1Tmttc2wwUlFWc2NCSXQ4ZTVKWENwUko4OVk1dGdfZll2Ykw2SFNRaEtVb2dZVFk5MzlwTG1B?oc=5\" target=\"_blank\" rel=\"nofollow noopener\">Uuden musiikin kilpailuun l\u00e4hetettiin enn\u00e4tysm\u00e4\u00e4r\u00e4 kappaleita \u2013 voittaja valitaan helmikuussa Tampereella<\/a>&nbsp;&nbsp;Etel\u00e4-Suomen Sanomat<\/li>\n<\/ol>\n","protected":false},"excerpt":{"rendered":"Yle paljasti ensimm\u00e4iset tiedot tulevista UMK-kisaajista&nbsp;&nbsp;Rumba.fi Paikasta UMK:ssa kisasi j\u00e4lleen enn\u00e4tysm\u00e4\u00e4r\u00e4 biisej\u00e4&nbsp;&nbsp;Yle Kommentti | Yksi vihje UMK-artisteista her\u00e4tt\u00e4\u00e4&hellip;\n","protected":false},"author":2,"featured_media":50501,"comment_status":"","ping_status":"","sticky":false,"template":"","format":"standard","meta":{"footnotes":""},"categories":[132],"tags":[137,33,31,30,195,47,32,109],"class_list":{"0":"post-50500","1":"post","2":"type-post","3":"status-publish","4":"format-standard","5":"has-post-thumbnail","7":"category-musiikki","8":"tag-entertainment","9":"tag-fi","10":"tag-finland","11":"tag-finnish","12":"tag-music","13":"tag-musiikki","14":"tag-suomi","15":"tag-viihde"},"share_on_mastodon":{"url":"","error":""},"_links":{"self":[{"href":"https:\/\/www.europesays.com\/fi\/wp-json\/wp\/v2\/posts\/50500","targetHints":{"allow":["GET"]}}],"collection":[{"href":"https:\/\/www.europesays.com\/fi\/wp-json\/wp\/v2\/posts"}],"about":[{"href":"https:\/\/www.europesays.com\/fi\/wp-json\/wp\/v2\/types\/post"}],"author":[{"embeddable":true,"href":"https:\/\/www.europesays.com\/fi\/wp-json\/wp\/v2\/users\/2"}],"replies":[{"embeddable":true,"href":"https:\/\/www.europesays.com\/fi\/wp-json\/wp\/v2\/comments?post=50500"}],"version-history":[{"count":0,"href":"https:\/\/www.europesays.com\/fi\/wp-json\/wp\/v2\/posts\/50500\/revisions"}],"wp:featuredmedia":[{"embeddable":true,"href":"https:\/\/www.europesays.com\/fi\/wp-json\/wp\/v2\/media\/50501"}],"wp:attachment":[{"href":"https:\/\/www.europesays.com\/fi\/wp-json\/wp\/v2\/media?parent=50500"}],"wp:term":[{"taxonomy":"category","embeddable":true,"href":"https:\/\/www.europesays.com\/fi\/wp-json\/wp\/v2\/categories?post=50500"},{"taxonomy":"post_tag","embeddable":true,"href":"https:\/\/www.europesays.com\/fi\/wp-json\/wp\/v2\/tags?post=50500"}],"curies":[{"name":"wp","href":"https:\/\/api.w.org\/{rel}","templated":true}]}}