{"id":50506,"date":"2025-10-01T12:06:09","date_gmt":"2025-10-01T12:06:09","guid":{"rendered":"https:\/\/www.europesays.com\/fi\/50506\/"},"modified":"2025-10-01T12:06:09","modified_gmt":"2025-10-01T12:06:09","slug":"jopas-peltsi-peltola-oppi-allistyttavan-taidon","status":"publish","type":"post","link":"https:\/\/www.europesays.com\/fi\/50506\/","title":{"rendered":"Jopas! Peltsi Peltola oppi \u00e4llistytt\u00e4v\u00e4n taidon"},"content":{"rendered":"<p>\n            20181206 HELSINKI. HOTEL K\u00c4MP. Itsen\u00e4isyysp\u00e4iv\u00e4n viralliset jatkot Hotelli K\u00e4mpiss\u00e4. Kuvassa Mikko Peltsi Peltola. KUVA: ATTE KAJOVA<br \/>\n            Atte Kajova\n        <\/p>\n<p class=\"subtitle \">50-vuotias televisiokasvo hurmaa taidoillaan.<\/p>\n<p class=\"article-content article-content-width !bg-background\">Koko kansan rakastamat retkeilij\u00e4t, , 50, ja h\u00e4nen poikansa  13, viettiv\u00e4t laatuaikaa syksyisess\u00e4 ulkoilmassa.\u00a0Peltsill\u00e4\u00a0ja h\u00e4nen vaimollaan on Osmon lis\u00e4ksi teini-ik\u00e4inen tyt\u00e4r.<\/p>\n<p class=\"font-weight-bold m-font-weight-bold article-content article-content-width !bg-background\">Video: Peltsi ja Osmo vastaavat Seiskan nopeisiin kysymyksiin<\/p>\n<p>Mink\u00e4 aikuisena oppii&#8230;<\/p>\n<p class=\"article-content article-content-width !bg-background\">Peltsi paljastaa tuoreessa Instagram-julkaisussaan uuden harrastuksensa: yksipy\u00f6r\u00e4isell\u00e4 ajaminen.<\/p>\n<p class=\"article-content article-content-width !bg-background\">\u2013 Toinen kersa voimistelee, toisen kanssa ulkoilua..\u00a0Voi ilveksen munat miten helppoa yksipy\u00f6r\u00e4isell\u00e4 ajaminen on. Kun on aloittanut opettelut aikuisi\u00e4ll\u00e4, huomaa miten nopeasti oppii ja omaksuu uusia asioita. Helppoa hommaa! Peltsi kirjoittaa.<\/p>\n<p>        <a itemprop=\"url\" href=\"https:\/\/www.seiska.fi\/kotimaa\/osmo-ja-mikko-peltola-korvatunturilla-osmon-laulu-villitsee\/1912041\" rel=\"nofollow noopener\" target=\"_blank\"><\/p>\n<p>\nPeltsi ja Osmo Peltola:\n<\/p>\n<p class=\"section-date\">\n        <strong class=\"article-section\" data-section=\"kotimaa\"><br \/>\n            kotimaa<br \/>\n        <\/strong><br \/>\n        27.8. 17:30\n    <\/p>\n<p>Osmo ja Mikko Peltola Korvatunturilla \u2013 Osmon laulu villitsee\n    <\/p>\n<p itemprop=\"description\" class=\"subtitle \">\n    Osmon tulkinta ihastuttaa.\n<\/p>\n<p>        <\/a><\/p>\n<p class=\"article-content article-content-width !bg-background\">Julkaisun ensimm\u00e4isiss\u00e4 otoksissa Mikko ja Osmo poseeraavat skuuttiparkissa. P\u00e4ivityksess\u00e4 on mukana my\u00f6s videot Mikosta yksipy\u00f6r\u00e4ilem\u00e4ss\u00e4 sek\u00e4 Osmosta temppuilemassa potkulaudalla skuuttiparkissa.<\/p>\n<p>        <a itemprop=\"url\" href=\"https:\/\/www.seiska.fi\/katso\/mikko-peltola-nylkee-kengat-porosta-tvssa\/1936173\" rel=\"nofollow noopener\" target=\"_blank\"><\/p>\n<p>\nMikko Peltola\n<\/p>\n<p class=\"section-date\">\n        <strong class=\"article-section\" data-section=\"katso\"><br \/>\n            katso<br \/>\n        <\/strong><br \/>\n        19.9. 17:15\n    <\/p>\n<p>Mikko Peltola nylkee keng\u00e4t porosta tv:ss\u00e4\n    <\/p>\n<p itemprop=\"description\" class=\"subtitle \">\n    Mikko &#8221;Peltsi&#8221; Peltola tutustuu porokulttuuriin Pallasj\u00e4rven tuntumassa.\n<\/p>\n<p>        <\/a><\/p>\n<p class=\"article-content article-content-width !bg-background\">Is\u00e4n ja pojan harjoittelut eiv\u00e4t selv\u00e4stik\u00e4\u00e4n ole menneet hukkaan, sill\u00e4 molemmat loistavat omissa lajeissaan.<\/p>\n<p>Onnettomuus toukokuussa<\/p>\n<p class=\"article-content article-content-width !bg-background\">Pitk\u00e4n linjan toimittajana ja juontajana tunnettu Peltsi osoittaa rohkeutta aloittaessaan uuden yksipy\u00f6r\u00e4ilyharrastuksen, sill\u00e4 h\u00e4n joutui kev\u00e4\u00e4ll\u00e4 py\u00f6r\u00e4ilyonnettomuuteen. <a href=\"https:\/\/www.iltalehti.fi\/viihdeuutiset\/a\/535a4177-4076-42b8-993c-9aaffe7e8162\" target=\"_blank\" rel=\"nofollow noopener\">H\u00e4n kertoi asiasta Iltalehden haastattelussa<\/a>.<\/p>\n<p class=\"article-content article-content-width !bg-background\">\u2013\u00a0Polkupy\u00f6r\u00e4ll\u00e4 typerehdin, kaaduin ja solisluu poikki. Nyt on oltu leikkauksessa ja toipuminen voi alkaa, h\u00e4n kertoi IL:lle.<\/p>\n<p>        <a itemprop=\"url\" href=\"https:\/\/www.seiska.fi\/katso\/is-nain-osmo-peltola-ajattelee-tv-tahteydestaan\/1907389\" rel=\"nofollow noopener\" target=\"_blank\"><\/p>\n<p>\nIS: Osmo Peltola\n<\/p>\n<p class=\"section-date\">\n        <strong class=\"article-section\" data-section=\"katso\"><br \/>\n            katso<br \/>\n        <\/strong><br \/>\n        22.8. 13:15\n    <\/p>\n<p>IS: N\u00e4in Osmo Peltola ajattelee tv-t\u00e4hteydest\u00e4\u00e4n\n    <\/p>\n<p itemprop=\"description\" class=\"subtitle \">\n    Mikko &#8221;Peltsi&#8221; Peltola seikkaili pitkin kotimaata poikansa kanssa Peltsi ja Osmo -ohjelmassa.\n<\/p>\n<p>        <\/a><\/p>\n<p class=\"article-content article-content-width !bg-background\">Onnettomuus tapahtui t\u00f6yssyn takia, jota Peltsi ei auringonpaisteen vuoksi huomannut. Televisiokasvo n\u00e4ytt\u00e4\u00e4 toipuneen onnettomuudesta hyvin.<\/p>\n<p>                <img decoding=\"async\" src=\"https:\/\/www.europesays.com\/fi\/wp-content\/uploads\/2025\/10\/1699592.webp\" width=\"576\" height=\"720\" alt=\"Peltsi ja Osmo -sarja palkittiin Kultainen Venla -gaalassa vuoden ohjelmana. Kuvassa vasemmalla luottokuvaaja Juha Korhonen.\" loading=\"lazy\" \/>            <\/p>\n<p>\n            Peltsi ja Osmo -sarja palkittiin Kultainen Venla -gaalassa vuoden ohjelmana. Kuvassa vasemmalla luottokuvaaja Juha Korhonen.<br \/>\n            Timo Korhonen\n        <\/p>\n<p>Supersuosittu kaksikko<\/p>\n<p class=\"article-content article-content-width !bg-background\">Viime vuonna k\u00e4ynnistynyt Peltsi ja Osmo -sarja nousi nopeasti ilmi\u00f6ksi, ja erityisesti Osmo hurmasi televisionkatsojat ymp\u00e4ri maan.<\/p>\n<p class=\"article-content article-content-width !bg-background\">Kotimaan luontoon sijoittuva ohjelma seuraa is\u00e4n ja pojan yhteisi\u00e4 retki\u00e4, ja se kohosi v\u00e4litt\u00f6m\u00e4sti suureksi hitiksi.\u00a0<\/p>\n<p>        <a itemprop=\"url\" href=\"https:\/\/www.seiska.fi\/vain-seiskassa\/osmon-ja-peltsin-evasretki-huonekaluliikkeessa-heratti-huomiota-kuva\/1895568\" rel=\"nofollow noopener\" target=\"_blank\"><\/p>\n<p>\nSalakuva!\n<\/p>\n<p class=\"section-date\">\n        <strong class=\"article-section\" data-section=\"vain seiskassa\"><br \/>\n            vain seiskassa<br \/>\n        <\/strong><br \/>\n        14.8. 16:00\n    <\/p>\n<p>Osmon ja Peltsin ev\u00e4sretki huonekaluliikkeess\u00e4 her\u00e4tti huomiota \u2013 kuva\n    <\/p>\n<p itemprop=\"description\" class=\"subtitle \">\n    Peltsi paljasti jokavuotisen perinteens\u00e4.\n<\/p>\n<p>        <\/a><\/p>\n<p class=\"article-content article-content-width !bg-background\">Sarjan my\u00f6t\u00e4 Osmo palkittiin vuoden esiintyj\u00e4n\u00e4 Kultainen Venla <br \/>-gaalassa, ja itse sarja vei voiton vuoden parhaana ohjelmana.<\/p>\n<p class=\"article-content article-content-width !bg-background\">Huippusuositusta sarjasta ei ainakaan heti n\u00e4hd\u00e4 toista kautta.<\/p>\n<p class=\"article-content article-content-width !bg-background\">Osmo vierailee kuitenkin Peltsin toinen luonto -ohjelman viidennell\u00e4 kaudella, joka alkaa joulukuussa.<\/p>\n","protected":false},"excerpt":{"rendered":"20181206 HELSINKI. HOTEL K\u00c4MP. Itsen\u00e4isyysp\u00e4iv\u00e4n viralliset jatkot Hotelli K\u00e4mpiss\u00e4. Kuvassa Mikko Peltsi Peltola. KUVA: ATTE KAJOVA Atte Kajova&hellip;\n","protected":false},"author":2,"featured_media":50507,"comment_status":"","ping_status":"","sticky":false,"template":"","format":"standard","meta":{"footnotes":""},"categories":[130],"tags":[137,33,31,30,5602,3222,3223,5600,6631,12530,32,109,12529],"class_list":{"0":"post-50506","1":"post","2":"type-post","3":"status-publish","4":"format-standard","5":"has-post-thumbnail","7":"category-viihde","8":"tag-entertainment","9":"tag-fi","10":"tag-finland","11":"tag-finnish","12":"tag-kultainen-venla","13":"tag-mikko-peltola","14":"tag-osmo","15":"tag-peltsi-ja-osmo","16":"tag-peltsin-toinen-luonto","17":"tag-skuutti","18":"tag-suomi","19":"tag-viihde","20":"tag-yksipyoraily"},"share_on_mastodon":{"url":"","error":""},"_links":{"self":[{"href":"https:\/\/www.europesays.com\/fi\/wp-json\/wp\/v2\/posts\/50506","targetHints":{"allow":["GET"]}}],"collection":[{"href":"https:\/\/www.europesays.com\/fi\/wp-json\/wp\/v2\/posts"}],"about":[{"href":"https:\/\/www.europesays.com\/fi\/wp-json\/wp\/v2\/types\/post"}],"author":[{"embeddable":true,"href":"https:\/\/www.europesays.com\/fi\/wp-json\/wp\/v2\/users\/2"}],"replies":[{"embeddable":true,"href":"https:\/\/www.europesays.com\/fi\/wp-json\/wp\/v2\/comments?post=50506"}],"version-history":[{"count":0,"href":"https:\/\/www.europesays.com\/fi\/wp-json\/wp\/v2\/posts\/50506\/revisions"}],"wp:featuredmedia":[{"embeddable":true,"href":"https:\/\/www.europesays.com\/fi\/wp-json\/wp\/v2\/media\/50507"}],"wp:attachment":[{"href":"https:\/\/www.europesays.com\/fi\/wp-json\/wp\/v2\/media?parent=50506"}],"wp:term":[{"taxonomy":"category","embeddable":true,"href":"https:\/\/www.europesays.com\/fi\/wp-json\/wp\/v2\/categories?post=50506"},{"taxonomy":"post_tag","embeddable":true,"href":"https:\/\/www.europesays.com\/fi\/wp-json\/wp\/v2\/tags?post=50506"}],"curies":[{"name":"wp","href":"https:\/\/api.w.org\/{rel}","templated":true}]}}