{"id":50509,"date":"2025-10-01T12:10:11","date_gmt":"2025-10-01T12:10:11","guid":{"rendered":"https:\/\/www.europesays.com\/fi\/50509\/"},"modified":"2025-10-01T12:10:11","modified_gmt":"2025-10-01T12:10:11","slug":"kommentti-rauha-eteni-gazassa-ukrainassa-sota-riehuu","status":"publish","type":"post","link":"https:\/\/www.europesays.com\/fi\/50509\/","title":{"rendered":"Kommentti: Rauha eteni Gazassa, Ukrainassa sota riehuu"},"content":{"rendered":"<p>Yhdysvallat ei voi painostaa Ven\u00e4j\u00e4\u00e4 kuin Hamasia. Ukrainan kirist\u00e4misess\u00e4kin tuli jo raja vastaan, kirjoittaa erikoistoimittaja Seppo Varjus.<\/p>\n<p class=\"article-body mb-nof-24 px-nof-16\">Sulka hattuun <a class=\"article-personlink\" href=\"https:\/\/www.is.fi\/haku\/?query=Donald%20Trumpille\" rel=\"nofollow noopener\" target=\"_blank\">Donald Trumpille<\/a>. Toivottavasti sodan tuulet eiv\u00e4t vie sit\u00e4 heti.<\/p>\n<p class=\"article-body mb-nof-24 px-nof-16\">Trumpia on alkuviikosta kiitetty kovasti h\u00e4nen rauhan\u00adsuunnitelmastaan Gazassa. Sen onnistumiselle n\u00e4hd\u00e4\u00e4n realistisia mahdollisuuksia.<\/p>\n<p class=\"article-body mb-nof-24 px-nof-16\">Euroopassa viel\u00e4 merkitt\u00e4v\u00e4mpi juttu olisi rauha Ukrainalle. Siell\u00e4 sota vaikuttaa vain kiihtyv\u00e4n. Trumpin toimilla asiassa saattaa silti olla sis\u00e4inen logiikka. Tulokset vain puuttuvat.<\/p>\n<p><img decoding=\"async\" src=\"https:\/\/www.europesays.com\/fi\/wp-content\/uploads\/2025\/10\/1759320611_881_468.jpg\" alt=\"Trump. Rauhantekij\u00e4?\" class=\"_Img_1rerz_1\" style=\"aspect-ratio:0.6666666666666666\" loading=\"eager\"\/><\/p>\n<p class=\"article-picture-caption\">Trump. Rauhantekij\u00e4? Kuva:\u00a0Ken Cedeno \/ Reuters<\/p>\n<p class=\"article-body mb-nof-24 px-nof-16\">Gazassa Trumpin suunnitelma perustuu siihen, ett\u00e4 Hamas on k\u00e4yt\u00e4nn\u00f6ss\u00e4 ly\u00f6ty. Sen sodan aloittaneiden karmeiden terroritekojen vuoksi Hamasille on tarjolla v\u00e4h\u00e4n sympatiaa.<\/p>\n<p class=\"article-body mb-nof-24 px-nof-16\">Niinp\u00e4 Trump saattoi kehitt\u00e4\u00e4 rauhansuunnitelman, jonka Israelin p\u00e4\u00e4ministeri <a class=\"article-personlink\" href=\"https:\/\/www.is.fi\/haku\/?query=Benjamin%20Netanjahu\" rel=\"nofollow noopener\" target=\"_blank\">Benjamin Netanjahu <\/a>voisi ehk\u00e4 hyv\u00e4ksy\u00e4. Hamasilta ei kysytty.<\/p>\n<p class=\"article-body mb-nof-24 px-nof-16\">Trumpin ihannemaailmassa sama toimisi Ukrainankin tapauksessa. Ei vain toimi.<\/p>\n<p class=\"article-body mb-nof-24 px-nof-16\">Ven\u00e4j\u00e4 on liian iso selk\u00e4 sein\u00e4\u00e4 vasten laitettavaksi. Ukraina on riippuvainen amerikkalaisaseista, jotka ovat muuttumassa maksullisiksi. Trumpillakin on kuitenkin rajat sen kirist\u00e4misess\u00e4.<\/p>\n<p class=\"article-body mb-nof-24 px-nof-16\">Pinnalta Trump on ep\u00e4looginen. V\u00e4lill\u00e4 h\u00e4n julistaa, ett\u00e4 Ven\u00e4j\u00e4ll\u00e4 on kaikki <a class=\"article-genericlink\" href=\"https:\/\/www.is.fi\/ulkomaat\/art-2000011046743.html\" rel=\"nofollow noopener\" target=\"_blank\">valttikortit <\/a>k\u00e4siss\u00e4. V\u00e4lill\u00e4 Trump ilmoittaa, ett\u00e4 Ukraina<a class=\"article-genericlink\" href=\"https:\/\/www.is.fi\/ulkomaat\/art-2000011514224.html\" rel=\"nofollow noopener\" target=\"_blank\"> pystyy<\/a> valtaamaan menetetyt alueensa takaisin.<\/p>\n<p class=\"article-body mb-nof-24 px-nof-16\">Jokaista<a class=\"article-genericlink\" href=\"https:\/\/www.is.fi\/ulkomaat\/art-2000010977956.html\" rel=\"nofollow noopener\" target=\"_blank\"> t\u00f6r\u00e4ytyst\u00e4<\/a> seurataan tarkasti Ven\u00e4j\u00e4n naapurimaissa kuten Suomessa.<\/p>\n<p><img decoding=\"async\" src=\"https:\/\/www.europesays.com\/fi\/wp-content\/uploads\/2025\/10\/1759320611_570_468.jpg\" alt=\"Netanjahu sai tarjouksen, jonka voi hyv\u00e4ksy\u00e4.\" class=\"_Img_1rerz_1\" style=\"aspect-ratio:1.4988290398126465\" loading=\"eager\"\/><\/p>\n<p class=\"article-picture-caption\">Netanjahu sai tarjouksen, jonka voi hyv\u00e4ksy\u00e4. Kuva:\u00a0Andrew Caballero-Reynolds \/ \/ AFP Lehtikuva<\/p>\n<p class=\"article-body mb-nof-24 px-nof-16\">Mutta Trump voi silti katsoa toimineensa loogisesti. H\u00e4n ilmoitti alun perinkin, ett\u00e4 painostaisi Ukrainaa aseavulla, josta se on riippuvainen.<\/p>\n<p class=\"article-body mb-nof-24 px-nof-16\">T\u00e4m\u00e4 on my\u00f6s toiminut niin, ett\u00e4 Ukrainan presidentti <a class=\"article-personlink\" href=\"https:\/\/www.is.fi\/haku\/?query=Volodymyr%20Zelenskyi\" rel=\"nofollow noopener\" target=\"_blank\">Volodymyr Zelenskyi<\/a> on tinkinyt kannoistaan. K\u00e4yt\u00e4nn\u00f6ss\u00e4 Ukraina voisi olla valmis ainakin aselepoon, vaikka de facto menett\u00e4isi miehitettyjen alueiden hallinnan Ven\u00e4j\u00e4lle.<\/p>\n<p class=\"article-body mb-nof-24 px-nof-16\">Ven\u00e4j\u00e4\u00e4 Trump uhkasi tulleilla ja tehokkaampien aseiden myymisell\u00e4 Ukrainalle.<\/p>\n<p class=\"article-body mb-nof-24 px-nof-16\">Ukraina onkin viime p\u00e4ivin\u00e4 iskenyt ohjuksilla entist\u00e4 syvemm\u00e4lle Ven\u00e4j\u00e4lle. T\u00e4ll\u00e4 voi olla Yhdysvaltain hyv\u00e4ksynt\u00e4.<\/p>\n<p class=\"article-body mb-nof-24 px-nof-16\">Yhdysvallat ei pysty painostamaan Ven\u00e4j\u00e4\u00e4 suoraan tulleilla, koska maiden kauppa on v\u00e4h\u00e4ist\u00e4. Yhdysvallat on asettanut Intialle rankaisutulleja ven\u00e4l\u00e4isen \u00f6ljyn ostamisesta. Vaikutus on toistaiseksi ollut v\u00e4h\u00e4inen.<\/p>\n<p class=\"article-body mb-nof-24 px-nof-16\">Kiinan rankaiseminen on j\u00e4\u00e4nyt puheeksi ja Ven\u00e4j\u00e4lt\u00e4 \u00f6ljy\u00e4 ostava t\u00e4rke\u00e4 Nato-liittolainen Turkki saa olla rauhassa.<\/p>\n<p class=\"article-body mb-nof-24 px-nof-16\">Trump voi vedota siihen, ett\u00e4 ei Eurooppakaan tee mit\u00e4\u00e4n Ven\u00e4j\u00e4n taloudellisten tukijoiden painostamiseksi.<\/p>\n<p><img decoding=\"async\" src=\"https:\/\/www.europesays.com\/fi\/wp-content\/uploads\/2025\/10\/1759320611_29_468.jpg\" alt=\"Putin. Pelko h\u00e4nenkin takaraivossaan raksuttaa.\" class=\"_Img_1rerz_1\" style=\"aspect-ratio:1.6216216216216217\" loading=\"eager\"\/><\/p>\n<p class=\"article-picture-caption\">Putin. Pelko h\u00e4nenkin takaraivossaan raksuttaa. Kuva:\u00a0President of Russia Office \/ ZUMA MVPhotos<\/p>\n<p class=\"article-body mb-nof-24 px-nof-16\">Mutta Trumpilla toimissa Ukrainan ja Ven\u00e4j\u00e4n suhteen on siis j\u00e4rjen hiven. Tehokkaasti toteutettuna niill\u00e4 voisi olla vaikutusta hy\u00f6kk\u00e4yssotaan, johon Ven\u00e4j\u00e4 uhraa satoja tuhansia nuoria miehi\u00e4\u00e4n.<\/p>\n<p class=\"article-body mb-nof-24 px-nof-16\">Presidentti <a class=\"article-personlink\" href=\"https:\/\/www.is.fi\/haku\/?query=Vladimir%20Putin\" rel=\"nofollow noopener\" target=\"_blank\">Vladimir Putin<\/a> ei ole oikeasti demokraattisesti valittu johtaja, jonka tarvitsisi pel\u00e4t\u00e4 \u00e4\u00e4nest\u00e4ji\u00e4. Mutta kyll\u00e4 kansan kasvava tyytym\u00e4tt\u00f6myys h\u00e4nenkin takaraivossaan raksuttaa. Ven\u00e4j\u00e4n johtajat pelk\u00e4\u00e4v\u00e4t aina kaaosta.<\/p>\n<p class=\"article-body mb-nof-24 px-nof-16\">Sit\u00e4 Yhdysvallat voisi edist\u00e4\u00e4. Ongelma on kuitenkin siin\u00e4, ett\u00e4 se voi olla <a class=\"article-genericlink\" href=\"https:\/\/www.is.fi\/ulkomaat\/art-2000011529871.html\" rel=\"nofollow noopener\" target=\"_blank\">itsekin<\/a> ajautumassa kaaokseen.<\/p>\n","protected":false},"excerpt":{"rendered":"Yhdysvallat ei voi painostaa Ven\u00e4j\u00e4\u00e4 kuin Hamasia. Ukrainan kirist\u00e4misess\u00e4kin tuli jo raja vastaan, kirjoittaa erikoistoimittaja Seppo Varjus. Sulka&hellip;\n","protected":false},"author":2,"featured_media":50510,"comment_status":"","ping_status":"","sticky":false,"template":"","format":"standard","meta":{"footnotes":""},"categories":[14],"tags":[22,23,26,27,33,31,30,17,34,24,25,28,29,15,18,21,32,19,20,56,16,59,60,61],"class_list":{"0":"post-50509","1":"post","2":"type-post","3":"status-publish","4":"format-standard","5":"has-post-thumbnail","7":"category-ulkomaat","8":"tag-breaking-news","9":"tag-breakingnews","10":"tag-featured-news","11":"tag-featurednews","12":"tag-fi","13":"tag-finland","14":"tag-finnish","15":"tag-headlines","16":"tag-ilta-sanomat","17":"tag-latest-news","18":"tag-latestnews","19":"tag-main-news","20":"tag-mainnews","21":"tag-news","22":"tag-otsikot","23":"tag-paauutiset","24":"tag-suomi","25":"tag-top-stories","26":"tag-topstories","27":"tag-ulkomaat","28":"tag-uutiset","29":"tag-world","30":"tag-world-news","31":"tag-worldnews"},"share_on_mastodon":{"url":"","error":""},"_links":{"self":[{"href":"https:\/\/www.europesays.com\/fi\/wp-json\/wp\/v2\/posts\/50509","targetHints":{"allow":["GET"]}}],"collection":[{"href":"https:\/\/www.europesays.com\/fi\/wp-json\/wp\/v2\/posts"}],"about":[{"href":"https:\/\/www.europesays.com\/fi\/wp-json\/wp\/v2\/types\/post"}],"author":[{"embeddable":true,"href":"https:\/\/www.europesays.com\/fi\/wp-json\/wp\/v2\/users\/2"}],"replies":[{"embeddable":true,"href":"https:\/\/www.europesays.com\/fi\/wp-json\/wp\/v2\/comments?post=50509"}],"version-history":[{"count":0,"href":"https:\/\/www.europesays.com\/fi\/wp-json\/wp\/v2\/posts\/50509\/revisions"}],"wp:featuredmedia":[{"embeddable":true,"href":"https:\/\/www.europesays.com\/fi\/wp-json\/wp\/v2\/media\/50510"}],"wp:attachment":[{"href":"https:\/\/www.europesays.com\/fi\/wp-json\/wp\/v2\/media?parent=50509"}],"wp:term":[{"taxonomy":"category","embeddable":true,"href":"https:\/\/www.europesays.com\/fi\/wp-json\/wp\/v2\/categories?post=50509"},{"taxonomy":"post_tag","embeddable":true,"href":"https:\/\/www.europesays.com\/fi\/wp-json\/wp\/v2\/tags?post=50509"}],"curies":[{"name":"wp","href":"https:\/\/api.w.org\/{rel}","templated":true}]}}