{"id":5051,"date":"2025-08-14T01:39:08","date_gmt":"2025-08-14T01:39:08","guid":{"rendered":"https:\/\/www.europesays.com\/fi\/5051\/"},"modified":"2025-08-14T01:39:08","modified_gmt":"2025-08-14T01:39:08","slug":"kankaan-koulun-oppilaat-kertovat-arjestaan-tulipalon-jalkeen-meidan-koulu-on-vaan-sellaisessa-kasassa-paijat-hame","status":"publish","type":"post","link":"https:\/\/www.europesays.com\/fi\/5051\/","title":{"rendered":"Kankaan koulun oppilaat kertovat arjestaan tulipalon j\u00e4lkeen \u2013\u2009&#8221;Meid\u00e4n koulu on vaan sellaisessa kasassa&#8221; | P\u00e4ij\u00e4t-H\u00e4me"},"content":{"rendered":"<p>Palaneen koulun oppilaat siirtyiv\u00e4t maanantaina tyhj\u00e4\u00e4n Tiilikankaan kouluun. Opetuksen j\u00e4rjest\u00e4minen v\u00e4ist\u00f6tiloissa vaatii joustavuutta my\u00f6s nuorilta.<\/p>\n<p>Kankaan koulun oppilaat kertovat olevansa tyytyv\u00e4isi\u00e4 v\u00e4liaikaisiin tiloihin Tiilikankaan koulussa, vaikka he kaipaavatkin vanhaan kouluunsa. Kankaan koulu Hollolassa tuhoutui tulipalossa lauantain ja sunnuntain v\u00e4lisen\u00e4 y\u00f6n\u00e4. H\u00e4meen poliisi tutkii koulun paloa tuhoty\u00f6n\u00e4.<\/p>\n","protected":false},"excerpt":{"rendered":"Palaneen koulun oppilaat siirtyiv\u00e4t maanantaina tyhj\u00e4\u00e4n Tiilikankaan kouluun. Opetuksen j\u00e4rjest\u00e4minen v\u00e4ist\u00f6tiloissa vaatii joustavuutta my\u00f6s nuorilta. Kankaan koulun oppilaat&hellip;\n","protected":false},"author":2,"featured_media":5052,"comment_status":"","ping_status":"","sticky":false,"template":"","format":"standard","meta":{"footnotes":""},"categories":[5],"tags":[22,23,26,27,33,31,30,17,1267,615,96,24,25,28,29,15,18,21,2392,3080,32,19,20,1265,16],"class_list":{"0":"post-5051","1":"post","2":"type-post","3":"status-publish","4":"format-standard","5":"has-post-thumbnail","7":"category-otsikot","8":"tag-breaking-news","9":"tag-breakingnews","10":"tag-featured-news","11":"tag-featurednews","12":"tag-fi","13":"tag-finland","14":"tag-finnish","15":"tag-headlines","16":"tag-hollola","17":"tag-koulut","18":"tag-koulutus","19":"tag-latest-news","20":"tag-latestnews","21":"tag-main-news","22":"tag-mainnews","23":"tag-news","24":"tag-otsikot","25":"tag-paauutiset","26":"tag-peruskoulu","27":"tag-salpakankaan-koulupalo","28":"tag-suomi","29":"tag-top-stories","30":"tag-topstories","31":"tag-tulipalot","32":"tag-uutiset"},"share_on_mastodon":{"url":"","error":""},"_links":{"self":[{"href":"https:\/\/www.europesays.com\/fi\/wp-json\/wp\/v2\/posts\/5051","targetHints":{"allow":["GET"]}}],"collection":[{"href":"https:\/\/www.europesays.com\/fi\/wp-json\/wp\/v2\/posts"}],"about":[{"href":"https:\/\/www.europesays.com\/fi\/wp-json\/wp\/v2\/types\/post"}],"author":[{"embeddable":true,"href":"https:\/\/www.europesays.com\/fi\/wp-json\/wp\/v2\/users\/2"}],"replies":[{"embeddable":true,"href":"https:\/\/www.europesays.com\/fi\/wp-json\/wp\/v2\/comments?post=5051"}],"version-history":[{"count":0,"href":"https:\/\/www.europesays.com\/fi\/wp-json\/wp\/v2\/posts\/5051\/revisions"}],"wp:featuredmedia":[{"embeddable":true,"href":"https:\/\/www.europesays.com\/fi\/wp-json\/wp\/v2\/media\/5052"}],"wp:attachment":[{"href":"https:\/\/www.europesays.com\/fi\/wp-json\/wp\/v2\/media?parent=5051"}],"wp:term":[{"taxonomy":"category","embeddable":true,"href":"https:\/\/www.europesays.com\/fi\/wp-json\/wp\/v2\/categories?post=5051"},{"taxonomy":"post_tag","embeddable":true,"href":"https:\/\/www.europesays.com\/fi\/wp-json\/wp\/v2\/tags?post=5051"}],"curies":[{"name":"wp","href":"https:\/\/api.w.org\/{rel}","templated":true}]}}