{"id":50536,"date":"2025-10-01T12:56:09","date_gmt":"2025-10-01T12:56:09","guid":{"rendered":"https:\/\/www.europesays.com\/fi\/50536\/"},"modified":"2025-10-01T12:56:09","modified_gmt":"2025-10-01T12:56:09","slug":"uusi-simpsonit-elokuva-on-virallistettu-ja-silla-on-jo-julistekin-v2-fi","status":"publish","type":"post","link":"https:\/\/www.europesays.com\/fi\/50536\/","title":{"rendered":"Uusi Simpsonit-elokuva on virallistettu, ja sill\u00e4 on jo julistekin &#8211; V2.fi"},"content":{"rendered":"<ol>\n<li><a href=\"https:\/\/news.google.com\/rss\/articles\/CBMiqAFBVV95cUxPTGVXRjJ3YmQxdzdubmwzVEYyandIc19JY1JlMU9Pek1CbzZzWGxtX2pJWEtza1ExeWRINXNFNzY1amdpbHdwWXB0S05ZM2FEQ2xmV19TcUpLaE1zeU9La0tqdjFScUIzWGR5QkpweXR4RS1DeFZZZDhiTmk2RmRkNWlHSHRWekgyY0ZvdGVlYTZ1YjBFTm5zNWZzdE51QjhlV3dMSFlnTFE?oc=5\" target=\"_blank\" rel=\"nofollow noopener\">Uusi Simpsonit-elokuva on virallistettu, ja sill\u00e4 on jo julistekin<\/a>&nbsp;&nbsp;V2.fi<\/li>\n<li><a href=\"https:\/\/news.google.com\/rss\/articles\/CBMiX0FVX3lxTE0xVmVpd25lUmRKanBOeTRROFlfUE11WW9Vc3JQOXpycmFTZGpoSTBaQkNsM2xVeTNwTnNKeDV0LVg4ckMzTFRtbDZyclg0b3J3TkNhajV0LVNTenF2Tk1J?oc=5\" target=\"_blank\" rel=\"nofollow noopener\">Simpsoneista tehd\u00e4\u00e4n uusi elokuva, edellisest\u00e4 aikaa l\u00e4hes 20 vuotta<\/a>&nbsp;&nbsp;HS.fi<\/li>\n<li><a href=\"https:\/\/news.google.com\/rss\/articles\/CBMizgFBVV95cUxPbzhoZ2pSTDYyT1BZLUhxdnpDNGhIb3lQQ1dHQUdYSHRZc2V2N1pIX3E2LW45eDI4SURsSWo0RUFWb1dOcWhscm9CVEdvNy1QN3Yyc0RWeUVPT1dNRl9EYzF5OVZkTWxGVUUtM3VvMGZDX05qNXJPUUV4TzdFaXhabDg5ZllBRDBPZGoxZXV4UDMtUXlnX3l6cWZnT2poaHR1RjdQNG55M1I5RWhYUnZpemJ3eENTMllBNFByWllxNWV6VXFMbml3U2g0NVhPUQ?oc=5\" target=\"_blank\" rel=\"nofollow noopener\">The Simpsons Movie saa jatkoa 20 vuoden odotuksen j\u00e4lkeen \u2013 ensimm\u00e4inen kuva julkaistu<\/a>&nbsp;&nbsp;Muropaketti.com<\/li>\n<li><a href=\"https:\/\/news.google.com\/rss\/articles\/CBMikwFBVV95cUxOUnotdTJGU2FNenE3WDNJNlVJWS01Nzl5bTlSWFNmekF6SmZvZ09lSktkTVo1MlAyRDlMNlNscUU4UTdQVzJ4TXF0ZEhOSlAtZ0lVR3dWM1hzWXZNYlJnTjFnYUw1cF9YRkZ5ZDhqV0VJWFdaZWtxa2s5Sk9yNjRhSzFRWklLODh5bDRjMWxXUGVXTEU?oc=5\" target=\"_blank\" rel=\"nofollow noopener\">Simpsonit-elokuvasta p\u00e4ivitys &#8211; 20 vuotta siihen meni<\/a>&nbsp;&nbsp;Findance.com<\/li>\n<li><a href=\"https:\/\/news.google.com\/rss\/articles\/CBMiywFBVV95cUxPNmtpSDhFVUdLSlNmMXBUd2pVZklGM05Sem1ORlZfRl9yNHktTXFuWVNZX1I3RkQ3X0JkdGdXUWhoNE9VdnJsbGg5WUVBZDhHcUdxbGFlQ2ZHSTVkUlozdXhYXzhPSTJ3d1dJN3ZiQ0k5Q3JuUTlQVVc5MkdJTkhXcDF4YnBIWEJFSzR6STkxRHZTU1p1cF9TOFlZN0cydWVkZXFxQVFzRXVzdnRDWVYyNnF5SXNBd0d0WFZPd2JCYzZjVUptN2MwUUdETQ?oc=5\" target=\"_blank\" rel=\"nofollow noopener\">Tuleeko t\u00e4m\u00e4 elokuva ennustamaan tulevaisuutta? \u2013 Suosikkiperhe palaa valkokankaille 20 vuoden j\u00e4lkeen<\/a>&nbsp;&nbsp;Episodi.fi<\/li>\n<\/ol>\n","protected":false},"excerpt":{"rendered":"Uusi Simpsonit-elokuva on virallistettu, ja sill\u00e4 on jo julistekin&nbsp;&nbsp;V2.fi Simpsoneista tehd\u00e4\u00e4n uusi elokuva, edellisest\u00e4 aikaa l\u00e4hes 20 vuotta&nbsp;&nbsp;HS.fi&hellip;\n","protected":false},"author":2,"featured_media":50537,"comment_status":"","ping_status":"","sticky":false,"template":"","format":"standard","meta":{"footnotes":""},"categories":[131],"tags":[155,137,33,173,31,30,188,172,191,192,185,150,189,187,32,193,194,109,186,190],"class_list":{"0":"post-50536","1":"post","2":"type-post","3":"status-publish","4":"format-standard","5":"has-post-thumbnail","7":"category-elokuvat","8":"tag-elokuvat","9":"tag-entertainment","10":"tag-fi","11":"tag-film","12":"tag-finland","13":"tag-finnish","14":"tag-keskustelu","15":"tag-movies","16":"tag-nintendo","17":"tag-pc-pelit","18":"tag-peli","19":"tag-pelit","20":"tag-playstation","21":"tag-starat","22":"tag-suomi","23":"tag-video","24":"tag-videopelit","25":"tag-viihde","26":"tag-viihdeuutiset","27":"tag-xbox"},"share_on_mastodon":{"url":"","error":""},"_links":{"self":[{"href":"https:\/\/www.europesays.com\/fi\/wp-json\/wp\/v2\/posts\/50536","targetHints":{"allow":["GET"]}}],"collection":[{"href":"https:\/\/www.europesays.com\/fi\/wp-json\/wp\/v2\/posts"}],"about":[{"href":"https:\/\/www.europesays.com\/fi\/wp-json\/wp\/v2\/types\/post"}],"author":[{"embeddable":true,"href":"https:\/\/www.europesays.com\/fi\/wp-json\/wp\/v2\/users\/2"}],"replies":[{"embeddable":true,"href":"https:\/\/www.europesays.com\/fi\/wp-json\/wp\/v2\/comments?post=50536"}],"version-history":[{"count":0,"href":"https:\/\/www.europesays.com\/fi\/wp-json\/wp\/v2\/posts\/50536\/revisions"}],"wp:featuredmedia":[{"embeddable":true,"href":"https:\/\/www.europesays.com\/fi\/wp-json\/wp\/v2\/media\/50537"}],"wp:attachment":[{"href":"https:\/\/www.europesays.com\/fi\/wp-json\/wp\/v2\/media?parent=50536"}],"wp:term":[{"taxonomy":"category","embeddable":true,"href":"https:\/\/www.europesays.com\/fi\/wp-json\/wp\/v2\/categories?post=50536"},{"taxonomy":"post_tag","embeddable":true,"href":"https:\/\/www.europesays.com\/fi\/wp-json\/wp\/v2\/tags?post=50536"}],"curies":[{"name":"wp","href":"https:\/\/api.w.org\/{rel}","templated":true}]}}