{"id":50557,"date":"2025-10-01T13:27:07","date_gmt":"2025-10-01T13:27:07","guid":{"rendered":"https:\/\/www.europesays.com\/fi\/50557\/"},"modified":"2025-10-01T13:27:07","modified_gmt":"2025-10-01T13:27:07","slug":"olemme-kusessa-emily-blunt-on-kauhuissaan-tekoalylla-luodusta-nayttelija-tilly-norwoodista","status":"publish","type":"post","link":"https:\/\/www.europesays.com\/fi\/50557\/","title":{"rendered":"\u201cOlemme kusessa\u201d &#8211; Emily Blunt on kauhuissaan teko\u00e4lyll\u00e4 luodusta \u201cn\u00e4yttelij\u00e4\u201d Tilly Norwoodista"},"content":{"rendered":"<p>Kuva: \u00a9 Universal Pictures.<\/p>\n<p><strong>Hollywoodin n\u00e4yttelij\u00e4t eiv\u00e4t ymm\u00e4rrett\u00e4v\u00e4sti ole kovin innoissaan teko\u00e4lyll\u00e4 luoduista \u201cn\u00e4yttelij\u00f6ist\u00e4\u201d.<\/strong><\/p>\n<p>Elokuva-ala on t\u00e4ll\u00e4 viikolla kohissut teko\u00e4lyll\u00e4 luodusta \u201cn\u00e4yttelij\u00e4st\u00e4\u201d, jolle on annettu nimeksi Tilly Norwood ja jonka odotetaan olevan \u201cuusi Scarlett Johansson\u201d. Oikeat n\u00e4yttelij\u00e4t eiv\u00e4t ole ottaneet uutista \u2013 ymm\u00e4rrett\u00e4v\u00e4sti \u2013 kovinkaan l\u00e4mm\u00f6ll\u00e4 vastaan.<\/p>\n<p>Esimerkiksi <a href=\"https:\/\/variety.com\/2025\/film\/news\/emily-blunt-ai-actress-tilly-norwood-reaction-1236534547\/\" target=\"_blank\" rel=\"noopener nofollow\">Varietyn<\/a> haastattelussa n\u00e4yttelij\u00e4 <a href=\"https:\/\/muropaketti.com\/avainsana\/emily-blunt\/\" rel=\"nofollow noopener\" target=\"_blank\">Emily Blunt<\/a> kertoo olevansa kauhuissaan.<\/p>\n<p>\u201cAiheuttaako t\u00e4m\u00e4 pettymyst\u00e4? En tied\u00e4, miten t\u00e4h\u00e4n oikein vastaisin, paitsi ett\u00e4 kerron, kuinka kauhistuttavaa t\u00e4m\u00e4 on\u201d, Blunt kommentoi.<\/p>\n<p>\u201cVoi luoja, me olemme pulassa. Tuo on todella, todella pelottavaa. \u00c4lk\u00e4\u00e4 nyt, agentuurit, tehk\u00f6 noin. Lopettakaa. \u00c4lk\u00e4\u00e4 viek\u00f6 meilt\u00e4 pois ihmisyhteytt\u00e4.\u201d<\/p>\n<p>Ajatukseen teko\u00e4lyst\u00e4 \u201cuutena Scarlett Johanssonina\u201d Blunt kommentoi yksiselitteisesti:<\/p>\n<p>\u201cMutta meill\u00e4h\u00e4n on Scarlett Johansson!\u201d<\/p>\n<p>Blunt n\u00e4hd\u00e4\u00e4n seuraavaksi Dwayne Johnsonin t\u00e4hditt\u00e4m\u00e4ss\u00e4 ja Benny Safdien ohjaamassa elokuvassa The Smashing Machine, joka Suomessa saa ensi-iltansa 28. marraskuuta.<\/p>\n<p>\u00a0<\/p>\n","protected":false},"excerpt":{"rendered":"Kuva: \u00a9 Universal Pictures. Hollywoodin n\u00e4yttelij\u00e4t eiv\u00e4t ymm\u00e4rrett\u00e4v\u00e4sti ole kovin innoissaan teko\u00e4lyll\u00e4 luoduista \u201cn\u00e4yttelij\u00f6ist\u00e4\u201d. Elokuva-ala on t\u00e4ll\u00e4 viikolla&hellip;\n","protected":false},"author":2,"featured_media":50558,"comment_status":"","ping_status":"","sticky":false,"template":"","format":"standard","meta":{"footnotes":""},"categories":[84],"tags":[7695,33,31,30,32,91,92,433],"class_list":{"0":"post-50557","1":"post","2":"type-post","3":"status-publish","4":"format-standard","5":"has-post-thumbnail","7":"category-teknologia","8":"tag-emily-blunt","9":"tag-fi","10":"tag-finland","11":"tag-finnish","12":"tag-suomi","13":"tag-technology","14":"tag-teknologia","15":"tag-tekoaly"},"share_on_mastodon":{"url":"","error":""},"_links":{"self":[{"href":"https:\/\/www.europesays.com\/fi\/wp-json\/wp\/v2\/posts\/50557","targetHints":{"allow":["GET"]}}],"collection":[{"href":"https:\/\/www.europesays.com\/fi\/wp-json\/wp\/v2\/posts"}],"about":[{"href":"https:\/\/www.europesays.com\/fi\/wp-json\/wp\/v2\/types\/post"}],"author":[{"embeddable":true,"href":"https:\/\/www.europesays.com\/fi\/wp-json\/wp\/v2\/users\/2"}],"replies":[{"embeddable":true,"href":"https:\/\/www.europesays.com\/fi\/wp-json\/wp\/v2\/comments?post=50557"}],"version-history":[{"count":0,"href":"https:\/\/www.europesays.com\/fi\/wp-json\/wp\/v2\/posts\/50557\/revisions"}],"wp:featuredmedia":[{"embeddable":true,"href":"https:\/\/www.europesays.com\/fi\/wp-json\/wp\/v2\/media\/50558"}],"wp:attachment":[{"href":"https:\/\/www.europesays.com\/fi\/wp-json\/wp\/v2\/media?parent=50557"}],"wp:term":[{"taxonomy":"category","embeddable":true,"href":"https:\/\/www.europesays.com\/fi\/wp-json\/wp\/v2\/categories?post=50557"},{"taxonomy":"post_tag","embeddable":true,"href":"https:\/\/www.europesays.com\/fi\/wp-json\/wp\/v2\/tags?post=50557"}],"curies":[{"name":"wp","href":"https:\/\/api.w.org\/{rel}","templated":true}]}}