{"id":50559,"date":"2025-10-01T13:28:12","date_gmt":"2025-10-01T13:28:12","guid":{"rendered":"https:\/\/www.europesays.com\/fi\/50559\/"},"modified":"2025-10-01T13:28:12","modified_gmt":"2025-10-01T13:28:12","slug":"porssisahko-muuttui-tanaan-ennennakemattomalla-tavalla-nain-hyodyt-siita","status":"publish","type":"post","link":"https:\/\/www.europesays.com\/fi\/50559\/","title":{"rendered":"P\u00f6rssis\u00e4hk\u00f6 muuttui t\u00e4n\u00e4\u00e4n ennenn\u00e4kem\u00e4tt\u00f6m\u00e4ll\u00e4 tavalla \u2013 N\u00e4in hy\u00f6dyt siit\u00e4"},"content":{"rendered":"<p>P\u00f6rssis\u00e4hk\u00f6n hinnoittelutapa muuttui t\u00e4n\u00e4\u00e4n lokakuun ensimm\u00e4isen\u00e4 p\u00e4iv\u00e4n\u00e4 ratkaisevalla tavalla. Aiemmin t\u00e4llaista hinnoittelua ei ole ollut. <\/p>\n<p><img decoding=\"async\" class=\"image image-show image-preview\" src=\"https:\/\/www.europesays.com\/fi\/wp-content\/uploads\/2025\/10\/39227a6c06551c126333d8ed3cd6bea0a99caf2e8269f676ea6c1f7ec7da9734.jpg\" alt=\"\"\/><img decoding=\"async\" class=\"image image-show\" src=\"https:\/\/www.europesays.com\/fi\/wp-content\/uploads\/2025\/10\/1759325292_722_39227a6c06551c126333d8ed3cd6bea0a99caf2e8269f676ea6c1f7ec7da9734.jpg\" alt=\"\"\/><\/p>\n<p>Varttihinnoittelun my\u00f6t\u00e4 esimerkiksi s\u00e4hk\u00f6auton latauksen kustannuksia voi optimoida entist\u00e4 paremmin. Adobe Stock \/ AOP<\/p>\n<p class=\"paragraph\">T\u00e4st\u00e4 p\u00e4iv\u00e4st\u00e4 alkaen p\u00f6rssis\u00e4hk\u00f6 hinnoitellaan 15 minuutin tarkkuudella. Hinnoittelumuutoksen ei odoteta vaikuttavan paljon kotien s\u00e4hk\u00f6laskun loppusummaan. Muutoksen my\u00f6t\u00e4 kuluttajalla on kuitenkin mahdollisuus ajoittaa s\u00e4hk\u00f6nk\u00e4ytt\u00f6\u00e4 entist\u00e4 tarkemmin ja s\u00e4\u00e4st\u00e4\u00e4 n\u00e4in s\u00e4hk\u00f6laskussa, kertoo Motivan tiedote.<\/p>\n<p class=\"paragraph\">Jos varttimitoituksesta haluaa hy\u00f6ty\u00e4, t\u00e4rkeint\u00e4 on tuntea oma kotinsa ja laitteensa sek\u00e4 ymm\u00e4rt\u00e4\u00e4 energiankulutuksensa ja k\u00e4ytt\u00f6tapansa.<\/p>\n<p class=\"paragraph\">\u2013 Kun on perill\u00e4 siit\u00e4, miten ja milloin kotona kuluu energiaa, voi sit\u00e4 my\u00f6s ajoittaa tai automaatiolla hallita s\u00e4hk\u00f6nhinnan mukaan, muistuttaa Motivan energia-asiantuntija <strong>Veli-Matti Virtanen<\/strong>.<\/p>\n<p>Automatiikka tehokkainta<\/p>\n<p class=\"paragraph\">Erilaisilla kodin ohjaus- ja automaatioratkaisuilla voi varttimitoitusta hy\u00f6dynt\u00e4\u00e4 tehokkaammin kuin itse manuaalisesti ajastamalla. Eniten s\u00e4\u00e4st\u00f6j\u00e4 saa, kun ohjaa automaatiolla paljon kuluttavia laitteita.<\/p>\n<p class=\"paragraph\">\u2013 Ajoittamisesta tulee \u00e4lyk\u00e4st\u00e4 ja vaivatonta, kun hy\u00f6dynn\u00e4t laitteiden sis\u00e4\u00e4nrakennettua ajastusta, lis\u00e4\u00e4t laite- tai j\u00e4rjestelm\u00e4kohtaisia ohjauksia tai otat k\u00e4ytt\u00f6\u00f6n useampia j\u00e4rjestelmi\u00e4 yhteensovittavan automaation. Mit\u00e4 enemm\u00e4n s\u00e4hk\u00f6\u00e4 kuluu, sit\u00e4 enemm\u00e4n saat taloudellista etua ajoittamisesta. Erityisen kannattavaa on ohjata kodin ja k\u00e4ytt\u00f6veden l\u00e4mmityst\u00e4 sek\u00e4 s\u00e4hk\u00f6auton latausta, toteaa Virtanen.<\/p>\n<p class=\"paragraph\">Kodeissa varttis\u00e4hk\u00f6n hy\u00f6dynt\u00e4minen edellytt\u00e4\u00e4, ett\u00e4 s\u00e4hk\u00f6mittari pystyy mittaamaan s\u00e4hk\u00f6nkulutusta vartin jaksoissa. Vanhat p\u00f6rssis\u00e4hk\u00f6sopimukset eiv\u00e4t viel\u00e4 v\u00e4ltt\u00e4m\u00e4tt\u00e4 automaattisesti huomioi mittausjakson muutosta. Lis\u00e4tietoja varttimittaukseen siirtymisen vaikutuksista p\u00f6rssis\u00e4hk\u00f6sopimuksiin kannattaa kysy\u00e4 omalta s\u00e4hk\u00f6yhti\u00f6lt\u00e4.<\/p>\n","protected":false},"excerpt":{"rendered":"P\u00f6rssis\u00e4hk\u00f6n hinnoittelutapa muuttui t\u00e4n\u00e4\u00e4n lokakuun ensimm\u00e4isen\u00e4 p\u00e4iv\u00e4n\u00e4 ratkaisevalla tavalla. Aiemmin t\u00e4llaista hinnoittelua ei ole ollut. Varttihinnoittelun my\u00f6t\u00e4 esimerkiksi&hellip;\n","protected":false},"author":2,"featured_media":50560,"comment_status":"","ping_status":"","sticky":false,"template":"","format":"standard","meta":{"footnotes":""},"categories":[76],"tags":[35,79,77,124,1628,33,31,30,4340,2007,32,78,487],"class_list":{"0":"post-50559","1":"post","2":"type-post","3":"status-publish","4":"format-standard","5":"has-post-thumbnail","7":"category-talous","8":"tag-24h","9":"tag-business","10":"tag-economy","11":"tag-energia-sektori","12":"tag-energia-ja-energiavarat","13":"tag-fi","14":"tag-finland","15":"tag-finnish","16":"tag-hinnoittelu","17":"tag-sahko","18":"tag-suomi","19":"tag-talous","20":"tag-teknologia-yleista"},"share_on_mastodon":{"url":"","error":""},"_links":{"self":[{"href":"https:\/\/www.europesays.com\/fi\/wp-json\/wp\/v2\/posts\/50559","targetHints":{"allow":["GET"]}}],"collection":[{"href":"https:\/\/www.europesays.com\/fi\/wp-json\/wp\/v2\/posts"}],"about":[{"href":"https:\/\/www.europesays.com\/fi\/wp-json\/wp\/v2\/types\/post"}],"author":[{"embeddable":true,"href":"https:\/\/www.europesays.com\/fi\/wp-json\/wp\/v2\/users\/2"}],"replies":[{"embeddable":true,"href":"https:\/\/www.europesays.com\/fi\/wp-json\/wp\/v2\/comments?post=50559"}],"version-history":[{"count":0,"href":"https:\/\/www.europesays.com\/fi\/wp-json\/wp\/v2\/posts\/50559\/revisions"}],"wp:featuredmedia":[{"embeddable":true,"href":"https:\/\/www.europesays.com\/fi\/wp-json\/wp\/v2\/media\/50560"}],"wp:attachment":[{"href":"https:\/\/www.europesays.com\/fi\/wp-json\/wp\/v2\/media?parent=50559"}],"wp:term":[{"taxonomy":"category","embeddable":true,"href":"https:\/\/www.europesays.com\/fi\/wp-json\/wp\/v2\/categories?post=50559"},{"taxonomy":"post_tag","embeddable":true,"href":"https:\/\/www.europesays.com\/fi\/wp-json\/wp\/v2\/tags?post=50559"}],"curies":[{"name":"wp","href":"https:\/\/api.w.org\/{rel}","templated":true}]}}