{"id":50561,"date":"2025-10-01T13:29:11","date_gmt":"2025-10-01T13:29:11","guid":{"rendered":"https:\/\/www.europesays.com\/fi\/50561\/"},"modified":"2025-10-01T13:29:11","modified_gmt":"2025-10-01T13:29:11","slug":"hamasia-lahella-oleva-lahde-jarjesto-haluaa-muokkauksia-trumpin-gaza-suunnitelmaan-tarvitsee-viela-pari-paivaa-uutissuomalainen","status":"publish","type":"post","link":"https:\/\/www.europesays.com\/fi\/50561\/","title":{"rendered":"Hamasia l\u00e4hell\u00e4 oleva l\u00e4hde: J\u00e4rjest\u00f6 haluaa muokkauksia Trumpin Gaza-suunnitelmaan, tarvitsee viel\u00e4 pari p\u00e4iv\u00e4\u00e4 | Uutissuomalainen"},"content":{"rendered":"<p>\u00c4\u00e4rij\u00e4rjest\u00f6 Hamas haluaa muokkauksia Yhdysvaltain presidentti Donald Trumpin Gaza-suunnitelmaan, sanoi Hamasin johtoa l\u00e4hell\u00e4 oleva l\u00e4hde AFP:lle keskiviikkona. J\u00e4rjest\u00f6 haluaa muutoksia ainakin ehtoon j\u00e4rjest\u00f6n aseista riisumisesta.<\/p>\n<p>L\u00e4hteen mukaan Hamasin neuvottelijat keskustelivat asiasta tiistaina Turkin, Egyptin ja Qatarin edustajien kanssa Qatarin p\u00e4\u00e4kaupungissa Dohassa.<\/p>\n<p>Hamasin virallista vastausta Trumpin ehdotuksiin ei ole viel\u00e4 saatu. Nimett\u00f6m\u00e4n\u00e4 puhunut AFP:n l\u00e4hde sanoi, ett\u00e4 Hamas tarvitsisi vastauksensa toimittamiseen kaksi tai enint\u00e4\u00e4n kolme p\u00e4iv\u00e4\u00e4.<\/p>\n<p>T\u00e4ll\u00e4 viikolla Trump julkisti 20-kohtaisen rauhansuunnitelmansa, jossa ehdotetaan muun muassa v\u00e4lit\u00f6nt\u00e4 tulitaukoa, Hamasin riisumista aseista, kaikkien Gazassa olevien panttivankien vapauttamista 72 tunnin sis\u00e4ll\u00e4 sopimuksen hyv\u00e4ksymisest\u00e4, Israelin vaiheittaista vet\u00e4ytymist\u00e4 Gazasta sek\u00e4 kansainv\u00e4list\u00e4 v\u00e4liaikaishallintoa Gazaan Trumpin itsens\u00e4 johdolla.<\/p>\n<p>Hamasia l\u00e4hell\u00e4 olevat tahot ovat kommentoineet Trumpin suunnitelmaa Israelin linjaa my\u00f6t\u00e4ilev\u00e4ksi ja puolueelliseksi.<\/p>\n<p>\t\t\t\tIsrael tiivisti Gazan kaupungin saartoa<\/p>\n<p>T\u00e4ll\u00e4 v\u00e4lin Israelin puolustusministeri Israel Katz sanoi antavansa Gazan kaupungin asukkaille viimeisen tilaisuuden poistua. H\u00e4n sanoi keskiviikkona armeijan tiivist\u00e4v\u00e4n kaupungin saartoa ja vaati siviilej\u00e4 j\u00e4tt\u00e4m\u00e4\u00e4n \u00e4\u00e4rij\u00e4rjest\u00f6 Hamasin taistelijat yksin kaupunkiin. Muuten he tulisivat kohdelluiksi terroristeina tai heid\u00e4n tukijoinaan, Katz sanoi.<\/p>\n<p>Aiemmin keskiviikkona Israelin asevoimat ilmoitti sulkevansa viimeisen Gazan asukkaille avoinna olleen reitin kaistan etel\u00e4osasta pohjoiseen, jossa Gazan kaupunki sijaitsee.<\/p>\n<p>Asevoimien tiedottaja ilmoitti <a href=\"https:\/\/x.com\/AvichayAdraee\/status\/1973232990487564496\" rel=\"nofollow\">X-viestipalvelussa<\/a>, ett\u00e4 samalla kun tie pohjoiseen suljetaan, saa Gazan kaupungista poistua vapaasti etel\u00e4\u00e4n joutumatta tiell\u00e4 tarkastuksiin.<\/p>\n<p>Israel on toistuvasti vaatinut Gazan kaupungin asukkaita l\u00e4htem\u00e4\u00e4n pois sotatoimiensa tielt\u00e4.<\/p>\n<p>Israel aloitti syyskuun puoliv\u00e4liss\u00e4 Gazan kaupungissa maaoperaation, joka on tuomittu maailmalla laajasti. YK:n riippumaton tutkintakomissio on sanonut Israelin syyllistyv\u00e4n kansanmurhaan Gazassa.<\/p>\n","protected":false},"excerpt":{"rendered":"\u00c4\u00e4rij\u00e4rjest\u00f6 Hamas haluaa muokkauksia Yhdysvaltain presidentti Donald Trumpin Gaza-suunnitelmaan, sanoi Hamasin johtoa l\u00e4hell\u00e4 oleva l\u00e4hde AFP:lle keskiviikkona. J\u00e4rjest\u00f6&hellip;\n","protected":false},"author":2,"featured_media":50562,"comment_status":"","ping_status":"","sticky":false,"template":"","format":"standard","meta":{"footnotes":""},"categories":[14],"tags":[22,23,585,26,27,33,31,30,17,24,25,803,28,29,15,18,21,142,637,144,32,19,20,56,16,638,59,60,61,143],"class_list":{"0":"post-50561","1":"post","2":"type-post","3":"status-publish","4":"format-standard","5":"has-post-thumbnail","7":"category-ulkomaat","8":"tag-breaking-news","9":"tag-breakingnews","10":"tag-donald-trump","11":"tag-featured-news","12":"tag-featurednews","13":"tag-fi","14":"tag-finland","15":"tag-finnish","16":"tag-headlines","17":"tag-latest-news","18":"tag-latestnews","19":"tag-levottomuudet-ja-sodat","20":"tag-main-news","21":"tag-mainnews","22":"tag-news","23":"tag-otsikot","24":"tag-paauutiset","25":"tag-poliitikot","26":"tag-politiikka","27":"tag-presidentti","28":"tag-suomi","29":"tag-top-stories","30":"tag-topstories","31":"tag-ulkomaat","32":"tag-uutiset","33":"tag-valtiovalta","34":"tag-world","35":"tag-world-news","36":"tag-worldnews","37":"tag-yhdysvaltain-politiikka"},"share_on_mastodon":{"url":"","error":""},"_links":{"self":[{"href":"https:\/\/www.europesays.com\/fi\/wp-json\/wp\/v2\/posts\/50561","targetHints":{"allow":["GET"]}}],"collection":[{"href":"https:\/\/www.europesays.com\/fi\/wp-json\/wp\/v2\/posts"}],"about":[{"href":"https:\/\/www.europesays.com\/fi\/wp-json\/wp\/v2\/types\/post"}],"author":[{"embeddable":true,"href":"https:\/\/www.europesays.com\/fi\/wp-json\/wp\/v2\/users\/2"}],"replies":[{"embeddable":true,"href":"https:\/\/www.europesays.com\/fi\/wp-json\/wp\/v2\/comments?post=50561"}],"version-history":[{"count":0,"href":"https:\/\/www.europesays.com\/fi\/wp-json\/wp\/v2\/posts\/50561\/revisions"}],"wp:featuredmedia":[{"embeddable":true,"href":"https:\/\/www.europesays.com\/fi\/wp-json\/wp\/v2\/media\/50562"}],"wp:attachment":[{"href":"https:\/\/www.europesays.com\/fi\/wp-json\/wp\/v2\/media?parent=50561"}],"wp:term":[{"taxonomy":"category","embeddable":true,"href":"https:\/\/www.europesays.com\/fi\/wp-json\/wp\/v2\/categories?post=50561"},{"taxonomy":"post_tag","embeddable":true,"href":"https:\/\/www.europesays.com\/fi\/wp-json\/wp\/v2\/tags?post=50561"}],"curies":[{"name":"wp","href":"https:\/\/api.w.org\/{rel}","templated":true}]}}