{"id":50563,"date":"2025-10-01T13:30:12","date_gmt":"2025-10-01T13:30:12","guid":{"rendered":"https:\/\/www.europesays.com\/fi\/50563\/"},"modified":"2025-10-01T13:30:12","modified_gmt":"2025-10-01T13:30:12","slug":"lammas-tapettiin-vantaalla","status":"publish","type":"post","link":"https:\/\/www.europesays.com\/fi\/50563\/","title":{"rendered":"Lammas tapettiin Vantaalla"},"content":{"rendered":"<p>Poliisi kaipaa yleis\u00f6lt\u00e4 havaintoja tapaukseen liittyen.<\/p>\n<p><img decoding=\"async\" class=\"image image-show image-preview\" src=\"https:\/\/www.europesays.com\/fi\/wp-content\/uploads\/2025\/10\/0e8239e91c5d9d3e196b4d96a5a8525c6f915fa4596146ea994f6b750afe76c7.jpg\" alt=\"\"\/><img decoding=\"async\" class=\"image image-show\" src=\"https:\/\/www.europesays.com\/fi\/wp-content\/uploads\/2025\/10\/1759325412_213_0e8239e91c5d9d3e196b4d96a5a8525c6f915fa4596146ea994f6b750afe76c7.jpg\" alt=\"\"\/><\/p>\n<p>Kuvan lammas ei liity tapaukseen. KIMMO HAAPALA<\/p>\n<p class=\"paragraph\">Aitauksessa ollut lammas tapettiin Vantaalla.<\/p>\n<p class=\"paragraph\">Poliisi pyyt\u00e4\u00e4 havaintoja 28.\u201329. syyskuuta, sunnuntain ja maanantain v\u00e4lisen\u00e4 y\u00f6n\u00e4 tapahtuneeseen el\u00e4insuojelurikokseen ja varkauteen liittyen.<\/p>\n<p class=\"paragraph\">Poliisin mukaan j\u00e4lkien perusteella lammas oli tapettu aitauksessa ja viety sielt\u00e4 sen j\u00e4lkeen mahdollisesti autolla pois.<\/p>\n<p class=\"paragraph\">\u2013 J\u00e4ljet p\u00e4\u00e4ttyiv\u00e4t aitauksen portin etupuolelle ja ep\u00e4ilemme, ett\u00e4 siit\u00e4 lammas on kuljetettu pois mahdollisesti autolla, tapauksen tutkinnanjohtaja rikoskomisario <strong>Markku Lylykangas<\/strong> kertoo poliisin tiedotteessa.<\/p>\n<p class=\"paragraph\">Poliisi pyyt\u00e4\u00e4 havaintoja nimenomaan tekopaikalta ja siell\u00e4 \u00f6iseen aikaan havaituista henkil\u00f6ist\u00e4 tai ajoneuvoista.<\/p>\n<p class=\"paragraph\">\u2013 Kaikki havainnot ovat meille arvokkaita ep\u00e4illyn tai ep\u00e4iltyjen tavoittamiseksi. Havainnoista pyyd\u00e4mme ilmoittamaan It\u00e4-Uudenmaan poliisin vihjepostiin It\u00e4-Uudenmaan poliisin vihjepostiin vihjeet.ita-uusimaa@poliisi.fi, Lylykangas kehottaa.<\/p>\n","protected":false},"excerpt":{"rendered":"Poliisi kaipaa yleis\u00f6lt\u00e4 havaintoja tapaukseen liittyen. Kuvan lammas ei liity tapaukseen. KIMMO HAAPALA Aitauksessa ollut lammas tapettiin Vantaalla.&hellip;\n","protected":false},"author":2,"featured_media":50564,"comment_status":"","ping_status":"","sticky":false,"template":"","format":"standard","meta":{"footnotes":""},"categories":[12],"tags":[35,22,23,404,26,27,33,31,30,17,55,24,25,28,29,15,18,21,122,54,52,32,19,20,16],"class_list":{"0":"post-50563","1":"post","2":"type-post","3":"status-publish","4":"format-standard","5":"has-post-thumbnail","7":"category-suomi","8":"tag-24h","9":"tag-breaking-news","10":"tag-breakingnews","11":"tag-elaimet","12":"tag-featured-news","13":"tag-featurednews","14":"tag-fi","15":"tag-finland","16":"tag-finnish","17":"tag-headlines","18":"tag-lainvalvonta","19":"tag-latest-news","20":"tag-latestnews","21":"tag-main-news","22":"tag-mainnews","23":"tag-news","24":"tag-otsikot","25":"tag-paauutiset","26":"tag-pelastaminen","27":"tag-pelastuspalvelut","28":"tag-poliisi","29":"tag-suomi","30":"tag-top-stories","31":"tag-topstories","32":"tag-uutiset"},"share_on_mastodon":{"url":"","error":""},"_links":{"self":[{"href":"https:\/\/www.europesays.com\/fi\/wp-json\/wp\/v2\/posts\/50563","targetHints":{"allow":["GET"]}}],"collection":[{"href":"https:\/\/www.europesays.com\/fi\/wp-json\/wp\/v2\/posts"}],"about":[{"href":"https:\/\/www.europesays.com\/fi\/wp-json\/wp\/v2\/types\/post"}],"author":[{"embeddable":true,"href":"https:\/\/www.europesays.com\/fi\/wp-json\/wp\/v2\/users\/2"}],"replies":[{"embeddable":true,"href":"https:\/\/www.europesays.com\/fi\/wp-json\/wp\/v2\/comments?post=50563"}],"version-history":[{"count":0,"href":"https:\/\/www.europesays.com\/fi\/wp-json\/wp\/v2\/posts\/50563\/revisions"}],"wp:featuredmedia":[{"embeddable":true,"href":"https:\/\/www.europesays.com\/fi\/wp-json\/wp\/v2\/media\/50564"}],"wp:attachment":[{"href":"https:\/\/www.europesays.com\/fi\/wp-json\/wp\/v2\/media?parent=50563"}],"wp:term":[{"taxonomy":"category","embeddable":true,"href":"https:\/\/www.europesays.com\/fi\/wp-json\/wp\/v2\/categories?post=50563"},{"taxonomy":"post_tag","embeddable":true,"href":"https:\/\/www.europesays.com\/fi\/wp-json\/wp\/v2\/tags?post=50563"}],"curies":[{"name":"wp","href":"https:\/\/api.w.org\/{rel}","templated":true}]}}