{"id":50567,"date":"2025-10-01T13:32:11","date_gmt":"2025-10-01T13:32:11","guid":{"rendered":"https:\/\/www.europesays.com\/fi\/50567\/"},"modified":"2025-10-01T13:32:11","modified_gmt":"2025-10-01T13:32:11","slug":"uhanalaisille-taimenille-ei-kaynytkaan-huonosti-matajoella-helsingissa-projektijohtaja-tilanne-on-loistava-luonto","status":"publish","type":"post","link":"https:\/\/www.europesays.com\/fi\/50567\/","title":{"rendered":"Uhanalaisille taimenille ei k\u00e4ynytk\u00e4\u00e4n huonosti M\u00e4t\u00e4joella Helsingiss\u00e4 \u2013 projektijohtaja: \u201dTilanne on loistava\u201d | Luonto"},"content":{"rendered":"<p>Juttu tiivistettyn\u00e4<\/p>\n<ul class=\"aw-1jjocuh iJTSwP yle__article__list yle__article__list--ul\">\n<li class=\"aw-1j7gwms kUeLji\">Helsingin M\u00e4t\u00e4joella on saatu huojentavia tuloksia eritt\u00e4in uhanalaisen meritaimenen poikasista.<\/li>\n<li class=\"aw-1j7gwms kUeLji\">Kev\u00e4ll\u00e4 ty\u00f6maapato rakennettiin v\u00e4\u00e4r\u00e4\u00e4n paikkaan kutupesien p\u00e4\u00e4lle.<\/li>\n<li class=\"aw-1j7gwms kUeLji\">Kes\u00e4n s\u00e4\u00e4olosuhteet olivat hankalat ja useilla puroilla havaittiin isoa poikaskatoa.<\/li>\n<li class=\"aw-1j7gwms kUeLji\">Nyt M\u00e4t\u00e4joella mitattiin suuret poikastiheydet.<\/li>\n<li class=\"aw-1j7gwms kUeLji\">Str\u00f6mberginkosken kalatie on valmistumassa my\u00f6h\u00e4ss\u00e4 kes\u00e4n sateiden takia.<\/li>\n<\/ul>\n<p class=\"aw-1gybjub aw-1p7kakr cmIuaG fmSRng yle__article__paragraph\">T\u00e4m\u00e4 on toimittajan tekem\u00e4 tiivistelm\u00e4, jossa on k\u00e4ytetty apuna teko\u00e4ly\u00e4.<\/p>\n<p class=\"aw-1gybjub aw-1p7kakr cmIuaG fmSRng yle__article__paragraph\">Jos taimenen poikanen ajattelisi kuten ihminen, sadattelu voisi olla nyt perusteltua.<\/p>\n<p class=\"aw-1gybjub aw-1p7kakr cmIuaG fmSRng yle__article__paragraph\">\u201dT\u00e4m\u00e4kin viel\u00e4\u201d, ajattelisi sintti.<\/p>\n<p class=\"aw-1gybjub aw-1p7kakr cmIuaG fmSRng yle__article__paragraph\">Se on juuri kangistunut s\u00e4hk\u00f6virran takia ja lipunut Kala- ja vesitutkimus Oy:n tutkijan <strong class=\"aw-ak79eh KyCXm yle__article__strong\">Petri Karppisen<\/strong> haaviin.<\/p>\n<p>Tutkijat kalastavat taimenia haaviin s\u00e4hk\u00f6n avulla. Video: Petteri Juuti \/ Yle<\/p>\n<p class=\"aw-1gybjub aw-1p7kakr cmIuaG fmSRng yle__article__paragraph\">Tarkoitus on selvitt\u00e4\u00e4, mit\u00e4 kev\u00e4\u00e4ll\u00e4 otsikoihin p\u00e4\u00e4tyneen Helsingin M\u00e4t\u00e4joen taimenpoikasille kuuluu.<\/p>\n<p>Kutupes\u00e4t j\u00e4iv\u00e4t ty\u00f6maapadon alle<\/p>\n<p class=\"aw-1gybjub aw-1p7kakr cmIuaG fmSRng yle__article__paragraph\">Poikasten el\u00e4m\u00e4 koki kovan kolauksen jo ennen kuin se ehti alkaakaan.<\/p>\n<p class=\"aw-1gybjub aw-1p7kakr cmIuaG fmSRng yle__article__paragraph\">Tarkoitus oli hyv\u00e4, kun ty\u00f6ntekij\u00e4t alkoivat viime kev\u00e4\u00e4n\u00e4 kunnostaa Str\u00f6mbergin kosken ymp\u00e4rist\u00f6\u00e4 eritt\u00e4in uhanalaiselle taimenelle sopivaksi.<\/p>\n<p class=\"aw-1gybjub aw-1p7kakr cmIuaG fmSRng yle__article__paragraph\">Otsikot syntyiv\u00e4t siit\u00e4, ett\u00e4 taimenten suojaksi suunniteltu v\u00e4liaikainen ty\u00f6maapato kasattiin usean kutupes\u00e4n p\u00e4\u00e4lle.<\/p>\n<p class=\"aw-1gybjub aw-1p7kakr cmIuaG fmSRng yle__article__paragraph\">Kutupesien paikat olivat kyll\u00e4 tiedossa, mutta tieto ei p\u00e4\u00e4tynyt tekij\u00f6ille asti. Osa kudusta j\u00e4i painavan kivilastin ja suodatinkankaan alle.<\/p>\n<p class=\"aw-1gybjub aw-1p7kakr cmIuaG fmSRng yle__article__paragraph\">Padon viereiset kutupes\u00e4t taas k\u00e4rsiv\u00e4t happikadosta, kun vesi ei en\u00e4\u00e4 virrannut entiseen tapaan.<\/p>\n<p class=\"aw-1gybjub aw-1p7kakr cmIuaG fmSRng yle__article__paragraph\">\u2013 Onneksi kivet ja kangas saatiin nopeasti pois, Helsingin perhokalastajien vesienhoitovastaava <strong class=\"aw-ak79eh KyCXm yle__article__strong\">Pekka Lindblad<\/strong> sanoo.<\/p>\n<p><img decoding=\"async\" alt=\"Kaivuri raivaa kivia pois joesta. \" src=\"https:\/\/www.europesays.com\/fi\/wp-content\/uploads\/2025\/10\/39-14547276808d13639f7b.jpeg\" loading=\"lazy\" class=\"aw-1l9m598 hKVVvP\"\/><\/p>\n<p>Avaa kuvien katselu<\/p>\n<p>Ty\u00f6maapato purettiin 23. huhtikuuta, eli p\u00e4iv\u00e4n sen rakentamisen j\u00e4lkeen. Kuva: Petteri Juuti \/ Yle<\/p>\n<p class=\"aw-1gybjub aw-1p7kakr cmIuaG fmSRng yle__article__paragraph\">Poliisin esitutkinnassa selvitet\u00e4\u00e4n parhaillaan, syyllistyik\u00f6 joku mahdollisesti rikokseen tietokatkoksessa. Ely-keskus on tyytyv\u00e4inen kaupungilta saamaansa selvitykseen, se ei ole ryhtym\u00e4ss\u00e4 jatkotoimenpiteisiin.<\/p>\n<p class=\"aw-1gybjub aw-1p7kakr cmIuaG fmSRng yle__article__paragraph\">Jo alkukes\u00e4st\u00e4 n\u00e4ytti silt\u00e4, ett\u00e4 pahimmalta s\u00e4\u00e4styttiin. Kutupaikalla n\u00e4htiin poikasia runsain m\u00e4\u00e4rin.<\/p>\n<p>Kes\u00e4s\u00e4\u00e4 oli taimenille vaikea<\/p>\n<p class=\"aw-1gybjub aw-1p7kakr cmIuaG fmSRng yle__article__paragraph\">Seuraavaksi Karppisen haavimat poikaset p\u00e4\u00e4tyv\u00e4t maastoon kasatulle tutkimuslinjastolle.<\/p>\n<p>Kun kalat on saatu talteen, ne mitataan ja niiden m\u00e4\u00e4r\u00e4 lasketaan. Video: Petteri Juuti \/ Yle<\/p>\n<p class=\"aw-1gybjub aw-1p7kakr cmIuaG fmSRng yle__article__paragraph\">Ty\u00f6maalla sattuneen virheen lis\u00e4ksi taimenet ovat selvinneet monesta muusta.<\/p>\n<p class=\"aw-1gybjub aw-1p7kakr cmIuaG fmSRng yle__article__paragraph\">Useilla Helsingin puroilla havaittiin juhannuksen j\u00e4lkeen isoa poikaskatoa. N\u00e4in k\u00e4vi my\u00f6s Konalanojalla, joka on yksi M\u00e4t\u00e4joen latvavesist\u00e4.<\/p>\n<p class=\"aw-1gybjub aw-1p7kakr cmIuaG fmSRng yle__article__paragraph\">\u2013 Kes\u00e4kuun alussa poikasia oli erinomaisen hyvin, mutta kes\u00e4kuun loppuun menness\u00e4 ne olivat h\u00e4vinneet, Helsingin kaupunkiymp\u00e4rist\u00f6n projektijohtaja <strong class=\"aw-ak79eh KyCXm yle__article__strong\">Henrik Kettunen<\/strong> sanoo.<\/p>\n<p class=\"aw-1gybjub aw-1p7kakr cmIuaG fmSRng yle__article__paragraph\">Jo luonto itsess\u00e4\u00e4n on vaaroja t\u00e4ynn\u00e4. Taimenia saalistavat linnut, saukot ja muut kalat \u2013 my\u00f6s isommat lajitoverit.<\/p>\n<p class=\"aw-1gybjub aw-1p7kakr cmIuaG fmSRng yle__article__paragraph\">Kaupunkikaloilla on viel\u00e4 omat ongelmansa.<\/p>\n<p><img decoding=\"async\" alt=\"Kaksi miest\u00e4 seisoo joessa. Toisella sel\u00e4ss\u00e4 valkoinen laatikko ja k\u00e4siss\u00e4 haavi sek\u00e4 varren p\u00e4\u00e4ss\u00e4 oleva metallinen silmukka. Toisella haavi ja valkoinen \u00e4mp\u00e4ri. \" src=\"https:\/\/www.europesays.com\/fi\/wp-content\/uploads\/2025\/10\/39-153027068db8b9e07c61.jpeg\" loading=\"lazy\" class=\"aw-1l9m598 hKVVvP\"\/><\/p>\n<p>Avaa kuvien katselu<\/p>\n<p>Esimerkiksi graffitien pesussa k\u00e4ytett\u00e4v\u00e4t aineet voivat tappaa taimenen poikasia, jos ainetta p\u00e4\u00e4tyy jokiin. T\u00e4n\u00e4 kes\u00e4n\u00e4 graffiteja pestiin Vihdintien alikulusta Konalanojan vieress\u00e4. Se on vajaan parin kilometrin p\u00e4\u00e4ss\u00e4 koekalastuspaikasta. Kuva: Petteri Juuti \/ Yle<\/p>\n<p class=\"aw-1gybjub aw-1p7kakr cmIuaG fmSRng yle__article__paragraph\">Taimenet pit\u00e4v\u00e4t eniten viile\u00e4st\u00e4 ja raikkaasta vedest\u00e4, mutta kes\u00e4n lopulla sattui paljon helteit\u00e4 ja runsaita sateita. Kun kuumalle asvaltille osuu kova sade, jokiin p\u00e4\u00e4tyy viem\u00e4reist\u00e4 paljon l\u00e4mmint\u00e4 vett\u00e4.<\/p>\n<p class=\"aw-1gybjub aw-1p7kakr cmIuaG fmSRng yle__article__paragraph\">Kaloille on haittaa, jos l\u00e4mp\u00f6tila nousee yli 20 asteen. Nopea l\u00e4mp\u00f6tilan nousu voi tappaa.<\/p>\n<p class=\"aw-1gybjub aw-1p7kakr cmIuaG fmSRng yle__article__paragraph\">T\u00e4ll\u00e4 alueella sit\u00e4 ongelmaa ei juuri ole.<\/p>\n<p class=\"aw-1gybjub aw-1p7kakr cmIuaG fmSRng yle__article__paragraph\">\u2013 M\u00e4t\u00e4joen alaosassa on seurattu l\u00e4mp\u00f6tilaa monta vuotta ymp\u00e4ri vuoden. Edes kovilla helteill\u00e4 veden l\u00e4mp\u00f6tila ei ole juurikaan noussut yli 20 asteen, Helsingin perhokalastajien Pekka Lindblad tiet\u00e4\u00e4.<\/p>\n<p class=\"aw-1gybjub aw-1p7kakr cmIuaG fmSRng yle__article__paragraph\">Hulevesien mukana jokiin valuu kaduilta, parkkipaikoilta ja pihoilta likaa, raskasmetalleja sek\u00e4 myrkkyj\u00e4. Siksi esimerkiksi autojen pesu asfaltilla on kielletty.<\/p>\n<p class=\"aw-1gybjub aw-1p7kakr cmIuaG fmSRng yle__article__paragraph\">\u2013 Osa ihmisist\u00e4 saattaa ajatella, ett\u00e4 n\u00e4m\u00e4h\u00e4n menev\u00e4t j\u00e4teveden puhdistamoon eik\u00e4 ole haittaa, jos v\u00e4h\u00e4n kaadan sadevesiviem\u00e4riin. Helsingiss\u00e4 hulevedet ohjautuvat puhdistamattomina l\u00e4hes poikkeuksetta taimenpuroihin, projektijohtaja Kettunen sanoo.<\/p>\n<p><img decoding=\"async\" alt=\"Betoninen sadevesiviem\u00e4riputken p\u00e4\u00e4, josta tulee vett\u00e4 ojaan. Aukon vieress\u00e4 vaaleampaa ja hienompaa hiekkaa joen pohjassa.\" src=\"https:\/\/www.europesays.com\/fi\/wp-content\/uploads\/2025\/10\/39-153027868db8bbc6cf58.jpeg\" loading=\"lazy\" class=\"aw-1l9m598 hKVVvP\"\/><\/p>\n<p>Avaa kuvien katselu<\/p>\n<p>Hulevesiputken vieress\u00e4 n\u00e4kyv\u00e4 hieno hiekka on alun perin hiekoitushiekkaa, jota on valunut viem\u00e4reist\u00e4 puroon. Vuonna 2013 l\u00e4heisen Teknoksen maalitehtaan myrkyt tulivat samasta putkesta. Myrkky tappoi kalat ja suuren osan vesihy\u00f6nteisist\u00e4 pitk\u00e4lle alavirtaan. Kuva: Petteri Juuti \/ YleKoekalastuksen tulos ilahduttaa<\/p>\n<p class=\"aw-1gybjub aw-1p7kakr cmIuaG fmSRng yle__article__paragraph\">Kun kalat on mitattu, ne p\u00e4\u00e4sev\u00e4t taas virtaavaan veteen.<\/p>\n<p>Tutkimusten j\u00e4lkeen kalat palautetaan veteen. Video: Petteri Juuti \/ Yle<\/p>\n<p class=\"aw-1gybjub aw-1p7kakr cmIuaG fmSRng yle__article__paragraph\">Parin tunnin uurastuksen j\u00e4lkeen onnettomuusalueen koeala on tutkittu.<\/p>\n<p class=\"aw-1gybjub aw-1p7kakr cmIuaG fmSRng yle__article__paragraph\">Kaloja on paljon.<\/p>\n<p class=\"aw-1gybjub aw-1p7kakr cmIuaG fmSRng yle__article__paragraph\">V\u00e4\u00e4r\u00e4\u00e4n paikkaan rakennetun padon kohdalla kes\u00e4n vanhojen taimenten tiheydeksi saatiin 179 poikasta aarilla. Se on parhaita t\u00e4st\u00e4 paikasta saatuja tuloksia \u2013 kaksi kertaa tulos on ollut yli 200.<\/p>\n<p class=\"aw-1gybjub aw-1p7kakr cmIuaG fmSRng yle__article__paragraph\">\u2013 Tilanne on ihan loistava. Yleisesti ottaen Suomessa 50\u201360 poikasta on hyv\u00e4 tulos, projektijohtaja Kettunen suhteuttaa.<\/p>\n<p class=\"aw-1gybjub aw-1p7kakr cmIuaG fmSRng yle__article__paragraph\">H\u00e4nen mielest\u00e4\u00e4n ty\u00f6maalla on tehty virheen j\u00e4lkeen paljon oikeita asioita.<\/p>\n<p class=\"aw-1gybjub aw-1p7kakr cmIuaG fmSRng yle__article__paragraph\">\u2013 Kunnostusty\u00f6maa ei ole heikent\u00e4nyt tilannetta ainakaan dramaattisesti, vaikka hetken n\u00e4ytti v\u00e4h\u00e4n huolestuttavalta, h\u00e4n arvioi.<\/p>\n<p><img decoding=\"async\" alt=\"Parikymment\u00e4 sentti\u00e4 pitk\u00e4 meritaimen kahden avoimen k\u00e4mmenen p\u00e4\u00e4ll\u00e4. Taustalla tumma saavi.\" src=\"https:\/\/www.europesays.com\/fi\/wp-content\/uploads\/2025\/10\/39-153027368db8bad7b5cd.jpeg\" loading=\"lazy\" class=\"aw-1l9m598 hKVVvP\"\/><\/p>\n<p>Avaa kuvien katselu<\/p>\n<p>Vaikka tutkimuksessa selvitet\u00e4\u00e4n erityisesti kes\u00e4nvanhojen poikasten tiheytt\u00e4, haaviin osuu my\u00f6s vanhempia yksil\u00f6it\u00e4. Kuva: Petteri Juuti \/ Yle<\/p>\n<p class=\"aw-1gybjub aw-1p7kakr cmIuaG fmSRng yle__article__paragraph\">Kalastus tehd\u00e4\u00e4n kaupungin kustannuksella, mutta paikat n\u00e4ytt\u00e4\u00e4 Helsingin perhokalastajien Lindblad, joka on johtanut M\u00e4t\u00e4joen kunnostustalkoita 16 vuotta.<\/p>\n<p class=\"aw-1gybjub aw-1p7kakr cmIuaG fmSRng yle__article__paragraph\">H\u00e4n on se henkil\u00f6, jolta ty\u00f6maapatojen sijainti olisi pit\u00e4nyt tarkistaa ennen rakentamista.<\/p>\n<p class=\"aw-1gybjub aw-1p7kakr cmIuaG fmSRng yle__article__paragraph\">\u2013 Oli tosi iso j\u00e4rkytys, ett\u00e4 sill\u00e4 tavalla p\u00e4\u00e4si k\u00e4ym\u00e4\u00e4n. Siihen n\u00e4hden tuntemukset ovat nyt aivan p\u00e4invastaisia. Onneksi selvisimme s\u00e4ik\u00e4hdyksell\u00e4 t\u00e4st\u00e4 aika pitk\u00e4lti.<\/p>\n<p><img decoding=\"async\" alt=\"Nelj\u00e4 miest\u00e4 vehre\u00e4ll\u00e4 ojanpenkalla. Yksi mies polvillaan maassa \u00e4mp\u00e4reiden ja laatikon \u00e4\u00e4ress\u00e4. \" src=\"https:\/\/www.europesays.com\/fi\/wp-content\/uploads\/2025\/10\/39-153027668db8bb64fdae.jpeg\" loading=\"lazy\" class=\"aw-1l9m598 hKVVvP\"\/><\/p>\n<p>Avaa kuvien katselu<\/p>\n<p>Kalat tutkitaan M\u00e4t\u00e4joen penkalla ja p\u00e4\u00e4stet\u00e4\u00e4n sen j\u00e4lkeen takaisin. Kuva: Petteri Juuti \/ Yle<\/p>\n<p class=\"aw-1gybjub aw-1p7kakr cmIuaG fmSRng yle__article__paragraph\">Onnettomuusalueen tutkimisen j\u00e4lkeen tutkijat koekalastavat my\u00f6s alavirran suunnassa. Tulokset ovat hyvi\u00e4.<\/p>\n<p class=\"aw-1gybjub aw-1p7kakr cmIuaG fmSRng yle__article__paragraph\">\u2013 M\u00e4t\u00e4joen taimentiheyksi\u00e4 voisi luonnehtia erinomaisiksi, verrattuna moniin paikkoihin muualla etel\u00e4isess\u00e4 Suomessa. Valitettavan monissa kohteissa taimen tai kaksi voi olla tuulettamisen paikka, Kala- ja vesitutkimus Oy:n tutkija <strong class=\"aw-ak79eh KyCXm yle__article__strong\">Elias Haro<\/strong> arvioi.<\/p>\n<p>Kalatiety\u00f6maalla kiire valmistua ennen taimenten nousua<\/p>\n<p class=\"aw-1gybjub aw-1p7kakr cmIuaG fmSRng yle__article__paragraph\">Jos tutkitut kalat tahtoisivat nousta yl\u00e4virtaan, se ei onnistu. Edess\u00e4 on pieni vesiputous.<\/p>\n<p><img decoding=\"async\" alt=\"Valkoisena vaahtoava noin kolme metri\u00e4 korkea koski.\" src=\"https:\/\/www.europesays.com\/fi\/wp-content\/uploads\/2025\/10\/39-153028068db8bc3da06c.jpeg\" loading=\"lazy\" class=\"aw-1l9m598 hKVVvP\"\/><\/p>\n<p>Avaa kuvien katselu<\/p>\n<p>Kolmemetrinen Str\u00f6mberginkoski on kaloille ylitsep\u00e4\u00e4sem\u00e4t\u00f6n este. Kuva: Petteri Juuti \/ Yle<\/p>\n<p class=\"aw-1gybjub aw-1p7kakr cmIuaG fmSRng yle__article__paragraph\">Kes\u00e4n aikana Str\u00f6mberginkoskelle on rakennettu kalatiet\u00e4, mutta ty\u00f6 on kesken. Kovat sateet hidastivat ty\u00f6t\u00e4.<\/p>\n<p class=\"aw-1gybjub aw-1p7kakr cmIuaG fmSRng yle__article__paragraph\">N\u00e4ill\u00e4 n\u00e4kymin kalatie saattaa valmistua lokakuun puoleen v\u00e4liin menness\u00e4.<\/p>\n<p><img decoding=\"async\" alt=\"Ty\u00f6maa-alue, jossa suurinpiirtein n\u00e4kyy maahan kaivettu kiemurtelevan kalatien pohja. \" src=\"https:\/\/www.europesays.com\/fi\/wp-content\/uploads\/2025\/10\/39-153027968db8bc24d91d.jpeg\" loading=\"lazy\" class=\"aw-1l9m598 hKVVvP\"\/><\/p>\n<p>Avaa kuvien katselu<\/p>\n<p>Str\u00f6mberginkosken kosken (vasemmalla) viereen rakennetaan mutkittelevaa ja loivemmin nousevaa reitti, jota pitkin kalat p\u00e4\u00e4sev\u00e4t tulevaisuudessa kulkemaan. Kuva: Petteri Juuti \/ Yle<\/p>\n<p class=\"aw-1gybjub aw-1p7kakr cmIuaG fmSRng yle__article__paragraph\">Kosken yl\u00e4puolella n\u00e4ytt\u00e4\u00e4 jo valmiimmalta.<\/p>\n<p><img decoding=\"async\" alt=\"Betoninen silta, jonka alta kulkee oja. Ojan reunoilla n\u00e4kyy leikkauskohdat, joista ennen l\u00e4hti pato.\" src=\"https:\/\/www.europesays.com\/fi\/wp-content\/uploads\/2025\/10\/39-153026868db8b95a3569.jpeg\" loading=\"lazy\" class=\"aw-1l9m598 hKVVvP\"\/><\/p>\n<p>Avaa kuvien katselu<\/p>\n<p>Kosken yl\u00e4puolelta on poistettu puolimetrinen pato, ja tilalla on kaloille sopiva kivinen puro. Kuva: Petteri Juuti \/ Yle<img decoding=\"async\" alt=\"Etualalla py\u00f6rill\u00e4 kivill\u00e4 reunustettu ja pohjustettu uoma, jonka yl\u00e4puolella parikymment\u00e4 metri\u00e4 leve\u00e4 allas.\" src=\"https:\/\/www.europesays.com\/fi\/wp-content\/uploads\/2025\/10\/39-153026968db8b966d591.jpeg\" loading=\"lazy\" class=\"aw-1l9m598 hKVVvP\"\/><\/p>\n<p>Avaa kuvien katselu<\/p>\n<p>Altaan pohja on ruopattu, jotta se sopisi paremmin taimenten talvehtimispaikaksi. Kuva: Petteri Juuti \/ Yle<img decoding=\"async\" alt=\"Kaksi kapeata py\u00f6reiden kivien reunustamaa purouomaa, jotka yhdistyv\u00e4t yhdeksi isommaksi.\" src=\"https:\/\/www.europesays.com\/fi\/wp-content\/uploads\/2025\/10\/39-153027268db8ba84ab14.jpeg\" loading=\"lazy\" class=\"aw-1l9m598 hKVVvP\"\/><\/p>\n<p>Avaa kuvien katselu<\/p>\n<p>Altaan yl\u00e4puolelle on rakennettu kaksi t\u00e4ysin uutta kivist\u00e4 uomaa, joiden pit\u00e4isi sopia taimenten poikasalueiksi. Kuva: Petteri Juuti \/ Yle<\/p>\n<p class=\"aw-1gybjub aw-1p7kakr cmIuaG fmSRng yle__article__paragraph\">N\u00e4ht\u00e4v\u00e4ksi j\u00e4\u00e4, ehtiik\u00f6 kalatie valmiiksi, ennen kuin merelt\u00e4 nousevat taimenet l\u00e4htev\u00e4t nousemaan kutupuuhiin.<\/p>\n<p class=\"aw-1gybjub aw-1p7kakr cmIuaG fmSRng yle__article__paragraph\">Joka tapauksessa kest\u00e4\u00e4 vuosia, kun luonto viimeistelee insin\u00f6\u00f6rien koneiden j\u00e4ljet. Sitten n\u00e4hd\u00e4\u00e4n, millainen lis\u00e4\u00e4ntymisalue t\u00e4st\u00e4 syntyy.<\/p>\n","protected":false},"excerpt":{"rendered":"Juttu tiivistettyn\u00e4 Helsingin M\u00e4t\u00e4joella on saatu huojentavia tuloksia eritt\u00e4in uhanalaisen meritaimenen poikasista. Kev\u00e4ll\u00e4 ty\u00f6maapato rakennettiin v\u00e4\u00e4r\u00e4\u00e4n paikkaan kutupesien&hellip;\n","protected":false},"author":2,"featured_media":50568,"comment_status":"","ping_status":"","sticky":false,"template":"","format":"standard","meta":{"footnotes":""},"categories":[117],"tags":[33,31,30,104,1729,72,12545,476,118,32,119,1168,477,12546],"class_list":{"0":"post-50567","1":"post","2":"type-post","3":"status-publish","4":"format-standard","5":"has-post-thumbnail","7":"category-luonto","8":"tag-fi","9":"tag-finland","10":"tag-finnish","11":"tag-helsinki","12":"tag-kalat","13":"tag-luonto","14":"tag-matajoki","15":"tag-nature","16":"tag-science","17":"tag-suomi","18":"tag-tiede","19":"tag-uusimaa","20":"tag-wildlife","21":"tag-ymparistovahingot"},"share_on_mastodon":{"url":"","error":""},"_links":{"self":[{"href":"https:\/\/www.europesays.com\/fi\/wp-json\/wp\/v2\/posts\/50567","targetHints":{"allow":["GET"]}}],"collection":[{"href":"https:\/\/www.europesays.com\/fi\/wp-json\/wp\/v2\/posts"}],"about":[{"href":"https:\/\/www.europesays.com\/fi\/wp-json\/wp\/v2\/types\/post"}],"author":[{"embeddable":true,"href":"https:\/\/www.europesays.com\/fi\/wp-json\/wp\/v2\/users\/2"}],"replies":[{"embeddable":true,"href":"https:\/\/www.europesays.com\/fi\/wp-json\/wp\/v2\/comments?post=50567"}],"version-history":[{"count":0,"href":"https:\/\/www.europesays.com\/fi\/wp-json\/wp\/v2\/posts\/50567\/revisions"}],"wp:featuredmedia":[{"embeddable":true,"href":"https:\/\/www.europesays.com\/fi\/wp-json\/wp\/v2\/media\/50568"}],"wp:attachment":[{"href":"https:\/\/www.europesays.com\/fi\/wp-json\/wp\/v2\/media?parent=50567"}],"wp:term":[{"taxonomy":"category","embeddable":true,"href":"https:\/\/www.europesays.com\/fi\/wp-json\/wp\/v2\/categories?post=50567"},{"taxonomy":"post_tag","embeddable":true,"href":"https:\/\/www.europesays.com\/fi\/wp-json\/wp\/v2\/tags?post=50567"}],"curies":[{"name":"wp","href":"https:\/\/api.w.org\/{rel}","templated":true}]}}