{"id":50573,"date":"2025-10-01T13:48:07","date_gmt":"2025-10-01T13:48:07","guid":{"rendered":"https:\/\/www.europesays.com\/fi\/50573\/"},"modified":"2025-10-01T13:48:07","modified_gmt":"2025-10-01T13:48:07","slug":"james-gunnin-ovella-on-vakea-jonoksi-asti-moni-iso-nayttelija-haluaa-uudeksi-batmaniksi","status":"publish","type":"post","link":"https:\/\/www.europesays.com\/fi\/50573\/","title":{"rendered":"James Gunnin ovella on v\u00e4ke\u00e4 jonoksi asti: \u201cMoni iso n\u00e4yttelij\u00e4 haluaa uudeksi Batmaniksi\u201d"},"content":{"rendered":"<p>Robert Pattinson elokuvassa The Batman \/ Kuva: \u00a9 Warner Bros. Pictures<\/p>\n<p><strong>James Gunn etsii uutta Batmania DC Studiosin tuleviin tuotantoihin.<\/strong><\/p>\n<p>James Gunn on k\u00e4ynnist\u00e4nyt DC Studiosin elokuvauniversumin uudelleen kes\u00e4ll\u00e4 julkaistun Supermanin my\u00f6t\u00e4. David Corenswetin roolittamisen j\u00e4lkeen h\u00e4nell\u00e4 on kuitenkin edess\u00e4\u00e4n toinen valtava haaste: uuden <a href=\"https:\/\/muropaketti.com\/avainsana\/batman\/\" rel=\"nofollow noopener\" target=\"_blank\">Batmanin<\/a> l\u00f6yt\u00e4minen.<\/p>\n<p>Halukkaita ainakin olisi. <a href=\"https:\/\/nordic.ign.com\/batman-the-brave-and-the-bold-3\/99320\/news\/james-gunn-says-plenty-of-things-are-in-flux-on-batman-the-brave-and-the-bold-and-damian-wayne\" target=\"_blank\" rel=\"noopener nofollow\">IGN:n<\/a> haastattelussa Gunn kertoo, ett\u00e4 halukkaita on jonoksi asti.<\/p>\n<p>\u201dEn osaa edes kertoa, kuinka moni suuri n\u00e4yttelij\u00e4 on kertonut minulle haluavansa olla Batman. Luulen, ett\u00e4 olisi vaikeampaa l\u00f6yt\u00e4\u00e4 n\u00e4yttelij\u00f6it\u00e4, jotka eiv\u00e4t halua olla Batman. H\u00e4n on se hahmo, jota kaikki haluavat n\u00e4ytell\u00e4\u201d, Gunn kommentoi.<\/p>\n<p>Gunnin pit\u00e4\u00e4 l\u00f6yt\u00e4\u00e4 sopiva n\u00e4yttelij\u00e4 Batmanin ja Bruce Waynen rooliin suunnittelemaansa elokuvaan The Brave and the Bold. Haastattelussa Gunn my\u00f6s vihjaa tulevan elokuvan mahdollisesti eroavan tarinallisesti alkuper\u00e4isest\u00e4 sarjakuvasta.<\/p>\n<p>T\u00e4ydellisen Batman-n\u00e4yttelij\u00e4n l\u00f6yt\u00e4mist\u00e4 ei tietenk\u00e4\u00e4n helpota se, ett\u00e4 Robert Pattinson esitt\u00e4\u00e4 roolia edelleen Matt Reevesin suuresta DCU-kokonaisuudesta irrallisissa The Batman -elokuvissa. The Batman Part 2:n kuvausten on m\u00e4\u00e4r\u00e4 alkaa ensi vuoden puolella.<\/p>\n<blockquote class=\"wp-embedded-content\" data-secret=\"3aRiVLur57\">\n<p><a href=\"https:\/\/muropaketti.com\/elokuvat\/elokuva-arvostelut\/arvostelu-supersankarigenren-ylitarjonnan-keskella-superman-on-vain-yksi-supersankari-muiden-joukossa\/\" rel=\"nofollow noopener\" target=\"_blank\">Arvostelu | James Gunnin uusi Superman on vain yksi supersankari muiden joukossa<\/a><\/p>\n<\/blockquote>\n","protected":false},"excerpt":{"rendered":"Robert Pattinson elokuvassa The Batman \/ Kuva: \u00a9 Warner Bros. Pictures James Gunn etsii uutta Batmania DC Studiosin&hellip;\n","protected":false},"author":2,"featured_media":36510,"comment_status":"","ping_status":"","sticky":false,"template":"","format":"standard","meta":{"footnotes":""},"categories":[131],"tags":[2897,12547,155,137,33,173,31,30,180,172,32,109],"class_list":{"0":"post-50573","1":"post","2":"type-post","3":"status-publish","4":"format-standard","5":"has-post-thumbnail","7":"category-elokuvat","8":"tag-batman","9":"tag-batman-the-brave-and-the-bold","10":"tag-elokuvat","11":"tag-entertainment","12":"tag-fi","13":"tag-film","14":"tag-finland","15":"tag-finnish","16":"tag-james-gunn","17":"tag-movies","18":"tag-suomi","19":"tag-viihde"},"share_on_mastodon":{"url":"","error":""},"_links":{"self":[{"href":"https:\/\/www.europesays.com\/fi\/wp-json\/wp\/v2\/posts\/50573","targetHints":{"allow":["GET"]}}],"collection":[{"href":"https:\/\/www.europesays.com\/fi\/wp-json\/wp\/v2\/posts"}],"about":[{"href":"https:\/\/www.europesays.com\/fi\/wp-json\/wp\/v2\/types\/post"}],"author":[{"embeddable":true,"href":"https:\/\/www.europesays.com\/fi\/wp-json\/wp\/v2\/users\/2"}],"replies":[{"embeddable":true,"href":"https:\/\/www.europesays.com\/fi\/wp-json\/wp\/v2\/comments?post=50573"}],"version-history":[{"count":0,"href":"https:\/\/www.europesays.com\/fi\/wp-json\/wp\/v2\/posts\/50573\/revisions"}],"wp:featuredmedia":[{"embeddable":true,"href":"https:\/\/www.europesays.com\/fi\/wp-json\/wp\/v2\/media\/36510"}],"wp:attachment":[{"href":"https:\/\/www.europesays.com\/fi\/wp-json\/wp\/v2\/media?parent=50573"}],"wp:term":[{"taxonomy":"category","embeddable":true,"href":"https:\/\/www.europesays.com\/fi\/wp-json\/wp\/v2\/categories?post=50573"},{"taxonomy":"post_tag","embeddable":true,"href":"https:\/\/www.europesays.com\/fi\/wp-json\/wp\/v2\/tags?post=50573"}],"curies":[{"name":"wp","href":"https:\/\/api.w.org\/{rel}","templated":true}]}}