{"id":50574,"date":"2025-10-01T13:50:11","date_gmt":"2025-10-01T13:50:11","guid":{"rendered":"https:\/\/www.europesays.com\/fi\/50574\/"},"modified":"2025-10-01T13:50:11","modified_gmt":"2025-10-01T13:50:11","slug":"jypin-tahtihankinta-ehdolla-liigan-kuukauden-pelaajaksi-urheilu","status":"publish","type":"post","link":"https:\/\/www.europesays.com\/fi\/50574\/","title":{"rendered":"JYPin t\u00e4htihankinta ehdolla Liigan kuukauden pelaajaksi | Urheilu"},"content":{"rendered":"<p>JYPin hy\u00f6kk\u00e4\u00e4j\u00e4 <strong>Leevi Tukiainen<\/strong>, 25, on ehdolla j\u00e4\u00e4kiekkoliigan kuukauden pelaajaksi.<\/p>\n<p>Lahden Pelicansista Jyv\u00e4skyl\u00e4\u00e4n siirtynyt Tukiainen on aloittanut hurrikaanipaidassa s\u00e4ken\u00f6iv\u00e4sti. Oikealta laukova hy\u00f6kk\u00e4\u00e4j\u00e4 on m\u00e4tt\u00e4nyt kahdeksaan otteluun 11 (8+3) tehopistett\u00e4 ja johtaa Liigan maalip\u00f6rssi\u00e4.<\/p>\n<p>Tukiaisen lis\u00e4ksi ehdokkaina ovat pistep\u00f6rssi\u00e4 johtava Tapparan hy\u00f6kk\u00e4\u00e4j\u00e4 <strong>Joachim Blichfeld<\/strong> (7+6) ja huikean alkukauden pelannut \u00c4ssien peruspakki <strong>Rami M\u00e4\u00e4tt\u00e4<\/strong> (2+4). Ehdokkaat julkistettiin keskiviikkona ja voittaja ratkaistaan \u00e4\u00e4nestyksell\u00e4, joka on avoinna Liigan mobiilisovelluksessa 48 tunnin ajan.<\/p>\n<p>Edellisen kerran kuukauden pelaaja -palkinto on matkannut Jyv\u00e4skyl\u00e4\u00e4n syyskuussa 2023, jolloin <strong>Jerry Turkulainen<\/strong> ansaitsi kunnianosoituksen.<\/p>\n<p>Nykyisist\u00e4 JYPin pelaajista palkinnon on voittanut <strong>Sami Vatanen<\/strong> (marraskuu 2010), <strong>Juuso Puustinen<\/strong> (syyskuu 2017) ja <strong>Oskari Salminen<\/strong> (Jukureissa joulukuu 2021).<\/p>\n<p>Sarjassa toisena keikkuvan JYPin liigakausi jatkuu perjantaina Hippoksella Helsingin IFK:ta vastaan.<\/p>\n","protected":false},"excerpt":{"rendered":"JYPin hy\u00f6kk\u00e4\u00e4j\u00e4 Leevi Tukiainen, 25, on ehdolla j\u00e4\u00e4kiekkoliigan kuukauden pelaajaksi. Lahden Pelicansista Jyv\u00e4skyl\u00e4\u00e4n siirtynyt Tukiainen on aloittanut hurrikaanipaidassa&hellip;\n","protected":false},"author":2,"featured_media":50575,"comment_status":"","ping_status":"","sticky":false,"template":"","format":"standard","meta":{"footnotes":""},"categories":[158],"tags":[33,31,30,104,1143,4820,3822,425,1146,159,4686,32,160],"class_list":{"0":"post-50574","1":"post","2":"type-post","3":"status-publish","4":"format-standard","5":"has-post-thumbnail","7":"category-urheilu","8":"tag-fi","9":"tag-finland","10":"tag-finnish","11":"tag-helsinki","12":"tag-jaakiekko","13":"tag-jaakiekon-sm-liiga","14":"tag-jyp","15":"tag-jyvaskyla","16":"tag-miesten-jaakiekko","17":"tag-sports","18":"tag-suomen-jaakiekko","19":"tag-suomi","20":"tag-urheilu"},"share_on_mastodon":{"url":"","error":""},"_links":{"self":[{"href":"https:\/\/www.europesays.com\/fi\/wp-json\/wp\/v2\/posts\/50574","targetHints":{"allow":["GET"]}}],"collection":[{"href":"https:\/\/www.europesays.com\/fi\/wp-json\/wp\/v2\/posts"}],"about":[{"href":"https:\/\/www.europesays.com\/fi\/wp-json\/wp\/v2\/types\/post"}],"author":[{"embeddable":true,"href":"https:\/\/www.europesays.com\/fi\/wp-json\/wp\/v2\/users\/2"}],"replies":[{"embeddable":true,"href":"https:\/\/www.europesays.com\/fi\/wp-json\/wp\/v2\/comments?post=50574"}],"version-history":[{"count":0,"href":"https:\/\/www.europesays.com\/fi\/wp-json\/wp\/v2\/posts\/50574\/revisions"}],"wp:featuredmedia":[{"embeddable":true,"href":"https:\/\/www.europesays.com\/fi\/wp-json\/wp\/v2\/media\/50575"}],"wp:attachment":[{"href":"https:\/\/www.europesays.com\/fi\/wp-json\/wp\/v2\/media?parent=50574"}],"wp:term":[{"taxonomy":"category","embeddable":true,"href":"https:\/\/www.europesays.com\/fi\/wp-json\/wp\/v2\/categories?post=50574"},{"taxonomy":"post_tag","embeddable":true,"href":"https:\/\/www.europesays.com\/fi\/wp-json\/wp\/v2\/tags?post=50574"}],"curies":[{"name":"wp","href":"https:\/\/api.w.org\/{rel}","templated":true}]}}