{"id":50576,"date":"2025-10-01T13:51:08","date_gmt":"2025-10-01T13:51:08","guid":{"rendered":"https:\/\/www.europesays.com\/fi\/50576\/"},"modified":"2025-10-01T13:51:08","modified_gmt":"2025-10-01T13:51:08","slug":"oho-meiju-suvas-ja-miesjulkkis-hammastyivat-lidlissa-kuva","status":"publish","type":"post","link":"https:\/\/www.europesays.com\/fi\/50576\/","title":{"rendered":"Oho! Meiju Suvas ja miesjulkkis h\u00e4mm\u00e4styiv\u00e4t Lidliss\u00e4 \u2013 kuva!"},"content":{"rendered":"<p>            ATTE KAJOVA\n        <\/p>\n<p class=\"subtitle \">Meiju Suvas t\u00f6rm\u00e4si yll\u00e4tt\u00e4v\u00e4\u00e4n kaveriin ruokakaupassa.<\/p>\n<p class=\"article-content article-content-width !bg-background\">Suomen kokoisessa maassa voi hyvin t\u00f6rm\u00e4t\u00e4 tuttuihin mit\u00e4 yll\u00e4tt\u00e4vimmiss\u00e4 paikoissa.<\/p>\n<p class=\"font-weight-bold m-font-weight-bold article-content article-content-width !bg-background\">Arkistovideo: Meiju ja missi-Adele hyv\u00e4ntekev\u00e4isyystouhuissa<\/p>\n<p class=\"article-content article-content-width !bg-background\">Iskelm\u00e4t\u00e4hti\u00a0ja muusikko\u00a0jakoivat Instagramissa yll\u00e4tt\u00e4v\u00e4n yhteiskuvan, jonka taustalla oli juuri t\u00e4llainen pienen maan mahdollistama yhteent\u00f6rm\u00e4ys.<\/p>\n<p class=\"article-content article-content-width !bg-background\">Stigin jakamassa kuvassa kaksikko poseeraa kylm\u00e4hyllyjen edess\u00e4 hymyillen, joskin Meiju on tosit\u00e4htien tapaan p\u00e4\u00e4tt\u00e4nyt poseerata peilaavat aurinkolasit p\u00e4\u00e4ss\u00e4\u00e4n.<\/p>\n<p>        <a itemprop=\"url\" href=\"https:\/\/www.seiska.fi\/kotimaa\/meiju-suvaksen-jarkyttavasta-tilanteesta-uutta-tietoa\/1635445\" rel=\"nofollow noopener\" target=\"_blank\"><\/p>\n<p>\nMeiju Suvas\n<\/p>\n<p class=\"section-date\">\n        <strong class=\"article-section\" data-section=\"kotimaa\"><br \/>\n            kotimaa<br \/>\n        <\/strong><br \/>\n        7.3. 12:38\n    <\/p>\n<p>Meiju Suvaksen j\u00e4rkytt\u00e4v\u00e4st\u00e4 tilanteesta uutta tietoa\n    <\/p>\n<p itemprop=\"description\" class=\"subtitle \">\n    Karanneen koiran omistaja otti yhteytt\u00e4 Meijun perheeseen.\n<\/p>\n<p>        <\/a><\/p>\n<p>Makkarahylly taustalla<\/p>\n<p class=\"article-content article-content-width !bg-background\">T\u00e4hdet ovat selv\u00e4sti hintatietoisia, sill\u00e4 <a href=\"https:\/\/www.sttinfo.fi\/tiedote\/70822718\/kauppaketjut-laskivat-hintojaan-lidlin-ostoskori-edelleen-jopa-24-percent-halvempi?publisherId=69820360&amp;lang=fi\" target=\"_blank\" rel=\"nofollow noopener\">STT:n<\/a> tammikuussa kirjoittaman artikkelin mukaan Lidliss\u00e4 saa ruokakorinsa t\u00e4yteen 24 prosenttia muita ketjuja halvemmalla.<\/p>\n<p class=\"article-content article-content-width !bg-background\">\u2013\u00a0Ei sit\u00e4 joka p\u00e4iv\u00e4 t\u00f6rm\u00e4\u00e4 l\u00e4hikaupassa Meijuun,\u00a0Stig kertoo julkaisunsa yhteydess\u00e4.<\/p>\n<p class=\"article-content article-content-width !bg-background\">Iloisen ja yll\u00e4tt\u00e4v\u00e4n tapaamisen ohessa tarjoushaukat ovat my\u00f6s saaneet vertailla ostoksiaan, joista Stig kertoo vakuuttavasti julkaisustaan.<\/p>\n<p class=\"article-content article-content-width !bg-background\">\u2013\u00a0P.s. Makkaraosasto tuli mukaan kuvaan, mut molemmilla oli oikeasti tosi terveellist\u00e4 purtavaa k\u00e4rryss\u00e4!\u00a0muusikko toteaa.<\/p>\n<p>        <a itemprop=\"url\" href=\"https:\/\/www.seiska.fi\/kotimaa\/meiju-suvas-avautuu-parisuhteestaan-intohimovaihe-on-ohi\/1515447\" rel=\"nofollow noopener\" target=\"_blank\"><\/p>\n<p class=\"section-date\">\n        <strong class=\"article-section\" data-section=\"kotimaa\"><br \/>\n            kotimaa<br \/>\n        <\/strong><br \/>\n        12.11.2024 06:30\n    <\/p>\n<p>Meiju Suvas avautuu parisuhteestaan: \u201dIntohimovaihe on ohi\u201d\n    <\/p>\n<p itemprop=\"description\" class=\"subtitle \">\n    Laulaja on huomannut avioliitossaan muutoksen.\n<\/p>\n<p>        <\/a><\/p>\n<p>Iloinen kohtaaminen<\/p>\n<p class=\"article-content article-content-width !bg-background\">Meiju jakoi hieman my\u00f6hemmin Stigin jakaman julkaisun my\u00f6s omiin <a href=\"https:\/\/www.instagram.com\/stories\/meijusuvasvirallinen\/3733340942808777125\/?hl=fi\" target=\"_blank\" rel=\"nofollow noopener\">Instagram-tarinoihinsa<\/a>.<\/p>\n<p class=\"article-content article-content-width !bg-background\">Sen per\u00e4\u00e4n h\u00e4n lis\u00e4si omalla puhelimellaan nappaamansa yhteiskuvan, jonka taustalla n\u00e4kyy leikkeleit\u00e4 ja muuta kylm\u00e4ss\u00e4 s\u00e4ilytett\u00e4v\u00e4\u00e4. Kuvassa Meijulla on yh\u00e4 aurinkolasit silmill\u00e4\u00e4n ja h\u00e4n n\u00e4ytt\u00e4\u00e4 rauhan- tai voitonmerkki\u00e4 kameralle.<\/p>\n<p class=\"article-content article-content-width !bg-background\">\u2013\u00a0Olipa kiva t\u00f6rm\u00e4t\u00e4 ruokakaupassa yll\u00e4tt\u00e4en Stigiin,\u00a0Meiju kirjoittaa tarinansa yhteydess\u00e4.<\/p>\n<p class=\"article-content article-content-width !bg-background\">Meijun ja Stigin yst\u00e4vyys on kest\u00e4nyt jo varsin pitk\u00e4\u00e4n, sill\u00e4 he esiintyiv\u00e4t yhdess\u00e4 esimerkiksi Teflon Brothersin biisill\u00e4\u00a0Seksikk\u00e4in j\u00e4b\u00e4\u00a0jo vuonna 2012. Tuolloin heid\u00e4t n\u00e4htiin my\u00f6s kappaleen <a href=\"https:\/\/www.youtube.com\/watch?v=q57W-NO3RPo\" target=\"_blank\" rel=\"nofollow noopener\">musiikkivideolla<\/a> skumpittelemassa porealtaassa.<\/p>\n<p>        <a itemprop=\"url\" href=\"https:\/\/www.seiska.fi\/vain-seiskassa\/stig-bongattiin-aamuyon-tunteina-kuva\/1838652\" rel=\"nofollow noopener\" target=\"_blank\"><\/p>\n<p>\nSalakuva!\n<\/p>\n<p class=\"section-date\">\n        <strong class=\"article-section\" data-section=\"vain seiskassa\"><br \/>\n            vain seiskassa<br \/>\n        <\/strong><br \/>\n        22.6. 06:30\n    <\/p>\n<p>Stig bongattiin aamuy\u00f6n tunteina \u2013 kuva!\n    <\/p>\n<p itemprop=\"description\" class=\"subtitle \">\n    Artisti Stig vietti aamuy\u00f6n pikkutunneilla aikaa muiden risteilij\u00f6iden kanssa.\n<\/p>\n<p>        <\/a><\/p>\n<p>                <img decoding=\"async\" src=\"https:\/\/www.europesays.com\/fi\/wp-content\/uploads\/2025\/10\/1947504.webp\" width=\"576\" height=\"720\" alt=\"Meiju piti Lidliss\u00e4kin kiinni aurinkolasityylist\u00e4\u00e4n.\" loading=\"lazy\" \/>            <\/p>\n<p>\n            Meiju piti Lidliss\u00e4kin kiinni aurinkolasityylist\u00e4\u00e4n.<br \/>\n            ATTE KAJOVA\n        <\/p>\n<p>Halpis kelpaa<\/p>\n<p class=\"article-content article-content-width !bg-background\">Vaikka Lidl on ansainnut paikkansa edullisten tuotteiden kauppana, kelpaa sen tarjonta todistetusti monille t\u00e4hdille.<\/p>\n<p class=\"article-content article-content-width !bg-background\">Helmikuussa jopa varsin luksuksent\u00e4yteist\u00e4 imagoa yll\u00e4pit\u00e4v\u00e4\u00a0bongattiin poistumassa Lidlist\u00e4 t\u00e4ydet kauppakassit mukanaan.<\/p>\n<p class=\"article-content article-content-width !bg-background\">Lidl on kelvannut vuosien saatossa my\u00f6s esimerkiksi, joka palautti kauppaan kymmenen euron edest\u00e4 pulloja.<\/p>\n<p>        <a itemprop=\"url\" href=\"https:\/\/www.seiska.fi\/vain-seiskassa\/kuva-timo-soini-palautti-pulloja-lidlissa-hyvan-mielen-reissu\/1183591\" rel=\"nofollow noopener\" target=\"_blank\"><\/p>\n<p>\nVain Seiskassa!\n<\/p>\n<p class=\"section-date\">\n        <strong class=\"article-section\" data-section=\"vain seiskassa\"><br \/>\n            vain seiskassa<br \/>\n        <\/strong><br \/>\n        7.11.2023 12:04\n    <\/p>\n<p>Kuva! Timo Soini palautti pulloja Lidliss\u00e4: &#8221;Hyv\u00e4n mielen reissu&#8221;\n    <\/p>\n<p itemprop=\"description\" class=\"subtitle \">\n    Seiskan tavoittama Timo kertoo, ett\u00e4 panttipulloista saadut rahat meniv\u00e4t hyv\u00e4\u00e4n tarkoitukseen.\n<\/p>\n<p>        <\/a><\/p>\n<p>                <img decoding=\"async\" src=\"https:\/\/www.europesays.com\/fi\/wp-content\/uploads\/2025\/10\/1947459.webp\" width=\"576\" height=\"322\" alt=\"Metti raahasi ostoksensa omin avuin \u00f6kyautoonsa. Kuva on helmikuulta 2025.\" loading=\"lazy\" \/>            <\/p>\n<p>\n            Metti raahasi ostoksensa omin avuin \u00f6kyautoonsa. Kuva on helmikuulta 2025.<br \/>\n            JUHAMATTI NIEMINEN\n        <\/p>\n<p><script async src=\"\/\/www.instagram.com\/embed.js\"><\/script><\/p>\n","protected":false},"excerpt":{"rendered":"ATTE KAJOVA Meiju Suvas t\u00f6rm\u00e4si yll\u00e4tt\u00e4v\u00e4\u00e4n kaveriin ruokakaupassa. Suomen kokoisessa maassa voi hyvin t\u00f6rm\u00e4t\u00e4 tuttuihin mit\u00e4 yll\u00e4tt\u00e4vimmiss\u00e4 paikoissa.&hellip;\n","protected":false},"author":2,"featured_media":50577,"comment_status":"","ping_status":"","sticky":false,"template":"","format":"standard","meta":{"footnotes":""},"categories":[130],"tags":[137,33,31,30,3238,7523,12364,12548,32,109],"class_list":{"0":"post-50576","1":"post","2":"type-post","3":"status-publish","4":"format-standard","5":"has-post-thumbnail","7":"category-viihde","8":"tag-entertainment","9":"tag-fi","10":"tag-finland","11":"tag-finnish","12":"tag-lidl","13":"tag-meiju-suvas","14":"tag-ruokakauppa","15":"tag-stig","16":"tag-suomi","17":"tag-viihde"},"share_on_mastodon":{"url":"","error":""},"_links":{"self":[{"href":"https:\/\/www.europesays.com\/fi\/wp-json\/wp\/v2\/posts\/50576","targetHints":{"allow":["GET"]}}],"collection":[{"href":"https:\/\/www.europesays.com\/fi\/wp-json\/wp\/v2\/posts"}],"about":[{"href":"https:\/\/www.europesays.com\/fi\/wp-json\/wp\/v2\/types\/post"}],"author":[{"embeddable":true,"href":"https:\/\/www.europesays.com\/fi\/wp-json\/wp\/v2\/users\/2"}],"replies":[{"embeddable":true,"href":"https:\/\/www.europesays.com\/fi\/wp-json\/wp\/v2\/comments?post=50576"}],"version-history":[{"count":0,"href":"https:\/\/www.europesays.com\/fi\/wp-json\/wp\/v2\/posts\/50576\/revisions"}],"wp:featuredmedia":[{"embeddable":true,"href":"https:\/\/www.europesays.com\/fi\/wp-json\/wp\/v2\/media\/50577"}],"wp:attachment":[{"href":"https:\/\/www.europesays.com\/fi\/wp-json\/wp\/v2\/media?parent=50576"}],"wp:term":[{"taxonomy":"category","embeddable":true,"href":"https:\/\/www.europesays.com\/fi\/wp-json\/wp\/v2\/categories?post=50576"},{"taxonomy":"post_tag","embeddable":true,"href":"https:\/\/www.europesays.com\/fi\/wp-json\/wp\/v2\/tags?post=50576"}],"curies":[{"name":"wp","href":"https:\/\/api.w.org\/{rel}","templated":true}]}}